{"id":35321,"date":"2006-12-22T10:59:08","date_gmt":"2006-12-22T10:59:08","guid":{"rendered":"http:\/\/localhost\/wordpress\/?p=35321"},"modified":"2008-10-03T18:55:45","modified_gmt":"2008-10-03T16:55:45","slug":"aux-urnes-citoyennes","status":"publish","type":"post","link":"https:\/\/www.monblogdefille.com\/blog\/aux-urnes-citoyennes\/","title":{"rendered":"Aux urnes citoyennes !"},"content":{"rendered":"<p class=\"MsoNormal\"><span style=\"font-size: 10pt; font-family: Arial\"><img decoding=\"async\" src=\"wp-content\/themes\/default\/images\/vote_femmes.jpg\" align=\"left\" hspace=\"5\" \/>Enfin dans un premier temps, \u00e0 la mairie ! Allez hop, s\u2019il en reste une seule pas inscrite sur les listes \u00e9lectorales \u00e0 la fin de la semaine prochaine, \u00e7a va chauffer.<br \/>\nPourquoi ?<br \/>\nParce que les femmes ont le droit de vote en France depuis 1945 seulement.<br \/>\nParce que les droits des femmes ne sont jamais compl\u00e8tement acquis, pas plus en France qu\u2019ailleurs, et que n\u00e9gliger le fait d\u2019\u00eatre trait\u00e9 comme les autres humains, peut vous exposer \u00e0 ne plus l\u2019\u00eatre.<br \/>\nParce que les femmes sont l\u2019avenir du monde, je suis loin d\u2019\u00eatre la premi\u00e8re \u00e0 le dire, et que l\u2019avenir \u00e7a se fabrique aussi en choisissant ses dirigeants (ou en \u00e9cartant ceux dont on ne veut vraiment pas, au moins).<br \/>\nParce que la d\u00e9mocratie ne s\u2019use que si on ne s\u2019en sert pas.<br \/>\nDonc hop, \u00e7a prend trois minutes \u00e0 la mairie (oui bon 1h30 \u00e0 la mienne, mais je voudrais pas vous d\u00e9courager), il ne faut qu\u2019une pi\u00e8ce d\u2019identit\u00e9 et un justif de domicile (quittance de loyer, facture EDF ou t\u00e9l\u00e9phone fixe), et vous avez jusqu\u2019au 31 d\u00e9cembre sinon les pr\u00e9sidentielles vous passeront sous le nez comme la derni\u00e8re fois (elles sont pass\u00e9es sous le mien en tout cas, et \u00e7a ne se produira pas deux fois).<\/span><\/p>\n<p class=\"MsoNormal\"><strong>Edit<\/strong> : Attention, attention ! Feeviviane nous signale qu&rsquo;\u00e0 la Mairie du 5\u00e8me \u00e0 Paris, il faut DEUX justifs de domicile et non un, ne vous faites pas avoir !<br \/>\n<span style=\"font-size: 10pt; font-family: Arial\"><o><\/o><\/span><\/p>\n","protected":false},"excerpt":{"rendered":"<p>Enfin dans un premier temps, \u00e0 la mairie ! Allez hop, s\u2019il en reste une seule pas inscrite sur les listes \u00e9lectorales \u00e0 la fin de la semaine prochaine, \u00e7a va chauffer. Pourquoi ? Parce&#8230;<br \/> <a class=\"read-more\" href=\"https:\/\/www.monblogdefille.com\/blog\/aux-urnes-citoyennes\/\">Lire la suite \u00bb<\/a><\/p>\n","protected":false},"author":3,"featured_media":0,"comment_status":"open","ping_status":"open","sticky":false,"template":"","format":"standard","meta":{"footnotes":""},"categories":[1488],"tags":[],"class_list":["post-35321","post","type-post","status-publish","format-standard","hentry","category-femmes-du-monde"],"_links":{"self":[{"href":"https:\/\/www.monblogdefille.com\/blog\/wp-json\/wp\/v2\/posts\/35321","targetHints":{"allow":["GET"]}}],"collection":[{"href":"https:\/\/www.monblogdefille.com\/blog\/wp-json\/wp\/v2\/posts"}],"about":[{"href":"https:\/\/www.monblogdefille.com\/blog\/wp-json\/wp\/v2\/types\/post"}],"author":[{"embeddable":true,"href":"https:\/\/www.monblogdefille.com\/blog\/wp-json\/wp\/v2\/users\/3"}],"replies":[{"embeddable":true,"href":"https:\/\/www.monblogdefille.com\/blog\/wp-json\/wp\/v2\/comments?post=35321"}],"version-history":[{"count":0,"href":"https:\/\/www.monblogdefille.com\/blog\/wp-json\/wp\/v2\/posts\/35321\/revisions"}],"wp:attachment":[{"href":"https:\/\/www.monblogdefille.com\/blog\/wp-json\/wp\/v2\/media?parent=35321"}],"wp:term":[{"taxonomy":"category","embeddable":true,"href":"https:\/\/www.monblogdefille.com\/blog\/wp-json\/wp\/v2\/categories?post=35321"},{"taxonomy":"post_tag","embeddable":true,"href":"https:\/\/www.monblogdefille.com\/blog\/wp-json\/wp\/v2\/tags?post=35321"}],"curies":[{"name":"wp","href":"https:\/\/api.w.org\/{rel}","templated":true}]}}