{"id":32670,"date":"2006-12-14T09:29:51","date_gmt":"2006-12-14T09:29:51","guid":{"rendered":"http:\/\/localhost\/wordpress\/?p=32670"},"modified":"2008-03-25T18:17:22","modified_gmt":"2008-03-25T17:17:22","slug":"1er-festival-international-de-la-creation-sur-internet-a-romans","status":"publish","type":"post","link":"https:\/\/www.monblogdefille.com\/blog\/1er-festival-international-de-la-creation-sur-internet-a-romans\/","title":{"rendered":"1er Festival International de la cr\u00e9ation sur Internet \u00e0 Romans"},"content":{"rendered":"<p class=\"MsoNormal\" style=\"text-align: justify\"><span style=\"font-size: 10pt; font-family: Arial\"><img decoding=\"async\" src=\"wp-content\/themes\/default\/images\/romans.jpg\" align=\"left\" hspace=\"5\" \/>Aha, vous n\u2019y \u00eates pas du tout, il ne s\u2019agit pas du Festival de la chaussure ou de la raviole, mais \u00e7a se tient dans la ville qui fabrique ces merveilles, \u00e7a ne peut donc \u00eatre que du bon.<o :p><\/o><br \/>\nVoici la chose (je vous mets le texte du communiqu\u00e9 de presse, y\u2019a pas de raison de refaire un truc bien fait), je trouve \u00e7a hyper int\u00e9ressant et j\u2019adh\u00e8re \u00e0 fond (m\u00eame si je m\u2019inscrirai pas parce que mon blog n\u2019est pas concern\u00e9 par le sujet).<br \/>\nLisez tout, \u00e7a a l\u2019air long et un peu r\u00e9barbatif comme \u00e7a, mais en fait pas du tout.<o :p><\/o><\/span>\n<\/p>\n<p class=\"MsoNormal\" style=\"text-align: justify\"><span style=\"font-size: 10pt; font-family: Arial\"><o :p><\/o>\u00ab Le 1<sup>er<\/sup> Festival International de la cr\u00e9ation sur Internet qui se d\u00e9roulera \u00e0 Romans en f\u00e9vrier 2007 rencontre un succ\u00e8s ph\u00e9nom\u00e9nal.<o :p><\/o><\/span><\/p>\n<p class=\"MsoNormal\" style=\"text-align: justify\"><span style=\"font-size: 10pt; font-family: Arial\">Le Festival de Romans, organis\u00e9 par la soci\u00e9t\u00e9 RUMEUR PUBLIQUE, la soci\u00e9t\u00e9 Pointblog, et en collaboration avec la ville de Romans est le premier \u00e9v\u00e9nement au monde d\u00e9di\u00e9 \u00e0 l\u2019expression et la cr\u00e9ativit\u00e9 des individus sur Internet. Dans le but de d\u00e9montrer que le web est aujourd\u2019hui \u00e0 m\u00eame de faire \u00e9merger une nouvelle g\u00e9n\u00e9ration d\u2019artistes, cet \u00e9v\u00e9nement unique c\u00e9l\u00e8brera le meilleur de l\u2019Internet sous l\u2019angle des usages et non pas sous l\u2019angle des technologies. Il se d\u00e9roulera \u00e0 Romans sur Is\u00e8re (Dr\u00f4me), les 1<sup>er<\/sup>, 2 et 3 f\u00e9vrier 2006.<o :p><\/o><\/span><\/p>\n<p class=\"MsoNormal\" style=\"text-align: justify\"><span style=\"font-size: 10pt; font-family: Arial\">Ouvert depuis le 6 novembre 2006, les inscriptions sur le site Internet du festival de Romans <a href=\"http:\/\/www.festivalderomans.com\/\" target=\"_blank\" rel=\"noopener\">http:\/\/www.festivalderomans.com<\/a> ne cessent d\u2019augmenter. A ce jour, plus de 517 cr\u00e9ateurs se sont enregistr\u00e9s sur le site ! Un nombre incroyable d\u2019individus de talent qui cr\u00e9ent et partagent librement leurs cr\u00e9ations avec les autres internautes.<o :p><\/o><\/span><\/p>\n<p class=\"MsoNormal\" style=\"text-align: justify\"><span style=\"font-size: 10pt; font-family: Arial\">Parmi les 9 cat\u00e9gories repr\u00e9sent\u00e9es, la musique, la litt\u00e9rature et la BD sont, pour l\u2019instant, celles qui rencontrent le plus grand nombre d\u2019inscriptions avec respectivement plus de 100 inscrits.<o :p><\/o><\/span><\/p>\n<p class=\"MsoNormal\" style=\"text-align: justify\"><span style=\"font-size: 10pt; font-family: Arial\">En quelques semaines \u00e0 peine, le Festival aura attir\u00e9 un nombre impressionnant de talents qui ont tous d\u00e9cid\u00e9 de concourir pour le grand prix dans leur cat\u00e9gorie. (Liste des participants inscrits consultable sur : <a href=\"http:\/\/www.festivalderomans.com\/participants.php\" target=\"_blank\" rel=\"noopener\">http:\/\/www.festivalderomans.com\/participants.php<\/a>).<o :p><\/o><\/span><\/p>\n<p class=\"MsoNormal\" style=\"text-align: justify\"><span style=\"font-size: 10pt; font-family: Arial\">Le succ\u00e8s rencontr\u00e9 lors de cette premi\u00e8re phase confirme la pertinence du positionnement du festival. La vari\u00e9t\u00e9 et la vitalit\u00e9 cr\u00e9ative des premiers inscrits prouvent qu\u2019il se passe quelque chose d\u2019unique sur Internet aujourd\u2019hui.<o :p><\/o><br \/>\nRappelons que <strong>les inscriptions au concours sont ouvertes jusqu\u2019au 31 d\u00e9cembre minuit<\/strong>, laissant ensuite la place aux votes des internautes, du 1er au 20 janvier inclus.<o :p><\/o><\/span>\n<\/p>\n<p class=\"MsoNormal\" style=\"text-align: justify\"><span style=\"font-size: 10pt; font-family: Arial\">Des partenaires prestigieux se sont associ\u00e9s au festival et contribuent en partie aux tr\u00e8s nombreuses inscriptions enregistr\u00e9es quotidiennement. Parmi les principaux, on peut citer : MySpace, 20minutes.fr, Psychologies.com, toc-mag.com, l\u2019Etudiant.fr, TV5 Monde, Radio Nova, G\u00e9n\u00e9ration FM, Newzy,\u2026<o :p><\/o><\/span><\/p>\n<p class=\"MsoNormal\" style=\"text-align: justify\"><span style=\"font-size: 10pt; font-family: Arial\">Les organisateurs ont \u00e9galement re\u00e7u le soutien de Reporters Sans Fronti\u00e8res qui animera une table ronde sur la libert\u00e9 d\u2019expression et la censure du web. La D\u00e9l\u00e9gation aux Usages de l\u2019Internet du Minist\u00e8re de l\u2019Education Nationale sera \u00e9galement partenaire. Le soutien d\u2019un autre grand minist\u00e8re devrait \u00eatre annonc\u00e9 dans les prochains jours.<o :p><\/o><\/span><\/p>\n<p class=\"MsoNormal\" style=\"text-align: justify\"><span style=\"font-size: 10pt; font-family: Arial\">Enfin, au niveau local, le D\u00e9partement de la Dr\u00f4me ainsi que la R\u00e9gion Rhones-Alpes nous ont apport\u00e9 leur soutien. Une \u00e9dition sp\u00e9ciale du journal le Dauphin\u00e9 Lib\u00e9r\u00e9 sera \u00e9dit\u00e9e pour l\u2019occasion avec plusieurs pages enti\u00e8rement \u00e9crites par des blogueurs r\u00e9gionaux.<o :p><\/o><\/span><\/p>\n<p class=\"MsoNormal\" style=\"text-align: justify\"><span style=\"font-size: 10pt; font-family: Arial\">Les principaux leaders politiques engag\u00e9s dans la course \u00e0 l\u2019\u00e9lection pr\u00e9sidentielle ont \u00e9t\u00e9 invit\u00e9s \u00e0 venir s\u2019exprimer \u00e0 Romans et \u00e0 pr\u00e9senter leur vision de l\u2019Internet citoyen et artistique. A ce jour, nous avons re\u00e7u un accord de principe des principaux partis parlementaires.<o :p><\/o><\/span><\/p>\n<p class=\"MsoNormal\" style=\"text-align: justify\"><span style=\"font-size: 10pt; font-family: Arial\">\u00ab <em>La puissance des partenaires alli\u00e9e \u00e0 l\u2019incroyable adh\u00e9sion du public va faire du Festival de Romans un \u00e9v\u00e9nement historique dans la r\u00e9volution Internet<\/em> \u00bb, a d\u00e9clar\u00e9 Christophe Ginisty. \u00ab <em>Il est grand temps que l\u2019on s\u2019int\u00e9resse au web, non pas au travers des offres technologiques sp\u00e9culatives qui fleurissent un peu partout et risquent de provoquer une nouvelle bulle, mais au travers des individus qui d\u00e9veloppent des usages cr\u00e9atifs formidables au quotidien. La vraie force de l\u2019Internet r\u00e9side dans son appropriation<\/em> \u00bb.<o :p><\/o><\/span><\/p>\n<p class=\"MsoNormal\" style=\"text-align: justify\"><span style=\"font-size: 10pt; font-family: Arial\">Il n\u2019existe pas de festival comparable dans le monde occidental. L\u2019objectif du Festival de Romans est de devenir un rendez-vous annuel r\u00e9current et de contribuer \u00e0 faire \u00e9clore un nombre important de talents artistiques, d\u00e9montrant ainsi que le web est devenu le premier canal de diffusion de la cr\u00e9ation.<o :p><\/o><\/span><\/p>\n<p class=\"MsoNormal\" style=\"text-align: justify\"><span style=\"font-size: 10pt; font-family: Arial\">Quelques chiffres cl\u00e9s :<br \/>\n&#8211; Plus de <span>50 millions de blogs<\/span> dans le monde sur lesquels les individus du monde entier prennent la parole et s\u2019expriment au gr\u00e9 de leurs envies<br \/>\n&#8211; 50% des foyers fran\u00e7ais<\/span><span style=\"font-size: 10pt; font-family: Arial\"> sont connect\u00e9s \u00e0 l\u2019Internet<br \/>\n&#8211; 6 millions<\/span><span style=\"font-size: 10pt; font-family: Arial\"> de blogs en France (source: M\u00e9diam\u00e9trie)<br \/>\n&#8211; 7 millions d\u2019internautes<\/span><span style=\"font-size: 10pt; font-family: Arial\"> consultent des blogs r\u00e9guli\u00e8rement (sources: IPSOS et M\u00e9diam\u00e9trie), soit plus que le total d\u2019audience de tous les quotidiens nationaux. \u00bb<\/span><\/p>\n","protected":false},"excerpt":{"rendered":"<p>Aha, vous n\u2019y \u00eates pas du tout, il ne s\u2019agit pas du Festival de la chaussure ou de la raviole, mais \u00e7a se tient dans la ville qui fabrique ces merveilles, \u00e7a ne peut donc&#8230;<br \/> <a class=\"read-more\" href=\"https:\/\/www.monblogdefille.com\/blog\/1er-festival-international-de-la-creation-sur-internet-a-romans\/\">Lire la suite \u00bb<\/a><\/p>\n","protected":false},"author":3,"featured_media":0,"comment_status":"open","ping_status":"open","sticky":false,"template":"","format":"standard","meta":{"footnotes":""},"categories":[1495],"tags":[],"class_list":["post-32670","post","type-post","status-publish","format-standard","hentry","category-informatique-et-blogosphere"],"_links":{"self":[{"href":"https:\/\/www.monblogdefille.com\/blog\/wp-json\/wp\/v2\/posts\/32670","targetHints":{"allow":["GET"]}}],"collection":[{"href":"https:\/\/www.monblogdefille.com\/blog\/wp-json\/wp\/v2\/posts"}],"about":[{"href":"https:\/\/www.monblogdefille.com\/blog\/wp-json\/wp\/v2\/types\/post"}],"author":[{"embeddable":true,"href":"https:\/\/www.monblogdefille.com\/blog\/wp-json\/wp\/v2\/users\/3"}],"replies":[{"embeddable":true,"href":"https:\/\/www.monblogdefille.com\/blog\/wp-json\/wp\/v2\/comments?post=32670"}],"version-history":[{"count":0,"href":"https:\/\/www.monblogdefille.com\/blog\/wp-json\/wp\/v2\/posts\/32670\/revisions"}],"wp:attachment":[{"href":"https:\/\/www.monblogdefille.com\/blog\/wp-json\/wp\/v2\/media?parent=32670"}],"wp:term":[{"taxonomy":"category","embeddable":true,"href":"https:\/\/www.monblogdefille.com\/blog\/wp-json\/wp\/v2\/categories?post=32670"},{"taxonomy":"post_tag","embeddable":true,"href":"https:\/\/www.monblogdefille.com\/blog\/wp-json\/wp\/v2\/tags?post=32670"}],"curies":[{"name":"wp","href":"https:\/\/api.w.org\/{rel}","templated":true}]}}