{"id":165379,"date":"2020-06-24T09:00:31","date_gmt":"2020-06-24T07:00:31","guid":{"rendered":"https:\/\/www.monblogdefille.com\/blog\/?p=165379"},"modified":"2020-07-05T11:30:15","modified_gmt":"2020-07-05T09:30:15","slug":"cerave-le-baume-imperceptible-des-peaux-seches","status":"publish","type":"post","link":"https:\/\/www.monblogdefille.com\/blog\/cerave-le-baume-imperceptible-des-peaux-seches\/","title":{"rendered":"CeraVe, le baume imperceptible des peaux s\u00e8ches"},"content":{"rendered":"<p><img loading=\"lazy\" decoding=\"async\" class=\"aligncenter size-full wp-image-165380\" src=\"https:\/\/www.monblogdefille.com\/blog\/wp-content\/uploads\/2020\/06\/baume-cerave.jpg\" alt=\"\" width=\"2000\" height=\"2373\" srcset=\"https:\/\/www.monblogdefille.com\/blog\/wp-content\/uploads\/2020\/06\/baume-cerave.jpg 2000w, https:\/\/www.monblogdefille.com\/blog\/wp-content\/uploads\/2020\/06\/baume-cerave-253x300.jpg 253w, https:\/\/www.monblogdefille.com\/blog\/wp-content\/uploads\/2020\/06\/baume-cerave-863x1024.jpg 863w, https:\/\/www.monblogdefille.com\/blog\/wp-content\/uploads\/2020\/06\/baume-cerave-1295x1536.jpg 1295w, https:\/\/www.monblogdefille.com\/blog\/wp-content\/uploads\/2020\/06\/baume-cerave-1726x2048.jpg 1726w, https:\/\/www.monblogdefille.com\/blog\/wp-content\/uploads\/2020\/06\/baume-cerave-1010x1198.jpg 1010w\" sizes=\"auto, (max-width: 2000px) 100vw, 2000px\" \/><\/p>\n<p style=\"text-align: center;\"><em>Partenariat r\u00e9mun\u00e9r\u00e9 avec CeraVe<\/em><\/p>\n<p>Ca fait d\u00e9j\u00e0 2 ans que j\u2019ai d\u00e9couvert le <a href=\"https:\/\/www.easyparapharmacie.com\/les-marques-de-parapharmacie\/cerave\/produits.html#utm_source=Cerave&amp;utm_medium=Code_helene&amp;utm_campaign=Promo_cerave\" target=\"_blank\" rel=\"noopener noreferrer\"><strong>Baume Hydratant Cerave<\/strong><\/a>\u00a0et que je vous en parle. Je le trouve hyper r\u00e9ussi\u00a0:<br \/>\n&#8211; il hydrate parfaitement et durablement,<br \/>\n&#8211; sans aucun effet gras ou collant (on peut vraiment s\u2019habiller tout de suite apr\u00e8s et il ne colle pas quand il fait chaud, autant vous dire que ces jours-ci c\u2019est pr\u00e9cieux),<br \/>\n&#8211; il n\u2019est pas parfum\u00e9, ce qui minimise les risques d\u2019irritation de la peau (et n\u2019interf\u00e8re pas si on a envie de porter du parfum),<br \/>\n&#8211; il ne co\u00fbte pas cher,<br \/>\n&#8211; on peut l\u2019utiliser aussi bien sur le corps que sur le visage (il est non-com\u00e9dog\u00e8ne).<\/p>\n<p>En plus il y a plein de formats diff\u00e9rents, y compris un petit tube <em>pour partir en week-end<\/em>\u00a0! (si si, on va finir par repartir en week-end\u00a0;-). Le pot original et le pot-pompe sont super \u00e0 la maison, et les tubes sont parfaits pour se d\u00e9placer.<\/p>\n<p>Le produit s\u2019adresse aux peaux s\u00e8ches et\/ou fragilis\u00e9es (atopie, ecz\u00e9ma, rosac\u00e9e&#8230;), dont la barri\u00e8re hydrolipidique est alt\u00e9r\u00e9e, en leur apportant des c\u00e9ramides, des acides gras et de l\u2019acide hyaluronique.<br \/>\nLes c\u00e9ramides sont des lipides naturellement pr\u00e9sents dans la peau, et forment 50% de notre barri\u00e8re cutan\u00e9e. C\u2019est le \u00ab\u00a0ciment\u00a0\u00bb entre les \u00ab\u00a0briques\u00a0\u00bb que constituent les cellules cutan\u00e9es.<br \/>\nLorsque l\u2019\u00e9quilibre des c\u00e9ramides est alt\u00e9r\u00e9 (g\u00e9n\u00e9ralement par des facteurs ext\u00e9rieurs comme des savons trop agressifs ou des douches trop chaudes, par exemple), les interstices entre les briques sont moins bien combl\u00e9s, et la peau devient perm\u00e9able aux agents pathog\u00e8nes et sujette \u00e0 la d\u00e9shydratation. J\u2019en suis un bon exemple, si je ne mets pas de cr\u00e8me j\u2019ai imm\u00e9diatement la peau qui tiraille et qui d\u00e9mange, des pieds \u00e0 la t\u00eate.<br \/>\nL\u2019apport de c\u00e9ramides permet de restaurer la protection et la fonction barri\u00e8re de la peau, et de retenir l\u2019eau dans la peau.<\/p>\n<p>La marque a \u00e9t\u00e9 cr\u00e9\u00e9e avec des dermatologues en 2005 aux Etats Unis, elle est toujours d\u00e9velopp\u00e9e l\u00e0-bas mais elle est aujourd\u2019hui fabriqu\u00e9e en France.<br \/>\nCeraVe est la contraction des mots c\u00e9ramides et vecteur, car la marque a mis au point une technologie vectorielle pour une diffusion prolong\u00e9e des actifs dans la peau. En effet c\u2019est bien de lui apporter les bons actifs, mais c\u2019est encore mieux si on peut en ma\u00eetriser la diffusion heure apr\u00e8s heure.<\/p>\n<p>J\u2019aime \u00e9norm\u00e9ment ce produit, j\u2019en ai toujours chez moi et je l\u2019ai fait d\u00e9couvrir \u00e0 quasiment tout mon entourage, qui m\u2019en r\u00e9clame maintenant des pots quand ils me voient\u00a0;-)<br \/>\nVous l\u2019utilisez, vous\u00a0?<\/p>\n<p>Si ce n\u2019est pas encore le cas, vous pourrez le d\u00e9couvrir car vous avez <strong>-20%<\/strong> sur <a href=\"https:\/\/www.easyparapharmacie.com\/les-marques-de-parapharmacie\/cerave\/produits.html#utm_source=Cerave&amp;utm_medium=Code_helene&amp;utm_campaign=Promo_cerave\" target=\"_blank\" rel=\"noopener noreferrer\"><strong>tous les produits CeraVe<\/strong><\/a>\u00a0avec le code <strong>HELENE2020<\/strong> jusqu\u2019au <strong>30 juin<\/strong>, et les frais de port offerts (pour la France) \u00e0 partir de 39 euros d\u2019achat.<\/p>\n<p>Si vous l\u2019essayez, dites-moi ce que vous en pensez\u00a0!<\/p>\n","protected":false},"excerpt":{"rendered":"<p><img loading=\"lazy\" decoding=\"async\" class=\"aligncenter size-full wp-image-165380\" src=\"https:\/\/www.monblogdefille.com\/blog\/wp-content\/uploads\/2020\/06\/baume-cerave.jpg\" alt=\"\" width=\"2000\" height=\"2373\" srcset=\"https:\/\/www.monblogdefille.com\/blog\/wp-content\/uploads\/2020\/06\/baume-cerave.jpg 2000w, https:\/\/www.monblogdefille.com\/blog\/wp-content\/uploads\/2020\/06\/baume-cerave-253x300.jpg 253w, https:\/\/www.monblogdefille.com\/blog\/wp-content\/uploads\/2020\/06\/baume-cerave-863x1024.jpg 863w, https:\/\/www.monblogdefille.com\/blog\/wp-content\/uploads\/2020\/06\/baume-cerave-1295x1536.jpg 1295w, https:\/\/www.monblogdefille.com\/blog\/wp-content\/uploads\/2020\/06\/baume-cerave-1726x2048.jpg 1726w, https:\/\/www.monblogdefille.com\/blog\/wp-content\/uploads\/2020\/06\/baume-cerave-1010x1198.jpg 1010w\" sizes=\"auto, (max-width: 2000px) 100vw, 2000px\" \/><\/p>\n","protected":false},"author":3,"featured_media":165380,"comment_status":"open","ping_status":"open","sticky":false,"template":"","format":"standard","meta":{"footnotes":""},"categories":[1489],"tags":[20089,20221],"class_list":["post-165379","post","type-post","status-publish","format-standard","has-post-thumbnail","hentry","category-le-soin","tag-hydratation","tag-soins-corps"],"_links":{"self":[{"href":"https:\/\/www.monblogdefille.com\/blog\/wp-json\/wp\/v2\/posts\/165379","targetHints":{"allow":["GET"]}}],"collection":[{"href":"https:\/\/www.monblogdefille.com\/blog\/wp-json\/wp\/v2\/posts"}],"about":[{"href":"https:\/\/www.monblogdefille.com\/blog\/wp-json\/wp\/v2\/types\/post"}],"author":[{"embeddable":true,"href":"https:\/\/www.monblogdefille.com\/blog\/wp-json\/wp\/v2\/users\/3"}],"replies":[{"embeddable":true,"href":"https:\/\/www.monblogdefille.com\/blog\/wp-json\/wp\/v2\/comments?post=165379"}],"version-history":[{"count":0,"href":"https:\/\/www.monblogdefille.com\/blog\/wp-json\/wp\/v2\/posts\/165379\/revisions"}],"wp:featuredmedia":[{"embeddable":true,"href":"https:\/\/www.monblogdefille.com\/blog\/wp-json\/wp\/v2\/media\/165380"}],"wp:attachment":[{"href":"https:\/\/www.monblogdefille.com\/blog\/wp-json\/wp\/v2\/media?parent=165379"}],"wp:term":[{"taxonomy":"category","embeddable":true,"href":"https:\/\/www.monblogdefille.com\/blog\/wp-json\/wp\/v2\/categories?post=165379"},{"taxonomy":"post_tag","embeddable":true,"href":"https:\/\/www.monblogdefille.com\/blog\/wp-json\/wp\/v2\/tags?post=165379"}],"curies":[{"name":"wp","href":"https:\/\/api.w.org\/{rel}","templated":true}]}}