{"id":164218,"date":"2020-02-19T09:00:00","date_gmt":"2020-02-19T08:00:00","guid":{"rendered":"https:\/\/www.monblogdefille.com\/blog\/?p=164218"},"modified":"2020-03-01T10:01:35","modified_gmt":"2020-03-01T09:01:35","slug":"je-suis-retournee-voir-delphine-langlois","status":"publish","type":"post","link":"https:\/\/www.monblogdefille.com\/blog\/je-suis-retournee-voir-delphine-langlois\/","title":{"rendered":"Je suis retourn\u00e9e voir Delphine Langlois"},"content":{"rendered":"<p><img loading=\"lazy\" decoding=\"async\" class=\"aligncenter size-full wp-image-164219\" src=\"https:\/\/www.monblogdefille.com\/blog\/wp-content\/uploads\/2020\/02\/IMG_2270.jpg\" alt=\"\" width=\"2000\" height=\"1500\" srcset=\"https:\/\/www.monblogdefille.com\/blog\/wp-content\/uploads\/2020\/02\/IMG_2270.jpg 2000w, https:\/\/www.monblogdefille.com\/blog\/wp-content\/uploads\/2020\/02\/IMG_2270-300x225.jpg 300w, https:\/\/www.monblogdefille.com\/blog\/wp-content\/uploads\/2020\/02\/IMG_2270-1024x768.jpg 1024w, https:\/\/www.monblogdefille.com\/blog\/wp-content\/uploads\/2020\/02\/IMG_2270-1536x1152.jpg 1536w, https:\/\/www.monblogdefille.com\/blog\/wp-content\/uploads\/2020\/02\/IMG_2270-1010x758.jpg 1010w\" sizes=\"auto, (max-width: 2000px) 100vw, 2000px\" \/><\/p>\n<p>Ca faisait un an et demi, c\u2019est beaucoup trop long ! Je ne vais pas vous r\u00e9expliquer sa philosophie du soin et ses techniques de massage, tout est dans <a href=\"https:\/\/www.monblogdefille.com\/blog\/le-massage-facial-de-delphine-langlois\/\" target=\"_blank\" rel=\"noopener noreferrer\"><strong>mon premier article<\/strong><\/a>, mais j\u2019aime toujours autant.<\/p>\n<p>Et ce qui est tr\u00e8s int\u00e9ressant, c\u2019est qu\u2019elle est en train de lancer avec son amie et coll\u00e8gue Catherine, une <a href=\"https:\/\/lacademiedesfacialistes.com\/\" target=\"_blank\" rel=\"noopener noreferrer\"><strong>Acad\u00e9mie des Facialistes<\/strong><\/a>\u00a0pour r\u00e9pondre \u00e0 la demande de plus en plus grande, autant de la part des esth\u00e9ticiennes que des clientes en province (Delphine et Catherine \u00e9tant toutes les deux \u00e0 Paris), pour cette approche du soin du visage.<\/p>\n<p>Comme il s\u2019agit de massage profond tr\u00e8s technique, n\u2019importe qui ne peut pas s\u2019improviser Facialiste (m\u00eame si certains ne s\u2019en privent pas) et il est important d\u2019avoir une formation solide pour ne pas faire n\u2019importe quoi sur le visage des gens (ce n\u2019est pas pour rien que je fais tr\u00e8s peu d\u2019auto-massage moi-m\u00eame\u00a0: je pr\u00e9f\u00e8re ne rien faire que faire des b\u00eatises).<\/p>\n<p>Evidemment vous allez me dire \u00ab\u00a0mais je croyais que Paula Begoun \u00e9tait contre le massage du visage, je ne comprends plus rien\u00a0!\u00a0\u00bb. Nope, Paula Begoun est contre le fait qu\u2019on tire sur la peau, or quand on mobilise les muscles en sachant ce qu\u2019on fait, on ne tire pas sur la peau.<\/p>\n<p>Je vais essayer de rajouter quelques mouvements indiqu\u00e9s par Delphine dans ma routine quotidienne pour lutter contre le rel\u00e2chement\u00a0: je sais que \u00e7a n\u2019est pas r\u00e9versible et que pour le point o\u00f9 j\u2019en suis d\u00e9j\u00e0, c\u2019est trop tard, mais on peut ralentir un peu la suite (sans compter que c\u2019est agr\u00e9able et relaxant).<\/p>\n<p style=\"text-align: center;\"><em>Toujours deux lieux possibles\u00a0:<\/em><\/p>\n<p style=\"text-align: center;\">72 ter rue Sartoris \u2013 92250 La Garenne Colombes<br \/>\n41, rue Boissy d\u2019Anglas \u2013 75008 Paris<br \/>\nPour prendre rendez-vous : 06 17 81 54 18<\/p>\n","protected":false},"excerpt":{"rendered":"<p><img loading=\"lazy\" decoding=\"async\" class=\"aligncenter size-full wp-image-164219\" src=\"https:\/\/www.monblogdefille.com\/blog\/wp-content\/uploads\/2020\/02\/IMG_2270.jpg\" alt=\"\" width=\"2000\" height=\"1500\" srcset=\"https:\/\/www.monblogdefille.com\/blog\/wp-content\/uploads\/2020\/02\/IMG_2270.jpg 2000w, https:\/\/www.monblogdefille.com\/blog\/wp-content\/uploads\/2020\/02\/IMG_2270-300x225.jpg 300w, https:\/\/www.monblogdefille.com\/blog\/wp-content\/uploads\/2020\/02\/IMG_2270-1024x768.jpg 1024w, https:\/\/www.monblogdefille.com\/blog\/wp-content\/uploads\/2020\/02\/IMG_2270-1536x1152.jpg 1536w, https:\/\/www.monblogdefille.com\/blog\/wp-content\/uploads\/2020\/02\/IMG_2270-1010x758.jpg 1010w\" sizes=\"auto, (max-width: 2000px) 100vw, 2000px\" \/><\/p>\n","protected":false},"author":3,"featured_media":164219,"comment_status":"open","ping_status":"open","sticky":false,"template":"","format":"standard","meta":{"footnotes":""},"categories":[1489,20016],"tags":[20168,20017],"class_list":["post-164218","post","type-post","status-publish","format-standard","has-post-thumbnail","hentry","category-le-soin","category-spas-hammams-instituts","tag-anti-age","tag-instituts-hammams-et-spas"],"_links":{"self":[{"href":"https:\/\/www.monblogdefille.com\/blog\/wp-json\/wp\/v2\/posts\/164218","targetHints":{"allow":["GET"]}}],"collection":[{"href":"https:\/\/www.monblogdefille.com\/blog\/wp-json\/wp\/v2\/posts"}],"about":[{"href":"https:\/\/www.monblogdefille.com\/blog\/wp-json\/wp\/v2\/types\/post"}],"author":[{"embeddable":true,"href":"https:\/\/www.monblogdefille.com\/blog\/wp-json\/wp\/v2\/users\/3"}],"replies":[{"embeddable":true,"href":"https:\/\/www.monblogdefille.com\/blog\/wp-json\/wp\/v2\/comments?post=164218"}],"version-history":[{"count":0,"href":"https:\/\/www.monblogdefille.com\/blog\/wp-json\/wp\/v2\/posts\/164218\/revisions"}],"wp:featuredmedia":[{"embeddable":true,"href":"https:\/\/www.monblogdefille.com\/blog\/wp-json\/wp\/v2\/media\/164219"}],"wp:attachment":[{"href":"https:\/\/www.monblogdefille.com\/blog\/wp-json\/wp\/v2\/media?parent=164218"}],"wp:term":[{"taxonomy":"category","embeddable":true,"href":"https:\/\/www.monblogdefille.com\/blog\/wp-json\/wp\/v2\/categories?post=164218"},{"taxonomy":"post_tag","embeddable":true,"href":"https:\/\/www.monblogdefille.com\/blog\/wp-json\/wp\/v2\/tags?post=164218"}],"curies":[{"name":"wp","href":"https:\/\/api.w.org\/{rel}","templated":true}]}}