{"id":164156,"date":"2020-01-15T09:00:37","date_gmt":"2020-01-15T08:00:37","guid":{"rendered":"https:\/\/www.monblogdefille.com\/blog\/?p=164156"},"modified":"2020-01-30T10:48:14","modified_gmt":"2020-01-30T09:48:14","slug":"qui-de-vous-trois-est-responsable-de-lamelioration-de-mon-dessous-doeil","status":"publish","type":"post","link":"https:\/\/www.monblogdefille.com\/blog\/qui-de-vous-trois-est-responsable-de-lamelioration-de-mon-dessous-doeil\/","title":{"rendered":"Qui, de vous trois, est responsable de l\u2019am\u00e9lioration de mon dessous d\u2019\u0153il ?"},"content":{"rendered":"<p><img loading=\"lazy\" decoding=\"async\" class=\"aligncenter size-full wp-image-164157\" src=\"https:\/\/www.monblogdefille.com\/blog\/wp-content\/uploads\/2020\/01\/contours_des_yeux.jpg\" alt=\"\" width=\"2000\" height=\"1838\" srcset=\"https:\/\/www.monblogdefille.com\/blog\/wp-content\/uploads\/2020\/01\/contours_des_yeux.jpg 2000w, https:\/\/www.monblogdefille.com\/blog\/wp-content\/uploads\/2020\/01\/contours_des_yeux-300x276.jpg 300w, https:\/\/www.monblogdefille.com\/blog\/wp-content\/uploads\/2020\/01\/contours_des_yeux-1024x941.jpg 1024w, https:\/\/www.monblogdefille.com\/blog\/wp-content\/uploads\/2020\/01\/contours_des_yeux-162x150.jpg 162w, https:\/\/www.monblogdefille.com\/blog\/wp-content\/uploads\/2020\/01\/contours_des_yeux-768x706.jpg 768w, https:\/\/www.monblogdefille.com\/blog\/wp-content\/uploads\/2020\/01\/contours_des_yeux-1536x1412.jpg 1536w, https:\/\/www.monblogdefille.com\/blog\/wp-content\/uploads\/2020\/01\/contours_des_yeux-1010x928.jpg 1010w\" sizes=\"auto, (max-width: 2000px) 100vw, 2000px\" \/><\/p>\n<p>Peut-\u00eatre les trois, \u00e0 vrai dire. Ensemble, s\u00e9par\u00e9ment, les uns apr\u00e8s les autres ou les uns sur les autres. Dans la mesure o\u00f9 ils sont tous intervenus en m\u00eame temps ou presque.<\/p>\n<p>J\u2019ai fait une <a href=\"https:\/\/bit.ly\/36ZegR6\" target=\"_blank\" rel=\"noopener noreferrer\"><strong>cure 30 jours Bio Effect<\/strong><\/a> (termin\u00e9e fin octobre), puis une du <a href=\"https:\/\/bit.ly\/2tixPoz\" target=\"_blank\" rel=\"noopener noreferrer\"><strong>s\u00e9rum EVE d\u2019Esthederm<\/strong><\/a> (termin\u00e9e il y a trois jours) ; et il y a deux semaines j\u2019ai attaqu\u00e9 ce pot de <a href=\"https:\/\/bit.ly\/36TAaFg\" target=\"_blank\" rel=\"noopener noreferrer\"><strong>Baume Yeux Lift Intense de Tata Harper<\/strong><\/a>.<\/p>\n<p>Donc je pense qu\u2019il est \u00e0 peu pr\u00e8s impossible de dire lequel des trois est responsable de l\u2019am\u00e9lioration ind\u00e9niable de mon dessous d\u2019oeil, ce qui m\u2019ennuie bien parce que \u00e7a aurait \u00e9t\u00e9 plus simple, mais je pense que c\u2019est plut\u00f4t leur addition, la r\u00e9gularit\u00e9 et la longueur de la cure totale finale (plus de trois mois \u00e0 ce jour) qui sont responsables.<\/p>\n<p>Ca tient debout puisque les trois produits sont puissants, concentr\u00e9s, efficaces et reconnus.<\/p>\n<p>C\u2019est quand je me maquille que je vois une r\u00e9elle diff\u00e9rence\u00a0: j\u2019ai bien moins de difficult\u00e9s \u00e0 poser mon anti-cernes, car la peau est plus tendue et les ridules verticales qui me d\u00e9rangent tant sont nettement moins profondes. Ca se voit aussi en fin de journ\u00e9e, mon anti-cernes marque moins qu\u2019avant (et comme vous savez je n\u2019ai pas chang\u00e9 de produit anti-cernes).<\/p>\n<p>Je n\u2019ai pas fait de photos avant \/ apr\u00e8s d\u2019abord parce que je n\u2019y arrive jamais, on ne voit jamais rien sur mes photos de peau en tr\u00e8s gros plan, et ensuite parce que je ne pensais pas voir une diff\u00e9rence.<\/p>\n<p>J\u2019ai utilis\u00e9 les deux s\u00e9rums sur tout le visage, contour des yeux compris (vu que c\u2019\u00e9tait la zone qui m\u2019int\u00e9ressait en priorit\u00e9), matin et soir.<\/p>\n<p>J\u2019utilise le Baume Tata Harper le soir, en petite quantit\u00e9 parce qu\u2019il est hyper \u00e9pais (encore plus que le baume \u00e0 l\u00e8vres Nuxe). Je ne suis pas compl\u00e8tement certaine de faire le bon usage de ce baume, il est d\u00e9crit comme un masque contour des yeux \u00e0 faire ponctuellement, mais aussi comme un soin quotidien (\u00e7a d\u00e9pend des sites et des fiches produits). J\u2019ai d\u00e9cid\u00e9 que vue l\u2019\u00e9tendue des d\u00e9g\u00e2ts, pour moi \u00e7a serait au quotidien le soir (je ne pense pas qu\u2019on puisse se maquiller sur une texture pareille).<\/p>\n<p>J\u2019ai l\u2019impression que c\u2019est lui qui a \u00ab\u00a0pr\u00e9cipit\u00e9\u00a0\u00bb les choses\u00a0: jusque l\u00e0 mon contour d\u2019\u0153il allait un peu moyennement, et depuis que j\u2019utilise le baume je vois plus nettement une diff\u00e9rence.<\/p>\n<p>C\u2019est pourquoi je ne peux pas vraiment dire si c\u2019est lui le responsable, ou le fait qu\u2019il arrive apr\u00e8s les deux autres, excellents, et qui ont sans doute pr\u00e9par\u00e9 le terrain\u00a0?<\/p>\n<p>Mais je voulais vous en parler parce que c\u2019est si rare que je vois une am\u00e9lioration sur ma peau (surtout \u00e0 cet endroit qui est ma zone \u00e0 probl\u00e8me), que \u00e7a m\u2019a sembl\u00e9 important de partager \u00e7a avec vous.<\/p>\n<p>Je sais, deux de ces produits sont hors de prix (pas le S\u00e9rum EVE, c\u2019est le prix habituel d\u2019un s\u00e9rum anti-\u00e2ge de qualit\u00e9 en parfumerie). Je ne les ai pas choisis pour \u00e7a et je ne dis pas qu\u2019il faut les acheter, comme toujours je vous rapporte mon exp\u00e9rience personnelle pour le cas o\u00f9 elle puisse vous aider.<\/p>\n<p>Je les ai choisis pour leur concentration et leur efficacit\u00e9 parce que je suis vraiment concern\u00e9e par mon dessous d\u2019\u0153il, mais je ne peux pas mettre de retinol sur cette zone car j\u2019y suis allergique \u00e0 cet endroit ; or s\u2019il y a UN ingr\u00e9dient dont on a prouv\u00e9 l\u2019efficacit\u00e9 anti-\u00e2ge, c\u2019est bien celui-l\u00e0. Et il y en a \u00e0 tous les prix, de tr\u00e8s bonne qualit\u00e9 \u2013 voyez plut\u00f4t chez <a href=\"https:\/\/www.carolinehirons.com\/?s=retinol\" target=\"_blank\" rel=\"noopener noreferrer\"><strong>Caroline Hirons<\/strong><\/a> pour \u00e7a car elle en utilise souvent et s\u2019y conna\u00eet \u00e0 mort, alors que moi pas du tout. Si vous, vous pouvez en utiliser sur cette zone, \u00e7a vous co\u00fbtera bien moins cher en \u00e9tant sans doute aussi efficace.<\/p>\n","protected":false},"excerpt":{"rendered":"<p><img loading=\"lazy\" decoding=\"async\" class=\"aligncenter size-full wp-image-164157\" src=\"https:\/\/www.monblogdefille.com\/blog\/wp-content\/uploads\/2020\/01\/contours_des_yeux.jpg\" alt=\"\" width=\"2000\" height=\"1838\" srcset=\"https:\/\/www.monblogdefille.com\/blog\/wp-content\/uploads\/2020\/01\/contours_des_yeux.jpg 2000w, https:\/\/www.monblogdefille.com\/blog\/wp-content\/uploads\/2020\/01\/contours_des_yeux-300x276.jpg 300w, https:\/\/www.monblogdefille.com\/blog\/wp-content\/uploads\/2020\/01\/contours_des_yeux-1024x941.jpg 1024w, https:\/\/www.monblogdefille.com\/blog\/wp-content\/uploads\/2020\/01\/contours_des_yeux-162x150.jpg 162w, https:\/\/www.monblogdefille.com\/blog\/wp-content\/uploads\/2020\/01\/contours_des_yeux-768x706.jpg 768w, https:\/\/www.monblogdefille.com\/blog\/wp-content\/uploads\/2020\/01\/contours_des_yeux-1536x1412.jpg 1536w, https:\/\/www.monblogdefille.com\/blog\/wp-content\/uploads\/2020\/01\/contours_des_yeux-1010x928.jpg 1010w\" sizes=\"auto, (max-width: 2000px) 100vw, 2000px\" \/><\/p>\n","protected":false},"author":3,"featured_media":164157,"comment_status":"open","ping_status":"open","sticky":false,"template":"","format":"standard","meta":{"footnotes":""},"categories":[1489],"tags":[20168,20064,19989],"class_list":["post-164156","post","type-post","status-publish","format-standard","has-post-thumbnail","hentry","category-le-soin","tag-anti-age","tag-anti-rides","tag-contour-des-yeux"],"_links":{"self":[{"href":"https:\/\/www.monblogdefille.com\/blog\/wp-json\/wp\/v2\/posts\/164156","targetHints":{"allow":["GET"]}}],"collection":[{"href":"https:\/\/www.monblogdefille.com\/blog\/wp-json\/wp\/v2\/posts"}],"about":[{"href":"https:\/\/www.monblogdefille.com\/blog\/wp-json\/wp\/v2\/types\/post"}],"author":[{"embeddable":true,"href":"https:\/\/www.monblogdefille.com\/blog\/wp-json\/wp\/v2\/users\/3"}],"replies":[{"embeddable":true,"href":"https:\/\/www.monblogdefille.com\/blog\/wp-json\/wp\/v2\/comments?post=164156"}],"version-history":[{"count":0,"href":"https:\/\/www.monblogdefille.com\/blog\/wp-json\/wp\/v2\/posts\/164156\/revisions"}],"wp:featuredmedia":[{"embeddable":true,"href":"https:\/\/www.monblogdefille.com\/blog\/wp-json\/wp\/v2\/media\/164157"}],"wp:attachment":[{"href":"https:\/\/www.monblogdefille.com\/blog\/wp-json\/wp\/v2\/media?parent=164156"}],"wp:term":[{"taxonomy":"category","embeddable":true,"href":"https:\/\/www.monblogdefille.com\/blog\/wp-json\/wp\/v2\/categories?post=164156"},{"taxonomy":"post_tag","embeddable":true,"href":"https:\/\/www.monblogdefille.com\/blog\/wp-json\/wp\/v2\/tags?post=164156"}],"curies":[{"name":"wp","href":"https:\/\/api.w.org\/{rel}","templated":true}]}}