{"id":164132,"date":"2020-01-07T09:00:36","date_gmt":"2020-01-07T08:00:36","guid":{"rendered":"https:\/\/www.monblogdefille.com\/blog\/?p=164132"},"modified":"2020-01-15T10:06:55","modified_gmt":"2020-01-15T09:06:55","slug":"le-vernis-semi-permanent-abime-t-il-les-ongles","status":"publish","type":"post","link":"https:\/\/www.monblogdefille.com\/blog\/le-vernis-semi-permanent-abime-t-il-les-ongles\/","title":{"rendered":"Le vernis semi-permanent ab\u00eeme-t-il les ongles ?"},"content":{"rendered":"<p><img loading=\"lazy\" decoding=\"async\" class=\"aligncenter size-full wp-image-164133\" src=\"https:\/\/www.monblogdefille.com\/blog\/wp-content\/uploads\/2020\/01\/verni_semi_permanent.jpg\" alt=\"\" width=\"2000\" height=\"2000\" srcset=\"https:\/\/www.monblogdefille.com\/blog\/wp-content\/uploads\/2020\/01\/verni_semi_permanent.jpg 2000w, https:\/\/www.monblogdefille.com\/blog\/wp-content\/uploads\/2020\/01\/verni_semi_permanent-300x300.jpg 300w, https:\/\/www.monblogdefille.com\/blog\/wp-content\/uploads\/2020\/01\/verni_semi_permanent-1024x1024.jpg 1024w, https:\/\/www.monblogdefille.com\/blog\/wp-content\/uploads\/2020\/01\/verni_semi_permanent-768x768.jpg 768w, https:\/\/www.monblogdefille.com\/blog\/wp-content\/uploads\/2020\/01\/verni_semi_permanent-1536x1536.jpg 1536w, https:\/\/www.monblogdefille.com\/blog\/wp-content\/uploads\/2020\/01\/verni_semi_permanent-1010x1010.jpg 1010w\" sizes=\"auto, (max-width: 2000px) 100vw, 2000px\" \/><\/p>\n<p style=\"text-align: center;\"><em>(vernis semi-permanent OPI en Bubble Bath, bague Ch\u00e9rie Sheriff)<\/em><\/p>\n<p>Je l\u00e8ve tout de suite le suspense\u00a0: les miens, oui. Pas de fa\u00e7on dramatique, mais je vois clairement une diff\u00e9rence par rapport \u00e0 l\u2019\u00e9poque o\u00f9 j\u2019utilisais du vernis classique.<\/p>\n<p>Je fais du semi-permanent non-stop depuis d\u00e9but octobre, donc \u00e7a fait maintenant 3 mois.<\/p>\n<p>Je ne mets absolument pas en cause la praticienne qui s\u2019occupe de moi et sa technique (Tina donc, chez Duhesme Beaut\u00e9, 76 bis rue Duhesme dans le 18\u00e8me), car elle est d\u2019une douceur et d\u2019une d\u00e9licatesse imbattables\u00a0: elle laisse poser 20 minutes les papillotes de dissolvant, apr\u00e8s \u00e7a le vernis se d\u00e9colle litt\u00e9ralement tout seul, et bien entendu elle ne ponce jamais les ongles.<\/p>\n<p>Pourtant mes ongles sont aujourd\u2019hui nettement plus fins et plus mous qu\u2019il y a 3 mois, je ne comprends pas \u00e0 quoi c\u2019est d\u00fb (et qu\u2019on ne me dise pas que l\u2019ongle a besoin de respirer, d\u2019abord un ongle ne \u00ab\u00a0respire\u00a0\u00bb pas \u2013 je vous rappelle que la partie pouss\u00e9e est morte, comme les cheveux \u2013 et puis avant \u00e7a j\u2019avais en permanence du vernis normal, donc ils ne \u00ab\u00a0respiraient\u00a0\u00bb pas plus).<\/p>\n<p>Est-ce que c\u2019est parce qu\u2019en faisant faire mes ongles en salon j\u2019ai cess\u00e9 de porter ma base fortifiante Vitry, qui sur moi fait des merveilles (au naturel mes ongles ne sont pas hyper costauds) ? Ou est-ce autre chose d\u00fb aux produits eux-m\u00eames (mais je ne vois pas quoi) ?<\/p>\n<p>Ca m\u2019agace parce que j\u2019adore le semi-permanent et je n\u2019ai pas du tout envie de repasser au vernis classique.<\/p>\n<p>Vous en faites, vous\u00a0? Comment \u00e7a se passe\u00a0?<\/p>\n","protected":false},"excerpt":{"rendered":"<p><img loading=\"lazy\" decoding=\"async\" class=\"aligncenter size-full wp-image-164133\" src=\"https:\/\/www.monblogdefille.com\/blog\/wp-content\/uploads\/2020\/01\/verni_semi_permanent.jpg\" alt=\"\" width=\"2000\" height=\"2000\" srcset=\"https:\/\/www.monblogdefille.com\/blog\/wp-content\/uploads\/2020\/01\/verni_semi_permanent.jpg 2000w, https:\/\/www.monblogdefille.com\/blog\/wp-content\/uploads\/2020\/01\/verni_semi_permanent-300x300.jpg 300w, https:\/\/www.monblogdefille.com\/blog\/wp-content\/uploads\/2020\/01\/verni_semi_permanent-1024x1024.jpg 1024w, https:\/\/www.monblogdefille.com\/blog\/wp-content\/uploads\/2020\/01\/verni_semi_permanent-768x768.jpg 768w, https:\/\/www.monblogdefille.com\/blog\/wp-content\/uploads\/2020\/01\/verni_semi_permanent-1536x1536.jpg 1536w, https:\/\/www.monblogdefille.com\/blog\/wp-content\/uploads\/2020\/01\/verni_semi_permanent-1010x1010.jpg 1010w\" sizes=\"auto, (max-width: 2000px) 100vw, 2000px\" \/><\/p>\n","protected":false},"author":3,"featured_media":164133,"comment_status":"open","ping_status":"open","sticky":false,"template":"","format":"standard","meta":{"footnotes":""},"categories":[14534],"tags":[20045,20044],"class_list":["post-164132","post","type-post","status-publish","format-standard","has-post-thumbnail","hentry","category-les-ongles","tag-manucure","tag-ongles"],"_links":{"self":[{"href":"https:\/\/www.monblogdefille.com\/blog\/wp-json\/wp\/v2\/posts\/164132","targetHints":{"allow":["GET"]}}],"collection":[{"href":"https:\/\/www.monblogdefille.com\/blog\/wp-json\/wp\/v2\/posts"}],"about":[{"href":"https:\/\/www.monblogdefille.com\/blog\/wp-json\/wp\/v2\/types\/post"}],"author":[{"embeddable":true,"href":"https:\/\/www.monblogdefille.com\/blog\/wp-json\/wp\/v2\/users\/3"}],"replies":[{"embeddable":true,"href":"https:\/\/www.monblogdefille.com\/blog\/wp-json\/wp\/v2\/comments?post=164132"}],"version-history":[{"count":0,"href":"https:\/\/www.monblogdefille.com\/blog\/wp-json\/wp\/v2\/posts\/164132\/revisions"}],"wp:featuredmedia":[{"embeddable":true,"href":"https:\/\/www.monblogdefille.com\/blog\/wp-json\/wp\/v2\/media\/164133"}],"wp:attachment":[{"href":"https:\/\/www.monblogdefille.com\/blog\/wp-json\/wp\/v2\/media?parent=164132"}],"wp:term":[{"taxonomy":"category","embeddable":true,"href":"https:\/\/www.monblogdefille.com\/blog\/wp-json\/wp\/v2\/categories?post=164132"},{"taxonomy":"post_tag","embeddable":true,"href":"https:\/\/www.monblogdefille.com\/blog\/wp-json\/wp\/v2\/tags?post=164132"}],"curies":[{"name":"wp","href":"https:\/\/api.w.org\/{rel}","templated":true}]}}