{"id":164094,"date":"2019-12-24T09:00:27","date_gmt":"2019-12-24T08:00:27","guid":{"rendered":"https:\/\/www.monblogdefille.com\/blog\/?p=164094"},"modified":"2019-12-31T10:08:41","modified_gmt":"2019-12-31T09:08:41","slug":"mes-masques-reconfortants-dhiver-edition-2019","status":"publish","type":"post","link":"https:\/\/www.monblogdefille.com\/blog\/mes-masques-reconfortants-dhiver-edition-2019\/","title":{"rendered":"Mes masques r\u00e9confortants d\u2019hiver, \u00e9dition 2019"},"content":{"rendered":"<p><img loading=\"lazy\" decoding=\"async\" class=\"aligncenter size-full wp-image-164095\" src=\"https:\/\/www.monblogdefille.com\/blog\/wp-content\/uploads\/2019\/12\/masques-hiver-2019.jpg\" alt=\"\" width=\"2000\" height=\"2000\" srcset=\"https:\/\/www.monblogdefille.com\/blog\/wp-content\/uploads\/2019\/12\/masques-hiver-2019.jpg 2000w, https:\/\/www.monblogdefille.com\/blog\/wp-content\/uploads\/2019\/12\/masques-hiver-2019-300x300.jpg 300w, https:\/\/www.monblogdefille.com\/blog\/wp-content\/uploads\/2019\/12\/masques-hiver-2019-1024x1024.jpg 1024w, https:\/\/www.monblogdefille.com\/blog\/wp-content\/uploads\/2019\/12\/masques-hiver-2019-768x768.jpg 768w, https:\/\/www.monblogdefille.com\/blog\/wp-content\/uploads\/2019\/12\/masques-hiver-2019-1536x1536.jpg 1536w, https:\/\/www.monblogdefille.com\/blog\/wp-content\/uploads\/2019\/12\/masques-hiver-2019-1010x1010.jpg 1010w\" sizes=\"auto, (max-width: 2000px) 100vw, 2000px\" \/><\/p>\n<p>Oui parce que je vous fais le coup quasiment chaque hiver (<a href=\"https:\/\/www.monblogdefille.com\/blog\/mes-masques-dhiver-2\/\" target=\"_blank\" rel=\"noopener noreferrer\"><strong>2018 ici<\/strong><\/a>), c\u2019est le seul moment o\u00f9 je suis vraiment s\u00e9rieuse avec les masques parce que j\u2019ai la peau qui tire.<\/p>\n<p>Comme d\u00e9j\u00e0 vu l\u2019ann\u00e9e derni\u00e8re, j\u2019aime ceux qu\u2019on ne rince pas et avec lesquels on peut dormir : j\u2019ai l\u2019impression que c\u2019est plus efficace, et de toute fa\u00e7on j\u2019ai la flemme de me relever pour rincer une fois que je suis en pyjama devant Netflix.<\/p>\n<p>Je fais donc mes soins comme d\u2019habitude, sauf qu\u2019\u00e0 la place de ma cr\u00e8me de nuit je mets le masque, que je garde des heures parce que je fais mes soins longtemps avant de me coucher, et que j\u2019essuie l\u00e9g\u00e8rement avant de dormir si n\u00e9cessaire (mais sans rincer, donc).<\/p>\n<p>&#8211; Le seul qu\u2019il faut vraiment rincer ici est celui de <a href=\"https:\/\/bit.ly\/2YTmB5g\" target=\"_blank\" rel=\"noopener noreferrer\"><strong>Kiehl\u2019s \u00e0 l\u2019avocat<\/strong><\/a> : c\u2019est impossible de dormir avec, on dirait qu\u2019on a du guacamole \u00e9cras\u00e9 sur la figure (il faut d\u2019ailleurs bien le chauffer entre les mains avant de l\u2019\u00e9taler sur le visage sinon \u00e7a reste en morceaux). Du coup contrairement aux autres, je le fais le matin quand j\u2019ai le temps, je reste dans mon lit avec le visage tout vert pendant 20 mn puis je vais me doucher et je rince tout.<\/p>\n<p>Tous les autres sont eux aussi riches et cr\u00e9meux, hyper agr\u00e9ables et r\u00e9confortants quand il fait froid. Je privil\u00e9gie les textures tr\u00e8s nourrissantes \u00e0 cette saison (surtout pas de masque gel en hiver pour moi) parce que j\u2019ai la peau vraiment s\u00e8che.<\/p>\n<p>Je tourne donc avec :<br \/>\n&#8211; le <a href=\"https:\/\/bit.ly\/36GWS2G\" target=\"_blank\" rel=\"noopener noreferrer\"><strong>Masque Hydratant de Suzanne Kaufmann<\/strong><\/a>, tr\u00e8s onctueux et dont j\u2019adore la texture ;<br \/>\n&#8211; le <a href=\"https:\/\/bit.ly\/2PoLjHE\" target=\"_blank\" rel=\"noopener noreferrer\"><strong>Masque Bain Nutritif d\u2019Esthederm<\/strong><\/a> qui porte parfaitement son nom ;<br \/>\n&#8211; chez Esthederm aussi, celui \u00e0 <a href=\"https:\/\/bit.ly\/36KCf5F\" target=\"_blank\" rel=\"noopener noreferrer\"><strong>l\u2019acide Hyaluronique<\/strong><\/a> \u00e0 l\u2019odeur plus fra\u00eeche (le pr\u00e9c\u00e9dent sent un peu le miel) et plus ax\u00e9 sur l\u2019hydratation que la nutrition (celui-l\u00e0 j&rsquo;aime bien aussi le mettre en couche fine sur mes mains dans la journ\u00e9e) ;<br \/>\n&#8211; et le <a href=\"http:\/\/bit.ly\/2rIsPcn\" target=\"_blank\" rel=\"noopener noreferrer\"><strong>Masque de nuit au Th\u00e9 Noir de Fresh<\/strong><\/a> dont j\u2019adore l\u2019odeur en plus de la texture bien nourrissante.<\/p>\n<p>Notez qu\u2019on peut aussi les utiliser en couche plus fine comme cr\u00e8me de nuit.<br \/>\nVous en \u00eates o\u00f9 vous, avec vos masques ?<\/p>\n<p>PS : joyeux No\u00ebl \u00e0 tous !! ;-)<\/p>\n","protected":false},"excerpt":{"rendered":"<p><img loading=\"lazy\" decoding=\"async\" class=\"aligncenter size-full wp-image-164095\" src=\"https:\/\/www.monblogdefille.com\/blog\/wp-content\/uploads\/2019\/12\/masques-hiver-2019.jpg\" alt=\"\" width=\"2000\" height=\"2000\" srcset=\"https:\/\/www.monblogdefille.com\/blog\/wp-content\/uploads\/2019\/12\/masques-hiver-2019.jpg 2000w, https:\/\/www.monblogdefille.com\/blog\/wp-content\/uploads\/2019\/12\/masques-hiver-2019-300x300.jpg 300w, https:\/\/www.monblogdefille.com\/blog\/wp-content\/uploads\/2019\/12\/masques-hiver-2019-1024x1024.jpg 1024w, https:\/\/www.monblogdefille.com\/blog\/wp-content\/uploads\/2019\/12\/masques-hiver-2019-768x768.jpg 768w, https:\/\/www.monblogdefille.com\/blog\/wp-content\/uploads\/2019\/12\/masques-hiver-2019-1536x1536.jpg 1536w, https:\/\/www.monblogdefille.com\/blog\/wp-content\/uploads\/2019\/12\/masques-hiver-2019-1010x1010.jpg 1010w\" sizes=\"auto, (max-width: 2000px) 100vw, 2000px\" \/><\/p>\n","protected":false},"author":3,"featured_media":164095,"comment_status":"open","ping_status":"open","sticky":false,"template":"","format":"standard","meta":{"footnotes":""},"categories":[1489],"tags":[20089,20226],"class_list":["post-164094","post","type-post","status-publish","format-standard","has-post-thumbnail","hentry","category-le-soin","tag-hydratation","tag-soin-visage"],"_links":{"self":[{"href":"https:\/\/www.monblogdefille.com\/blog\/wp-json\/wp\/v2\/posts\/164094","targetHints":{"allow":["GET"]}}],"collection":[{"href":"https:\/\/www.monblogdefille.com\/blog\/wp-json\/wp\/v2\/posts"}],"about":[{"href":"https:\/\/www.monblogdefille.com\/blog\/wp-json\/wp\/v2\/types\/post"}],"author":[{"embeddable":true,"href":"https:\/\/www.monblogdefille.com\/blog\/wp-json\/wp\/v2\/users\/3"}],"replies":[{"embeddable":true,"href":"https:\/\/www.monblogdefille.com\/blog\/wp-json\/wp\/v2\/comments?post=164094"}],"version-history":[{"count":0,"href":"https:\/\/www.monblogdefille.com\/blog\/wp-json\/wp\/v2\/posts\/164094\/revisions"}],"wp:featuredmedia":[{"embeddable":true,"href":"https:\/\/www.monblogdefille.com\/blog\/wp-json\/wp\/v2\/media\/164095"}],"wp:attachment":[{"href":"https:\/\/www.monblogdefille.com\/blog\/wp-json\/wp\/v2\/media?parent=164094"}],"wp:term":[{"taxonomy":"category","embeddable":true,"href":"https:\/\/www.monblogdefille.com\/blog\/wp-json\/wp\/v2\/categories?post=164094"},{"taxonomy":"post_tag","embeddable":true,"href":"https:\/\/www.monblogdefille.com\/blog\/wp-json\/wp\/v2\/tags?post=164094"}],"curies":[{"name":"wp","href":"https:\/\/api.w.org\/{rel}","templated":true}]}}