{"id":164045,"date":"2019-12-05T09:00:16","date_gmt":"2019-12-05T08:00:16","guid":{"rendered":"https:\/\/www.monblogdefille.com\/blog\/?p=164045"},"modified":"2019-12-12T10:04:08","modified_gmt":"2019-12-12T09:04:08","slug":"25-chez-ren-juste-pour-vous","status":"publish","type":"post","link":"https:\/\/www.monblogdefille.com\/blog\/25-chez-ren-juste-pour-vous\/","title":{"rendered":"-25% chez Ren juste pour vous !"},"content":{"rendered":"<p><img loading=\"lazy\" decoding=\"async\" class=\"aligncenter size-full wp-image-164046\" src=\"https:\/\/www.monblogdefille.com\/blog\/wp-content\/uploads\/2019\/12\/ren-25.jpg\" alt=\"\" width=\"2000\" height=\"2057\" srcset=\"https:\/\/www.monblogdefille.com\/blog\/wp-content\/uploads\/2019\/12\/ren-25.jpg 2000w, https:\/\/www.monblogdefille.com\/blog\/wp-content\/uploads\/2019\/12\/ren-25-292x300.jpg 292w, https:\/\/www.monblogdefille.com\/blog\/wp-content\/uploads\/2019\/12\/ren-25-996x1024.jpg 996w, https:\/\/www.monblogdefille.com\/blog\/wp-content\/uploads\/2019\/12\/ren-25-1493x1536.jpg 1493w, https:\/\/www.monblogdefille.com\/blog\/wp-content\/uploads\/2019\/12\/ren-25-1991x2048.jpg 1991w, https:\/\/www.monblogdefille.com\/blog\/wp-content\/uploads\/2019\/12\/ren-25-1010x1039.jpg 1010w\" sizes=\"auto, (max-width: 2000px) 100vw, 2000px\" \/><\/p>\n<p style=\"text-align: center;\"><em>Partenariat r\u00e9mun\u00e9r\u00e9 avec Ren Skincare<\/em><\/p>\n<p>Oui oui, c\u2019est un petit avant-go\u00fbt de No\u00ebl ;-)<\/p>\n<p>Avec le <strong>code MBDF<\/strong>, vous aurez <a href=\"https:\/\/renskincare.fr\/discount\/MBDF\" target=\"_blank\" rel=\"noopener noreferrer\"><strong>25% de r\u00e9duction sur tout le site<\/strong><\/a> (hors kits, coffrets et produits supersize) jusqu\u2019au <strong>dimanche 15 d\u00e9cembre inclus<\/strong>.<\/p>\n<p>Vous recevrez en plus le <strong>masque apaisant Evercalm en cadeau<\/strong> (en full size) \u00e0 partir de 50\u20ac d\u2019achats, et les <strong>frais de port sont offerts<\/strong> aussi \u00e0 partir de 50\u20ac.<\/p>\n<p>Comme vous savez sans doute, mes produits pr\u00e9f\u00e9r\u00e9s chez eux sont\u00a0:<\/p>\n<p>&#8211; Pr\u00e9cis\u00e9ment le <a href=\"https:\/\/renskincare.fr\/collections\/evercalm-tm\/products\/evercalm-masque-apaisant-ultra-reconfortant?utm_source=mbdf&amp;utm_medium=article&amp;utm_campaign=decembre19\" target=\"_blank\" rel=\"noopener noreferrer\"><strong>Masque Evercalm<\/strong><\/a> (c\u2019est pour \u00e7a que je l\u2019ai choisi comme cadeau ;-), tellement efficace ! Il apaise tr\u00e8s rapidement une peau irrit\u00e9e, tout en la nourrissant de fa\u00e7on vraiment confortable. Pour moi c\u2019est un des meilleurs masques apaisants du march\u00e9.<\/p>\n<p>&#8211; Le <a href=\"https:\/\/renskincare.fr\/collections\/atlantic-kelp-magnesium\/products\/gel-douche-energisant-aux-algues-de-latlantique-et-au-magnesium?utm_source=mbdf&amp;utm_medium=article&amp;utm_campaign=decembre19\" target=\"_blank\" rel=\"noopener noreferrer\"><strong>Gel Douche Energisant<\/strong><\/a> pour le message qu\u2019il porte\u00a0: c\u2019est le premier du march\u00e9 \u00e0 avoir propos\u00e9 un flacon en plastique enti\u00e8rement recycl\u00e9 et recyclable (m\u00eame la pompe), fait \u00e0 80% \u00e0 partir de bouteilles en plastique, et \u00e0 20% \u00e0 partir de plastique sorti des oc\u00e9ans. J\u2019aime beaucoup la cause que ce produit soutient, sans compter qu\u2019\u00e9videmment c\u2019est un tr\u00e8s bon produit.<\/p>\n<p>&#8211; J\u2019aime beaucoup aussi le <a href=\"https:\/\/renskincare.fr\/collections\/evercalm-tm\/products\/evercalm-lait-doux-nettoyant?utm_source=mbdf&amp;utm_medium=article&amp;utm_campaign=decembre19\" target=\"_blank\" rel=\"noopener noreferrer\"><strong>Lait Nettoyant Evercalm<\/strong><\/a> pour faire un second nettoyage tout en douceur. A vrai dire la gamme Evercalm est ma pr\u00e9f\u00e9r\u00e9e, j\u2019aime beaucoup les textures et l\u2019odeur tr\u00e8s l\u00e9g\u00e8re et d\u00e9licate.<\/p>\n<p>&#8211; Toujours dans cette gamme, j\u2019adore le <a href=\"https:\/\/renskincare.fr\/collections\/evercalm-tm\/products\/baume-reparateur-nuit-evercalm?utm_source=mbdf&amp;utm_medium=article&amp;utm_campaign=decembre19\" target=\"_blank\" rel=\"noopener noreferrer\"><strong>Baume R\u00e9parateur de Nuit Evercalm<\/strong><\/a> : il est g\u00e9nial l\u2019hiver si vous avez la peau tr\u00e8s s\u00e8che ou irrit\u00e9e, ou si vous avez pass\u00e9 la journ\u00e9e dehors dans le froid et le vent, il est super r\u00e9confortant et r\u00e9parateur (je l\u2019utilise en ce moment) ! En plus son packaging est minimaliste et enti\u00e8rement recyclable (m\u00eame le bouchon car il est fait dans un seul type de plastique), \u00e7a compte.<\/p>\n<p>&#8211; Pour faire un second nettoyage, j\u2019aime beaucoup aussi le <a href=\"https:\/\/renskincare.fr\/collections\/cleansers\/products\/rosa-centifolia%E2%84%A2-cleanse-reveal-demaquillant-au-linge-chaud?utm_source=mbdf&amp;utm_medium=article&amp;utm_campaign=decembre19\" target=\"_blank\" rel=\"noopener noreferrer\"><strong>Baume Nettoyant au linge chaud<\/strong><\/a> : tr\u00e8s onctueux et riche, il permet de se masser le visage tout en le nettoyant, \u00e7a en fait un moment tr\u00e8s agr\u00e9able.<\/p>\n<p>Bon je m\u2019arr\u00eate l\u00e0 sinon mon article va \u00eatre beaucoup trop long ;-))<\/p>\n<p>Dites-moi sur quoi vous craquez, comme toujours \u00e7a m\u2019int\u00e9resse\u00a0!<\/p>\n","protected":false},"excerpt":{"rendered":"<p><img loading=\"lazy\" decoding=\"async\" class=\"aligncenter size-full wp-image-164046\" src=\"https:\/\/www.monblogdefille.com\/blog\/wp-content\/uploads\/2019\/12\/ren-25.jpg\" alt=\"\" width=\"2000\" height=\"2057\" srcset=\"https:\/\/www.monblogdefille.com\/blog\/wp-content\/uploads\/2019\/12\/ren-25.jpg 2000w, https:\/\/www.monblogdefille.com\/blog\/wp-content\/uploads\/2019\/12\/ren-25-292x300.jpg 292w, https:\/\/www.monblogdefille.com\/blog\/wp-content\/uploads\/2019\/12\/ren-25-996x1024.jpg 996w, https:\/\/www.monblogdefille.com\/blog\/wp-content\/uploads\/2019\/12\/ren-25-1493x1536.jpg 1493w, https:\/\/www.monblogdefille.com\/blog\/wp-content\/uploads\/2019\/12\/ren-25-1991x2048.jpg 1991w, https:\/\/www.monblogdefille.com\/blog\/wp-content\/uploads\/2019\/12\/ren-25-1010x1039.jpg 1010w\" sizes=\"auto, (max-width: 2000px) 100vw, 2000px\" \/><\/p>\n","protected":false},"author":3,"featured_media":164046,"comment_status":"open","ping_status":"open","sticky":false,"template":"","format":"standard","meta":{"footnotes":""},"categories":[14974,1489,20108],"tags":[20219,20070],"class_list":["post-164045","post","type-post","status-publish","format-standard","has-post-thumbnail","hentry","category-bons-plans","category-le-soin","category-shopping-beaute-belle-sans-souffrir","tag-ren-skincare","tag-shopping-beaute"],"_links":{"self":[{"href":"https:\/\/www.monblogdefille.com\/blog\/wp-json\/wp\/v2\/posts\/164045","targetHints":{"allow":["GET"]}}],"collection":[{"href":"https:\/\/www.monblogdefille.com\/blog\/wp-json\/wp\/v2\/posts"}],"about":[{"href":"https:\/\/www.monblogdefille.com\/blog\/wp-json\/wp\/v2\/types\/post"}],"author":[{"embeddable":true,"href":"https:\/\/www.monblogdefille.com\/blog\/wp-json\/wp\/v2\/users\/3"}],"replies":[{"embeddable":true,"href":"https:\/\/www.monblogdefille.com\/blog\/wp-json\/wp\/v2\/comments?post=164045"}],"version-history":[{"count":0,"href":"https:\/\/www.monblogdefille.com\/blog\/wp-json\/wp\/v2\/posts\/164045\/revisions"}],"wp:featuredmedia":[{"embeddable":true,"href":"https:\/\/www.monblogdefille.com\/blog\/wp-json\/wp\/v2\/media\/164046"}],"wp:attachment":[{"href":"https:\/\/www.monblogdefille.com\/blog\/wp-json\/wp\/v2\/media?parent=164045"}],"wp:term":[{"taxonomy":"category","embeddable":true,"href":"https:\/\/www.monblogdefille.com\/blog\/wp-json\/wp\/v2\/categories?post=164045"},{"taxonomy":"post_tag","embeddable":true,"href":"https:\/\/www.monblogdefille.com\/blog\/wp-json\/wp\/v2\/tags?post=164045"}],"curies":[{"name":"wp","href":"https:\/\/api.w.org\/{rel}","templated":true}]}}