{"id":163953,"date":"2019-11-06T09:00:57","date_gmt":"2019-11-06T08:00:57","guid":{"rendered":"https:\/\/www.monblogdefille.com\/blog\/?p=163953"},"modified":"2019-11-27T17:14:07","modified_gmt":"2019-11-27T16:14:07","slug":"du-maquillage-sur-mesure-avec-by-terry-et-estee-lauder","status":"publish","type":"post","link":"https:\/\/www.monblogdefille.com\/blog\/du-maquillage-sur-mesure-avec-by-terry-et-estee-lauder\/","title":{"rendered":"Du maquillage sur mesure avec By Terry et Est\u00e9e Lauder"},"content":{"rendered":"<p><img loading=\"lazy\" decoding=\"async\" class=\"aligncenter size-full wp-image-163954\" src=\"https:\/\/www.monblogdefille.com\/blog\/wp-content\/uploads\/2019\/11\/maquillage-sur-mesure.jpg\" alt=\"\" width=\"2000\" height=\"1333\" srcset=\"https:\/\/www.monblogdefille.com\/blog\/wp-content\/uploads\/2019\/11\/maquillage-sur-mesure.jpg 2000w, https:\/\/www.monblogdefille.com\/blog\/wp-content\/uploads\/2019\/11\/maquillage-sur-mesure-300x200.jpg 300w, https:\/\/www.monblogdefille.com\/blog\/wp-content\/uploads\/2019\/11\/maquillage-sur-mesure-768x512.jpg 768w, https:\/\/www.monblogdefille.com\/blog\/wp-content\/uploads\/2019\/11\/maquillage-sur-mesure-1024x682.jpg 1024w, https:\/\/www.monblogdefille.com\/blog\/wp-content\/uploads\/2019\/11\/maquillage-sur-mesure-1010x673.jpg 1010w, https:\/\/www.monblogdefille.com\/blog\/wp-content\/uploads\/2019\/11\/maquillage-sur-mesure-440x294.jpg 440w\" sizes=\"auto, (max-width: 2000px) 100vw, 2000px\" \/><\/p>\n<p>Je vous ai trouv\u00e9 une id\u00e9e de cadeau (de No\u00ebl ou pas) g\u00e9niale\u00a0!<\/p>\n<p>Oui je sais, il faut venir \u00e0 Paris pour \u00e7a, ne commencez pas \u00e0 r\u00e2ler : je vis \u00e0 Paris et j\u2019y passe le plus clair de mon temps, c\u2019est normal que la plupart des choses dont je parle se trouvent ici ;-)<\/p>\n<p>Aux Galeries Lafayette Haussmann vous pouvez cr\u00e9er vos propres fards poudres (fards et paupi\u00e8re, poudres visage, blush, highlighters\u2026) \u00e0 la palette Factory de By Terry (on peut aussi cr\u00e9er sa palette directement <a href=\"https:\/\/bit.ly\/34h4Gad\" target=\"_blank\" rel=\"noopener noreferrer\"><strong>sur le site de By Terry<\/strong><\/a>), et votre rouge \u00e0 l\u00e8vres chez <strong>Est\u00e9e Lauder<\/strong>\u00a0!<\/p>\n<p>J\u2019ai exp\u00e9riment\u00e9 les deux et j\u2019ai ador\u00e9, et j\u2019ai r\u00e9alis\u00e9 que c\u2019\u00e9tait super \u00e0 faire pour soi, mais que c\u2019\u00e9tait aussi une id\u00e9e de cadeau vraiment originale et chouette !<\/p>\n<p><img loading=\"lazy\" decoding=\"async\" class=\"aligncenter size-full wp-image-163955\" src=\"https:\/\/www.monblogdefille.com\/blog\/wp-content\/uploads\/2019\/11\/maquillage-sur-mesure_2.jpg\" alt=\"\" width=\"2000\" height=\"1430\" srcset=\"https:\/\/www.monblogdefille.com\/blog\/wp-content\/uploads\/2019\/11\/maquillage-sur-mesure_2.jpg 2000w, https:\/\/www.monblogdefille.com\/blog\/wp-content\/uploads\/2019\/11\/maquillage-sur-mesure_2-300x215.jpg 300w, https:\/\/www.monblogdefille.com\/blog\/wp-content\/uploads\/2019\/11\/maquillage-sur-mesure_2-768x549.jpg 768w, https:\/\/www.monblogdefille.com\/blog\/wp-content\/uploads\/2019\/11\/maquillage-sur-mesure_2-1024x732.jpg 1024w, https:\/\/www.monblogdefille.com\/blog\/wp-content\/uploads\/2019\/11\/maquillage-sur-mesure_2-1010x722.jpg 1010w\" sizes=\"auto, (max-width: 2000px) 100vw, 2000px\" \/><\/p>\n<p>La <strong>Palette Factory<\/strong> est l\u00e0 toute l\u2019ann\u00e9e chez <strong>By Terry<\/strong>\u00a0: vous pouvez y aller sans rendez-vous, sur le stand de la marque au rez-de-chauss\u00e9e\u00a0; la dur\u00e9e de la fabrication d\u00e9pendra du type de palette choisi, mais vous n\u2019en aurez pas pour des heures, pas de panique.<br \/>\nVous avez le choix entre plusieurs palettes contenant plus ou moins de fards, \u00e0 partir de 50 \u20ac.<\/p>\n<p>Chez <strong>Est\u00e9e Lauder<\/strong> par contre vous n\u2019avez que jusqu\u2019au dimanche 24 novembre inclus : prenez rendez-vous <a href=\"https:\/\/www.esteelauder.fr\/book-appointment\" target=\"_blank\" rel=\"noopener noreferrer\"><strong>sur le site d&rsquo;Est\u00e9e Lauder<\/strong><\/a> (Choisir un service \u2013 Personnalisez votre rouge \u00e0 l\u00e8vres) ou allez <strong>sur le stand<\/strong> Est\u00e9e Lauder du rez-de-chauss\u00e9e (le proc\u00e9d\u00e9 prend 30 \u00e0 45 mn).<br \/>\nLe coffret contenant votre rouge \u00e0 l\u00e8vres sur mesure et 2 recharges co\u00fbte 75 \u20ac (et le samedi vous pouvez faire graver votre \u00e9tui).<\/p>\n<p>Je trouve que ce sont des cadeaux vraiment chouettes parce que c\u2019est \u00e0 la fois une exp\u00e9rience et un objet physique, et en plus vous vivez l\u2019exp\u00e9rience avec le destinataire (c\u2019est quasiment impossible de choisir de la couleur pour quelqu\u2019un donc il faut y aller avec elle \u2013 ou lui), et c\u2019est tellement amusant et int\u00e9ressant\u00a0!<\/p>\n<p>Si vous essayez, vous me raconterez tout\u00a0?? Je suis tr\u00e8s enthousiasm\u00e9e par ces deux concepts\u00a0!<\/p>\n","protected":false},"excerpt":{"rendered":"<p><img loading=\"lazy\" decoding=\"async\" class=\"aligncenter size-full wp-image-163954\" src=\"https:\/\/www.monblogdefille.com\/blog\/wp-content\/uploads\/2019\/11\/maquillage-sur-mesure.jpg\" alt=\"\" width=\"2000\" height=\"1333\" srcset=\"https:\/\/www.monblogdefille.com\/blog\/wp-content\/uploads\/2019\/11\/maquillage-sur-mesure.jpg 2000w, https:\/\/www.monblogdefille.com\/blog\/wp-content\/uploads\/2019\/11\/maquillage-sur-mesure-300x200.jpg 300w, https:\/\/www.monblogdefille.com\/blog\/wp-content\/uploads\/2019\/11\/maquillage-sur-mesure-768x512.jpg 768w, https:\/\/www.monblogdefille.com\/blog\/wp-content\/uploads\/2019\/11\/maquillage-sur-mesure-1024x682.jpg 1024w, https:\/\/www.monblogdefille.com\/blog\/wp-content\/uploads\/2019\/11\/maquillage-sur-mesure-1010x673.jpg 1010w, https:\/\/www.monblogdefille.com\/blog\/wp-content\/uploads\/2019\/11\/maquillage-sur-mesure-440x294.jpg 440w\" sizes=\"auto, (max-width: 2000px) 100vw, 2000px\" \/><\/p>\n","protected":false},"author":3,"featured_media":163954,"comment_status":"open","ping_status":"open","sticky":false,"template":"","format":"standard","meta":{"footnotes":""},"categories":[1485,20108],"tags":[19939,20126,19938,20070],"class_list":["post-163953","post","type-post","status-publish","format-standard","has-post-thumbnail","hentry","category-le-maquillage","category-shopping-beaute-belle-sans-souffrir","tag-fard-a-paupieres","tag-noel","tag-rouge-a-levres","tag-shopping-beaute"],"_links":{"self":[{"href":"https:\/\/www.monblogdefille.com\/blog\/wp-json\/wp\/v2\/posts\/163953","targetHints":{"allow":["GET"]}}],"collection":[{"href":"https:\/\/www.monblogdefille.com\/blog\/wp-json\/wp\/v2\/posts"}],"about":[{"href":"https:\/\/www.monblogdefille.com\/blog\/wp-json\/wp\/v2\/types\/post"}],"author":[{"embeddable":true,"href":"https:\/\/www.monblogdefille.com\/blog\/wp-json\/wp\/v2\/users\/3"}],"replies":[{"embeddable":true,"href":"https:\/\/www.monblogdefille.com\/blog\/wp-json\/wp\/v2\/comments?post=163953"}],"version-history":[{"count":0,"href":"https:\/\/www.monblogdefille.com\/blog\/wp-json\/wp\/v2\/posts\/163953\/revisions"}],"wp:featuredmedia":[{"embeddable":true,"href":"https:\/\/www.monblogdefille.com\/blog\/wp-json\/wp\/v2\/media\/163954"}],"wp:attachment":[{"href":"https:\/\/www.monblogdefille.com\/blog\/wp-json\/wp\/v2\/media?parent=163953"}],"wp:term":[{"taxonomy":"category","embeddable":true,"href":"https:\/\/www.monblogdefille.com\/blog\/wp-json\/wp\/v2\/categories?post=163953"},{"taxonomy":"post_tag","embeddable":true,"href":"https:\/\/www.monblogdefille.com\/blog\/wp-json\/wp\/v2\/tags?post=163953"}],"curies":[{"name":"wp","href":"https:\/\/api.w.org\/{rel}","templated":true}]}}