{"id":163944,"date":"2019-10-30T09:00:51","date_gmt":"2019-10-30T08:00:51","guid":{"rendered":"https:\/\/www.monblogdefille.com\/blog\/?p=163944"},"modified":"2019-12-18T16:58:56","modified_gmt":"2019-12-18T15:58:56","slug":"les-chroniques-de-patricia-changer-nest-pas-tricher","status":"publish","type":"post","link":"https:\/\/www.monblogdefille.com\/blog\/les-chroniques-de-patricia-changer-nest-pas-tricher\/","title":{"rendered":"Les chroniques de Patricia : Changer n\u2019est pas tricher"},"content":{"rendered":"<p><img loading=\"lazy\" decoding=\"async\" class=\"aligncenter size-full wp-image-163945\" src=\"https:\/\/www.monblogdefille.com\/blog\/wp-content\/uploads\/2019\/10\/changer.jpg\" alt=\"\" width=\"1480\" height=\"797\" srcset=\"https:\/\/www.monblogdefille.com\/blog\/wp-content\/uploads\/2019\/10\/changer.jpg 1480w, https:\/\/www.monblogdefille.com\/blog\/wp-content\/uploads\/2019\/10\/changer-300x162.jpg 300w, https:\/\/www.monblogdefille.com\/blog\/wp-content\/uploads\/2019\/10\/changer-768x414.jpg 768w, https:\/\/www.monblogdefille.com\/blog\/wp-content\/uploads\/2019\/10\/changer-1024x551.jpg 1024w, https:\/\/www.monblogdefille.com\/blog\/wp-content\/uploads\/2019\/10\/changer-1010x544.jpg 1010w\" sizes=\"auto, (max-width: 1480px) 100vw, 1480px\" \/><\/p>\n<p>\u00ab\u00a0C\u2019\u00e9tait en septembre, il y a une quinzaine d\u2019ann\u00e9es. Je fl\u00e2nais gentiment dans le vernissage d\u2019une galerie <em>hype<\/em> quand une main chaude et d\u00e9termin\u00e9e agrippait la mienne et m\u2019entra\u00eenait dans un coin isol\u00e9. Mon amie Luciana, tout juste revenue de vacances dans son Br\u00e9sil natal, se tenait devant moi, radieuse. Sans pr\u00e9venir, elle souleva son t-shirt et plaqua ma main, toujours dans la sienne, sur sa poitrine. Devant mon air ahuri elle s\u2019exclama hilare\u00a0: \u00ab\u2009T\u2019as vu\u2009? Touche, tu ne trouves pas que c\u2019est super naturel\u2009?\u2009\u00bb. Luciana avait gagn\u00e9 deux tailles de soutif et \u00e9tait manifestement enchant\u00e9e du r\u00e9sultat.<\/p>\n<p>J\u2019\u00e9tais sci\u00e9e.<\/p>\n<p>Pas qu\u2019elle ait franchi le cap de la chirurgie esth\u00e9tique, chacun fait bien ce qu\u2019il veut et encore heureux, mais qu\u2019elle l\u2019assume aussi naturellement d\u00e9complex\u00e9e devant moi et aussi devant tous les copains qui tra\u00eenaient dans le coin.<\/p>\n<p>Dans mon entourage parisien, les quelques-unes qui franchissaient le pas le faisaient \u00e0 l\u2019abri des regards, dans des cliniques feutr\u00e9es, et elles auraient pr\u00e9f\u00e9r\u00e9 crever la bouche ouverte plut\u00f4t que d\u2019admettre que leur corps sublime et leur visage lisse n\u2019\u00e9taient pas uniquement le r\u00e9sultat d\u2019une g\u00e9n\u00e9tique parfaite et d\u2019une bonne hydratation. C\u2019\u00e9tait aussi l\u2019\u00e9poque, souvenez-vous, o\u00f9 les stars de cin\u00e9 repulp\u00e9es et\/ou d\u00e9figur\u00e9es juraient leurs grands Dieux que non, \u00f4 grand jamais, elles n\u2019avaient eu recours \u00e0 la chirurgie esth\u00e9tique. La beaut\u00e9 devait \u00eatre naturelle, sinon c\u2019\u00e9tait de la triche.<\/p>\n<p>Quelques ann\u00e9es plus tard, je vivais au Br\u00e9sil et d\u2019un coup d\u2019un seul je compris l\u2019exub\u00e9rance de Luciana ce soir de septembre. Ivo Pitanguy, le ma\u00eetre incontest\u00e9 de la chirurgie esth\u00e9tique, venait de nous quitter et on \u00e9tait \u00e0 deux doigts du deuil national. Hommages \u00e0 gogo sur toutes les cha\u00eenes de t\u00e9l\u00e9 et t\u00e9moignages de stars, mais aussi d\u2019anonymes, louant la magie du docteur et son pouvoir de changer des vies en changeant des corps ou des visages. J\u2019\u00e9tais tr\u00e8s loin de la pudibonderie et de l\u2019hypocrisie fran\u00e7aise qui cache honteusement la moindre retouche. Au Br\u00e9sil, les femmes vont chez le chirurgien comme on va au supermarch\u00e9. Se faire op\u00e9rer n\u2019est pas tricher. La chirurgie offre la possibilit\u00e9 de se sentir mieux dans son corps. Pourquoi s\u2019en priver et surtout pourquoi le cacher\u2009? Alors les Br\u00e9siliennes s\u2019\u00e9changent les bonnes adresses, elles se racontent les op\u00e9rations pass\u00e9es et elles d\u00e9battent sur les prochaines. Pas de tabous. On opine, on palpe et on se dit\u00a0: pourquoi pas moi\u2009?<\/p>\n<p>J\u2019\u00e9tais d\u00e9boussol\u00e9e, je sortais d\u2019un monde o\u00f9 tout doit \u00eatre absolument naturel et subtil et dans lequel t\u2019as int\u00e9r\u00eat \u00e0 assumer ton nez de traviole, tes dents en vrac, tes seins beaucoup trop petits ou beaucoup trop gros, parce que tu es n\u00e9e avec et que c\u2019est comme \u00e7a. On est d\u2019accord\u00a0: assumer n\u2019est pas toujours \u00e9vident. Non\u2009?<\/p>\n<p>Qui n\u2019a jamais entendu \u00ab\u2009Regarde Rossy de Palma, son nez c\u2019est toute sa personnalit\u00e9\u2009\u00bb, ou\u00a0: \u00ab\u2009Jane Birkin est plate comme un \u00e9ph\u00e8be pr\u00e9pub\u00e8re et n\u00e9anmoins super sexy\u2009\u00bb\u2009? Oui, c\u2019est vrai, mais comment on fait quand on n\u2019est ni l\u2019une ni l\u2019autre\u2009?<\/p>\n<p>Si on veut se modifier, on a toujours l\u2019impression qu\u2019on va \u00eatre critiqu\u00e9e, jug\u00e9e, voire stigmatis\u00e9e. Alors, parfois, on fait quand m\u00eame, mais surtout on ne dit rien, et la plupart du temps on ne fait pas, et on reste dans notre coin, enroul\u00e9e dans un par\u00e9o pour cacher ce qu\u2019on d\u00e9teste, alors que la Br\u00e9silienne, elle, prom\u00e8ne son derri\u00e8re rebondi et retouch\u00e9.<\/p>\n<p>Cette diff\u00e9rence culturelle ne concerne pas uniquement la chirurgie, elle concerne la beaut\u00e9 en g\u00e9n\u00e9ral. Les Br\u00e9siliennes sont tr\u00e8s attentives \u00e0 leur apparence et d\u00e9dient beaucoup de temps et d\u2019\u00e9nergie \u00e0 soigner leurs cheveux, leurs ongles et leurs corps. Mais contrairement aux Fran\u00e7aises, elles ne le cachent pas. Elles se font tailler les sourcils dans des stands ouverts \u00e0 tous les regards dans les galeries commerciales, elles remplissent leur caddie avec des papillotes sur la t\u00eate entre le shampoing et le brushing, elles circulent en tenue de sport avant et apr\u00e8s avoir \u00e9t\u00e9 courir sur un tapis. Au d\u00e9but, je leur jetais un regard r\u00e9probateur en jugeant leur manque de pudeur. \u00c0 la fin, j\u2019admirais leur libert\u00e9 et surtout leur honn\u00eatet\u00e9. Prendre soin de soi prend du temps et \u00e7a ne doit pas \u00eatre un secret. Et surtout, profiter des outils esth\u00e9tiques disponibles, chirurgie, soin ou maquillage, pour se sentir mieux est une \u00e9vidence. Face \u00e0 la chirurgie, les Br\u00e9siliennes, comme nous, peuvent avoir des doutes, elles peuvent avoir peur que le r\u00e9sultat soit d\u00e9sastreux, avoir peur de l\u2019op\u00e9ration \u2014 apr\u00e8s tout ce n\u2019est jamais anodin \u2014 elles peuvent \u00e9galement ne pas avoir les moyens financiers, mais elles n\u2019ont jamais peur d\u2019\u00eatre jug\u00e9es. Si elles franchissent le pas, c\u2019est sans aucune culpabilit\u00e9.<\/p>\n<p>Je me souviens d\u2019une interview de Cindy Crawford quand elle \u00e9tait au sommet de sa carri\u00e8re. Elle parlait d\u2019une fan qui lui avait \u00e9crit que son r\u00eave le plus cher \u00e9tait d\u2019un matin se r\u00e9veiller en \u00e9tant Cindy Crawford. Et Cindy C. qui r\u00e9pondait\u00a0: \u00ab\u2009Oui, moi aussi j\u2019aimerais me r\u00e9veiller en \u00e9tant Cindy Crawford\u2009\u00bb et d\u00e9crivait ensuite par le menu le temps pass\u00e9 \u00e0 se pr\u00e9parer pour cet entretien\u00a0: le coiffeur, le maquilleur, l\u2019\u00e9clairagiste, la nutritionniste, le coach sportif, etc. Jane Fonda, autre femme sublime avouait \u00e0 peu pr\u00e8s \u00e0 la m\u00eame \u00e9poque que le secret de sa beaut\u00e9 c\u2019\u00e9tait\u00a0: \u00ab\u2009de bons g\u00e8nes et un tr\u00e8s bon chirurgien\u2009!\u2009\u00bb<\/p>\n<p>Non, ni l\u2019une ni l\u2019autre ne s\u2019\u00e9tait r\u00e9veill\u00e9e comme \u00e7a, et elles avaient eu l\u2019honn\u00eatet\u00e9 de le dire.<\/p>\n<p>Mais elles \u00e9taient bien les seules.<\/p>\n<p>La bonne nouvelle, c\u2019est que les choses changent, et une fois de plus les r\u00e9seaux sociaux jouent un r\u00f4le important dans cette petite (ou grande) r\u00e9volution. Aujourd\u2019hui, des top influenceuses racontent leurs traitements esth\u00e9tiques, leurs h\u00e9sitations, leurs r\u00e9ussites et aussi parfois leurs \u00e9checs. Allez voir la vid\u00e9o de Camila Coelho qui parle de sa rhinoplastie, les s\u00e9ances, parfois gores, de \u00ab\u2009micro blending\u2009\u00bb subies par Gala Gonzalez pour avoir un teint \u00e9clatant, la vid\u00e9o de Sanaa sur la chirurgie, \u00a0notre ch\u00e8re H\u00e9l\u00e8ne qui filme ses s\u00e9ances d\u2019injection chez le Docteur Botox, ou qui nous montre comment elle corrige son sourire. Lisez aussi l\u2019interview d\u2019Huda Kattan dans laquelle elle parle totalement d\u00e9complex\u00e9e de ses op\u00e9rations de remodelage de nez et de poitrine tout en s\u2019\u00e9tonnant que certaines stars internationales continuent de nier toute intervention et enfin, lisez la r\u00e9ponse de Cristina Cordula, star br\u00e9silienne de la t\u00e9l\u00e9 fran\u00e7aise, faite \u00e0 une journaliste du magazine Sant\u00e9 Femme qui s\u2019\u00e9tonne de son franc-parler concernant les actes esth\u00e9tiques\u00a0: \u00ab\u00a0Je suis Br\u00e9silienne, ma ch\u00e9rie je viens du pays de la chirurgie esth\u00e9tique, donc &lsquo;pour&rsquo; \u00e9videmment ! Je n&rsquo;ai aucun tabou l\u00e0-dessus. Il faut juste que ce soit bien fait\u00a0\u00bb<\/p>\n<p>Ces femmes influentes assument et nous lib\u00e8rent. Le monde de la beaut\u00e9 est un peu moins hypocrite et petit \u00e0 petit les murs des tabous se fissurent et c\u2019est \u00e7a qui compte vraiment\u00a0: l\u2019honn\u00eatet\u00e9.\u00a0\u00bb<\/p>\n","protected":false},"excerpt":{"rendered":"<p><img loading=\"lazy\" decoding=\"async\" class=\"aligncenter size-full wp-image-163945\" src=\"https:\/\/www.monblogdefille.com\/blog\/wp-content\/uploads\/2019\/10\/changer.jpg\" alt=\"\" width=\"1480\" height=\"797\" srcset=\"https:\/\/www.monblogdefille.com\/blog\/wp-content\/uploads\/2019\/10\/changer.jpg 1480w, https:\/\/www.monblogdefille.com\/blog\/wp-content\/uploads\/2019\/10\/changer-300x162.jpg 300w, https:\/\/www.monblogdefille.com\/blog\/wp-content\/uploads\/2019\/10\/changer-768x414.jpg 768w, https:\/\/www.monblogdefille.com\/blog\/wp-content\/uploads\/2019\/10\/changer-1024x551.jpg 1024w, https:\/\/www.monblogdefille.com\/blog\/wp-content\/uploads\/2019\/10\/changer-1010x544.jpg 1010w\" sizes=\"auto, (max-width: 1480px) 100vw, 1480px\" \/><\/p>\n","protected":false},"author":3,"featured_media":163945,"comment_status":"open","ping_status":"open","sticky":false,"template":"","format":"standard","meta":{"footnotes":""},"categories":[20241,20176,20040],"tags":[20179],"class_list":["post-163944","post","type-post","status-publish","format-standard","has-post-thumbnail","hentry","category-les-chroniques-de-patricia","category-lifestyle","category-medecine-esthetique","tag-medecine-esthetique"],"_links":{"self":[{"href":"https:\/\/www.monblogdefille.com\/blog\/wp-json\/wp\/v2\/posts\/163944","targetHints":{"allow":["GET"]}}],"collection":[{"href":"https:\/\/www.monblogdefille.com\/blog\/wp-json\/wp\/v2\/posts"}],"about":[{"href":"https:\/\/www.monblogdefille.com\/blog\/wp-json\/wp\/v2\/types\/post"}],"author":[{"embeddable":true,"href":"https:\/\/www.monblogdefille.com\/blog\/wp-json\/wp\/v2\/users\/3"}],"replies":[{"embeddable":true,"href":"https:\/\/www.monblogdefille.com\/blog\/wp-json\/wp\/v2\/comments?post=163944"}],"version-history":[{"count":0,"href":"https:\/\/www.monblogdefille.com\/blog\/wp-json\/wp\/v2\/posts\/163944\/revisions"}],"wp:featuredmedia":[{"embeddable":true,"href":"https:\/\/www.monblogdefille.com\/blog\/wp-json\/wp\/v2\/media\/163945"}],"wp:attachment":[{"href":"https:\/\/www.monblogdefille.com\/blog\/wp-json\/wp\/v2\/media?parent=163944"}],"wp:term":[{"taxonomy":"category","embeddable":true,"href":"https:\/\/www.monblogdefille.com\/blog\/wp-json\/wp\/v2\/categories?post=163944"},{"taxonomy":"post_tag","embeddable":true,"href":"https:\/\/www.monblogdefille.com\/blog\/wp-json\/wp\/v2\/tags?post=163944"}],"curies":[{"name":"wp","href":"https:\/\/api.w.org\/{rel}","templated":true}]}}