{"id":163911,"date":"2019-10-13T09:00:55","date_gmt":"2019-10-13T07:00:55","guid":{"rendered":"https:\/\/www.monblogdefille.com\/blog\/?p=163911"},"modified":"2019-10-23T13:19:48","modified_gmt":"2019-10-23T11:19:48","slug":"ma-routine-de-soins-du-matin-en-live-a-londres","status":"publish","type":"post","link":"https:\/\/www.monblogdefille.com\/blog\/ma-routine-de-soins-du-matin-en-live-a-londres\/","title":{"rendered":"Ma routine de soins du matin, en live \u00e0 Londres"},"content":{"rendered":"<p><iframe loading=\"lazy\" frameborder=\"0\" height=\"563\" src=\"https:\/\/www.youtube.com\/embed\/SNNy12ZCBD8\" width=\"1000\"><span style=\"display: inline-block; width: 0px; overflow: hidden; line-height: 0;\" data-mce-type=\"bookmark\" class=\"mce_SELRES_start\">\ufeff<\/span><\/iframe><\/p>\n<p style=\"text-align: center;\"><em>Cette vid\u00e9o contient un partenariat r\u00e9mun\u00e9r\u00e9 avec Elizabeth Arden<\/em><\/p>\n<p style=\"text-align: center;\"><a href=\"https:\/\/bit.ly\/31a7AvR\" target=\"_blank\" rel=\"noopener noreferrer\"><strong>BioEffect \u2013 S\u00e9rum contour des yeux<\/strong><\/a><\/p>\n<p style=\"text-align: center;\"><a href=\"https:\/\/bit.ly\/30RZtDP\" target=\"_blank\" rel=\"noopener noreferrer\"><strong>Est\u00e9e Lauder \u2013 S\u00e9rum Advanced Night Repair<\/strong><\/a><\/p>\n<p style=\"text-align: center;\"><a href=\"http:\/\/bit.ly\/2m4qsx5HL\" target=\"_blank\" rel=\"noopener noreferrer\"><strong>Elizabeth Arden \u2013 Capsules \u00e0 la Vitamine C<\/strong><\/a><\/p>\n<p style=\"text-align: center;\"><a href=\"http:\/\/bit.ly\/30Rex4v\" target=\"_blank\" rel=\"noopener noreferrer\"><strong>Paula\u2019s Choice \u2013 Contour des Yeux Clinical Ceramides<\/strong><\/a><\/p>\n<p style=\"text-align: center;\"><a href=\"https:\/\/bit.ly\/2OoyrBc\" target=\"_blank\" rel=\"noopener noreferrer\"><strong>Elizabeth Arden \u2013 Great 8 Gel Cr\u00e8me SPF 35<\/strong><\/a><\/p>\n<p style=\"text-align: center;\"><em>Je porte un pyjama Monoprix (et toujours une bronchite ;-)<\/em><\/p>\n","protected":false},"excerpt":{"rendered":"<p><img loading=\"lazy\" decoding=\"async\" class=\"aligncenter size-full wp-image-163912\" src=\"https:\/\/www.monblogdefille.com\/blog\/wp-content\/uploads\/2019\/10\/arden-blog.jpg\" alt=\"\" width=\"764\" height=\"710\" srcset=\"https:\/\/www.monblogdefille.com\/blog\/wp-content\/uploads\/2019\/10\/arden-blog.jpg 764w, https:\/\/www.monblogdefille.com\/blog\/wp-content\/uploads\/2019\/10\/arden-blog-162x150.jpg 162w, https:\/\/www.monblogdefille.com\/blog\/wp-content\/uploads\/2019\/10\/arden-blog-300x279.jpg 300w\" sizes=\"auto, (max-width: 764px) 100vw, 764px\" \/><\/p>\n","protected":false},"author":3,"featured_media":163912,"comment_status":"open","ping_status":"open","sticky":false,"template":"","format":"standard","meta":{"footnotes":""},"categories":[1489,20158,19978],"tags":[20168,20089,20226],"class_list":["post-163911","post","type-post","status-publish","format-standard","has-post-thumbnail","hentry","category-le-soin","category-soin","category-videos","tag-anti-age","tag-hydratation","tag-soin-visage"],"_links":{"self":[{"href":"https:\/\/www.monblogdefille.com\/blog\/wp-json\/wp\/v2\/posts\/163911","targetHints":{"allow":["GET"]}}],"collection":[{"href":"https:\/\/www.monblogdefille.com\/blog\/wp-json\/wp\/v2\/posts"}],"about":[{"href":"https:\/\/www.monblogdefille.com\/blog\/wp-json\/wp\/v2\/types\/post"}],"author":[{"embeddable":true,"href":"https:\/\/www.monblogdefille.com\/blog\/wp-json\/wp\/v2\/users\/3"}],"replies":[{"embeddable":true,"href":"https:\/\/www.monblogdefille.com\/blog\/wp-json\/wp\/v2\/comments?post=163911"}],"version-history":[{"count":0,"href":"https:\/\/www.monblogdefille.com\/blog\/wp-json\/wp\/v2\/posts\/163911\/revisions"}],"wp:featuredmedia":[{"embeddable":true,"href":"https:\/\/www.monblogdefille.com\/blog\/wp-json\/wp\/v2\/media\/163912"}],"wp:attachment":[{"href":"https:\/\/www.monblogdefille.com\/blog\/wp-json\/wp\/v2\/media?parent=163911"}],"wp:term":[{"taxonomy":"category","embeddable":true,"href":"https:\/\/www.monblogdefille.com\/blog\/wp-json\/wp\/v2\/categories?post=163911"},{"taxonomy":"post_tag","embeddable":true,"href":"https:\/\/www.monblogdefille.com\/blog\/wp-json\/wp\/v2\/tags?post=163911"}],"curies":[{"name":"wp","href":"https:\/\/api.w.org\/{rel}","templated":true}]}}