{"id":163878,"date":"2019-09-26T09:00:14","date_gmt":"2019-09-26T07:00:14","guid":{"rendered":"https:\/\/www.monblogdefille.com\/blog\/?p=163878"},"modified":"2019-10-06T11:14:56","modified_gmt":"2019-10-06T09:14:56","slug":"heliaca-qui-leut-cru","status":"publish","type":"post","link":"https:\/\/www.monblogdefille.com\/blog\/heliaca-qui-leut-cru\/","title":{"rendered":"Heliaca, qui l\u2019e\u00fbt cru ?"},"content":{"rendered":"<p><img loading=\"lazy\" decoding=\"async\" class=\"aligncenter size-full wp-image-163879\" src=\"https:\/\/www.monblogdefille.com\/blog\/wp-content\/uploads\/2019\/09\/heliaca_couvent_minimes.jpg\" alt=\"\" width=\"2000\" height=\"1453\" srcset=\"https:\/\/www.monblogdefille.com\/blog\/wp-content\/uploads\/2019\/09\/heliaca_couvent_minimes.jpg 2000w, https:\/\/www.monblogdefille.com\/blog\/wp-content\/uploads\/2019\/09\/heliaca_couvent_minimes-300x218.jpg 300w, https:\/\/www.monblogdefille.com\/blog\/wp-content\/uploads\/2019\/09\/heliaca_couvent_minimes-768x558.jpg 768w, https:\/\/www.monblogdefille.com\/blog\/wp-content\/uploads\/2019\/09\/heliaca_couvent_minimes-1024x744.jpg 1024w, https:\/\/www.monblogdefille.com\/blog\/wp-content\/uploads\/2019\/09\/heliaca_couvent_minimes-1010x734.jpg 1010w\" sizes=\"auto, (max-width: 2000px) 100vw, 2000px\" \/><\/p>\n<p>Depuis quelques mois, Jean-Claude Ellena est directeur de la cr\u00e9ation olfactive pour le Couvent des Minimes.<\/p>\n<p>Sous sa direction, la collection des Eaux de Parfums Singuli\u00e8res a vu le jour, et compte aujourd\u2019hui cinq fragrances (cr\u00e9\u00e9es avec cinq parfumeurs), toutes d\u00e9di\u00e9es \u00e0 \/ inspir\u00e9es de figures animales marquantes.<\/p>\n<p>J\u2019\u00e9tais persuad\u00e9e que Lysandra (la gr\u00e2ce du papillon) me conviendrait le mieux car il est construit \u00e0 base de mandarine et de jasmin (les deux ensemble = le r\u00eave). Mais il est aussi un peu poudr\u00e9, et tourne malheureusement \u00e0 quelque chose de trop \u201cf\u00e9minin \u00e0 l\u2019ancienne un poil sucr\u00e9\u201d sur moi.<\/p>\n<p>Apr\u00e8s un atelier avec Jean-Claude Ellena et une d\u00e9couverte approfondie des cinq parfums et de leur construction, j\u2019ai d\u00e9cid\u00e9 de tester quelque chose qui ne me ressemble pas une seule seconde, car les ingr\u00e9dients m\u2019intriguaient : <a href=\"https:\/\/bit.ly\/2Pmkw0D\" target=\"_blank\" rel=\"noopener noreferrer\"><strong>Heliaca<\/strong> <\/a>(la puissance de l\u2019aigle), cr\u00e9\u00e9 avec Am\u00e9lie Bourgeois. Bien que la gamme ne soit pas genr\u00e9e, c\u2019est sans doute le plus \u201cmasculin\u201d des cinq.<\/p>\n<p>Il est construit sur le gingembre, la cardamome\u2026 et le bois de Oud ! JAMAIS je n\u2019aurais pens\u00e9 appr\u00e9cier un parfum qui contient de l\u2019oud, c\u2019est tellement l\u2019inverse de ce que j\u2019aime habituellement (chaud, sensuel, presque sucr\u00e9\u2026 moi qui n\u2019aime que le citron ;-)) !<\/p>\n<p>J\u2019avais du mal \u00e0 croire qu\u2019il fonctionnerait sur moi, puis je l\u2019ai essay\u00e9 chez moi tranquillement et j\u2019ai constat\u00e9 qu\u2019il \u00e9tait tr\u00e8s tr\u00e8s beau, r\u00e9confortant et enveloppant, pas vraiment sucr\u00e9 ; c\u2019est sans aucun doute un bois\u00e9 \u00e9pic\u00e9, comme le d\u00e9crit la marque. \u00a0Au bout de quelques heures sur moi il sent le bois et l\u2019encens, puis finalement juste le bois fum\u00e9, c\u2019est vraiment magnifique.<\/p>\n<p>Monsieur Ellena est d\u00e9cid\u00e9ment tr\u00e8s fort ;-) (c\u2019est <a href=\"https:\/\/www.monblogdefille.com\/blog\/le-nouveau-parfum-de-frederic-malle-est-super-interessant\/\" target=\"_blank\" rel=\"noopener noreferrer\"><strong>sa 2\u00e8me \u201cvictoire inattendue\u201d<\/strong><\/a> en un mois).<\/p>\n","protected":false},"excerpt":{"rendered":"<p><img loading=\"lazy\" decoding=\"async\" class=\"aligncenter size-full wp-image-163879\" src=\"https:\/\/www.monblogdefille.com\/blog\/wp-content\/uploads\/2019\/09\/heliaca_couvent_minimes.jpg\" alt=\"\" width=\"2000\" height=\"1453\" srcset=\"https:\/\/www.monblogdefille.com\/blog\/wp-content\/uploads\/2019\/09\/heliaca_couvent_minimes.jpg 2000w, https:\/\/www.monblogdefille.com\/blog\/wp-content\/uploads\/2019\/09\/heliaca_couvent_minimes-300x218.jpg 300w, https:\/\/www.monblogdefille.com\/blog\/wp-content\/uploads\/2019\/09\/heliaca_couvent_minimes-768x558.jpg 768w, https:\/\/www.monblogdefille.com\/blog\/wp-content\/uploads\/2019\/09\/heliaca_couvent_minimes-1024x744.jpg 1024w, https:\/\/www.monblogdefille.com\/blog\/wp-content\/uploads\/2019\/09\/heliaca_couvent_minimes-1010x734.jpg 1010w\" sizes=\"auto, (max-width: 2000px) 100vw, 2000px\" \/><\/p>\n","protected":false},"author":3,"featured_media":163879,"comment_status":"open","ping_status":"open","sticky":false,"template":"","format":"standard","meta":{"footnotes":""},"categories":[20099],"tags":[20100],"class_list":["post-163878","post","type-post","status-publish","format-standard","has-post-thumbnail","hentry","category-parfum","tag-parfum"],"_links":{"self":[{"href":"https:\/\/www.monblogdefille.com\/blog\/wp-json\/wp\/v2\/posts\/163878","targetHints":{"allow":["GET"]}}],"collection":[{"href":"https:\/\/www.monblogdefille.com\/blog\/wp-json\/wp\/v2\/posts"}],"about":[{"href":"https:\/\/www.monblogdefille.com\/blog\/wp-json\/wp\/v2\/types\/post"}],"author":[{"embeddable":true,"href":"https:\/\/www.monblogdefille.com\/blog\/wp-json\/wp\/v2\/users\/3"}],"replies":[{"embeddable":true,"href":"https:\/\/www.monblogdefille.com\/blog\/wp-json\/wp\/v2\/comments?post=163878"}],"version-history":[{"count":0,"href":"https:\/\/www.monblogdefille.com\/blog\/wp-json\/wp\/v2\/posts\/163878\/revisions"}],"wp:featuredmedia":[{"embeddable":true,"href":"https:\/\/www.monblogdefille.com\/blog\/wp-json\/wp\/v2\/media\/163879"}],"wp:attachment":[{"href":"https:\/\/www.monblogdefille.com\/blog\/wp-json\/wp\/v2\/media?parent=163878"}],"wp:term":[{"taxonomy":"category","embeddable":true,"href":"https:\/\/www.monblogdefille.com\/blog\/wp-json\/wp\/v2\/categories?post=163878"},{"taxonomy":"post_tag","embeddable":true,"href":"https:\/\/www.monblogdefille.com\/blog\/wp-json\/wp\/v2\/tags?post=163878"}],"curies":[{"name":"wp","href":"https:\/\/api.w.org\/{rel}","templated":true}]}}