{"id":163872,"date":"2019-09-24T09:00:41","date_gmt":"2019-09-24T07:00:41","guid":{"rendered":"https:\/\/www.monblogdefille.com\/blog\/?p=163872"},"modified":"2019-10-04T10:24:49","modified_gmt":"2019-10-04T08:24:49","slug":"les-2-nouveautes-de-bioeffect","status":"publish","type":"post","link":"https:\/\/www.monblogdefille.com\/blog\/les-2-nouveautes-de-bioeffect\/","title":{"rendered":"Les 2 nouveaut\u00e9s de BioEffect"},"content":{"rendered":"<p><img loading=\"lazy\" decoding=\"async\" class=\"aligncenter size-full wp-image-163873\" src=\"https:\/\/www.monblogdefille.com\/blog\/wp-content\/uploads\/2019\/09\/bioeffect_masque_essence.jpg\" alt=\"\" width=\"2000\" height=\"2057\" srcset=\"https:\/\/www.monblogdefille.com\/blog\/wp-content\/uploads\/2019\/09\/bioeffect_masque_essence.jpg 2000w, https:\/\/www.monblogdefille.com\/blog\/wp-content\/uploads\/2019\/09\/bioeffect_masque_essence-292x300.jpg 292w, https:\/\/www.monblogdefille.com\/blog\/wp-content\/uploads\/2019\/09\/bioeffect_masque_essence-768x790.jpg 768w, https:\/\/www.monblogdefille.com\/blog\/wp-content\/uploads\/2019\/09\/bioeffect_masque_essence-996x1024.jpg 996w, https:\/\/www.monblogdefille.com\/blog\/wp-content\/uploads\/2019\/09\/bioeffect_masque_essence-1010x1039.jpg 1010w\" sizes=\"auto, (max-width: 2000px) 100vw, 2000px\" \/><\/p>\n<p>Vous connaissez mon attachement \u00e0 la marque, pour plein de raisons\u00a0: produits diff\u00e9rent de tout le reste et qui fonctionnent\u00a0; marque islandaise, pays que j\u2019ai (trop) rapidement <a href=\"https:\/\/www.monblogdefille.com\/blog\/mon-premier-voyage-en-islande\/\" target=\"_blank\" rel=\"noopener noreferrer\"><strong>d\u00e9couvert et ador\u00e9<\/strong><\/a> ; production ultra clean et respectueuse de l\u2019environnement notamment gr\u00e2ce \u00e0 la g\u00e9othermie et \u00e0 l\u2019eau islandaise.<\/p>\n<p>Je suis donc ravie qu\u2019ils aient \u00e9toff\u00e9 la gamme, avec une Essence et un Masque.<\/p>\n<p><a href=\"https:\/\/bit.ly\/2klvDZ0\" target=\"_blank\" rel=\"noopener noreferrer\"><strong>L\u2019Essence \u00e0 l\u2019EGF<\/strong><\/a> (seulement 11 ingr\u00e9dients, encore une formule \u00e9tonnante) est un produit de soin hydratant et anti-\u00e2ge l\u00e9ger \u00e0 part enti\u00e8re et peut \u00eatre utilis\u00e9e seule sur peau jeune ou mixte \/ grasse, et sinon sous le s\u00e9rum pour augmenter encore son efficacit\u00e9 et apporter encore plus d\u2019hydratation.<\/p>\n<p>Le <strong>Masque Empreinte Hydrogel <\/strong>(il n\u2019est pas encore sur le site) a \u00e9t\u00e9 con\u00e7u pour maximiser l\u2019effet des s\u00e9rums \u00e0 l\u2019EGF (le masque lui-m\u00eame n\u2019en contient pas \u2013 en revanche il est bourr\u00e9 d\u2019acide hyaluronique)\u00a0: en effet, les scientifiques de la marque ont constat\u00e9 que la mol\u00e9cule d\u2019EGF \u00e9tait encore plus performante en milieu humide (c\u2019est pourquoi ils avaient d\u00e9j\u00e0 cr\u00e9\u00e9 le <a href=\"https:\/\/bit.ly\/2IWzjZA\" target=\"_blank\" rel=\"noopener noreferrer\"><strong>brumisateur Osa<\/strong><\/a>, \u00e0 pschitter sur le visage sans s\u00e9cher, juste avant le s\u00e9rum), et ont donc cr\u00e9\u00e9 ce masque destin\u00e9 \u00e0 mieux la maintenir dans la peau et \u00e0 la rendre encore plus active. Il est donc important de mettre le s\u00e9rum EGF dessous, sinon c\u2019est un \u00ab juste \u00bb un tr\u00e8s bon masque hydratant.<\/p>\n<p>J\u2019ai bien s\u00fbr essay\u00e9 les deux, je me suis jet\u00e9e dessus \u00e0 la sortie de la conf\u00e9rence de presse ;-) : c\u2019\u00e9tait il y a moins d\u2019une semaine donc je n\u2019ai pas (encore ;- ) perdu 10 ans, mais les produits sont tr\u00e8s agr\u00e9ables \u00e0 utiliser et hydratent bien la peau.<\/p>\n<p>PS\u00a0: je rappelle que <strong>BioEffect<\/strong> est \u00e0 ce jour la seule marque au monde capable de produire de l\u2019EGF (facteur de croissance \u00e9pidermique) \u00e0 partir d\u2019une <strong>plante<\/strong> (ici l\u2019orge). Les autres sont d\u2019origine humaine ou animale.<\/p>\n<p>Qui est aussi fan de la marque que moi ?<\/p>\n","protected":false},"excerpt":{"rendered":"<p><img loading=\"lazy\" decoding=\"async\" class=\"aligncenter size-full wp-image-163873\" src=\"https:\/\/www.monblogdefille.com\/blog\/wp-content\/uploads\/2019\/09\/bioeffect_masque_essence.jpg\" alt=\"\" width=\"2000\" height=\"2057\" srcset=\"https:\/\/www.monblogdefille.com\/blog\/wp-content\/uploads\/2019\/09\/bioeffect_masque_essence.jpg 2000w, https:\/\/www.monblogdefille.com\/blog\/wp-content\/uploads\/2019\/09\/bioeffect_masque_essence-292x300.jpg 292w, https:\/\/www.monblogdefille.com\/blog\/wp-content\/uploads\/2019\/09\/bioeffect_masque_essence-768x790.jpg 768w, https:\/\/www.monblogdefille.com\/blog\/wp-content\/uploads\/2019\/09\/bioeffect_masque_essence-996x1024.jpg 996w, https:\/\/www.monblogdefille.com\/blog\/wp-content\/uploads\/2019\/09\/bioeffect_masque_essence-1010x1039.jpg 1010w\" sizes=\"auto, (max-width: 2000px) 100vw, 2000px\" \/><\/p>\n","protected":false},"author":3,"featured_media":163873,"comment_status":"open","ping_status":"open","sticky":false,"template":"","format":"standard","meta":{"footnotes":""},"categories":[1489],"tags":[20168,20064,20231],"class_list":["post-163872","post","type-post","status-publish","format-standard","has-post-thumbnail","hentry","category-le-soin","tag-anti-age","tag-anti-rides","tag-bioeffect"],"_links":{"self":[{"href":"https:\/\/www.monblogdefille.com\/blog\/wp-json\/wp\/v2\/posts\/163872","targetHints":{"allow":["GET"]}}],"collection":[{"href":"https:\/\/www.monblogdefille.com\/blog\/wp-json\/wp\/v2\/posts"}],"about":[{"href":"https:\/\/www.monblogdefille.com\/blog\/wp-json\/wp\/v2\/types\/post"}],"author":[{"embeddable":true,"href":"https:\/\/www.monblogdefille.com\/blog\/wp-json\/wp\/v2\/users\/3"}],"replies":[{"embeddable":true,"href":"https:\/\/www.monblogdefille.com\/blog\/wp-json\/wp\/v2\/comments?post=163872"}],"version-history":[{"count":0,"href":"https:\/\/www.monblogdefille.com\/blog\/wp-json\/wp\/v2\/posts\/163872\/revisions"}],"wp:featuredmedia":[{"embeddable":true,"href":"https:\/\/www.monblogdefille.com\/blog\/wp-json\/wp\/v2\/media\/163873"}],"wp:attachment":[{"href":"https:\/\/www.monblogdefille.com\/blog\/wp-json\/wp\/v2\/media?parent=163872"}],"wp:term":[{"taxonomy":"category","embeddable":true,"href":"https:\/\/www.monblogdefille.com\/blog\/wp-json\/wp\/v2\/categories?post=163872"},{"taxonomy":"post_tag","embeddable":true,"href":"https:\/\/www.monblogdefille.com\/blog\/wp-json\/wp\/v2\/tags?post=163872"}],"curies":[{"name":"wp","href":"https:\/\/api.w.org\/{rel}","templated":true}]}}