{"id":163575,"date":"2019-06-06T09:00:47","date_gmt":"2019-06-06T07:00:47","guid":{"rendered":"https:\/\/www.monblogdefille.com\/blog\/?p=163575"},"modified":"2019-06-15T10:23:01","modified_gmt":"2019-06-15T08:23:01","slug":"ma-semaine-sur-you-tube-143","status":"publish","type":"post","link":"https:\/\/www.monblogdefille.com\/blog\/ma-semaine-sur-you-tube-143\/","title":{"rendered":"Ma semaine sur You Tube [143]"},"content":{"rendered":"<p>Ma grande d\u00e9couverte du mois, c\u2019est cette jeune femme que je trouve hyper int\u00e9ressante dans son discours intelligent et tr\u00e8s document\u00e9.<br \/>\nJ\u2019ai notamment beaucoup aim\u00e9 cette vid\u00e9o sur les filtres UV et le corail, avec laquelle je suis enti\u00e8rement d\u2019accord et qui rejoint ce que tous les scientifiques que j\u2019ai rencontr\u00e9s disent \u00e0 ce sujet : ce qui d\u00e9truit le corail, c\u2019est la r\u00e9chauffement climatique donc celui des oc\u00e9ans, et la pollution ; comme pour presque tout en mati\u00e8re d\u2019environnement, on pointe du doigts les pratiques individuelles pour \u00e9viter de parler des vrais probl\u00e8mes que sont le changement climatique et la gestion de l\u2019agriculture et de la pollution \u2013 parce que ces probl\u00e8mes vont de pair avec de telles sources de profit que les grands groupes industriels et les gouvernements \u00e9vitent soigneusement de les aborder (et je signale \u00e0 toutes fins utiles que beaucoup de SPF min\u00e9raux ou \u00ab clean \u00bb, contiennent en premier de l\u2019oxyde de zinc\u2026) :<\/p>\n<p><iframe loading=\"lazy\" frameborder=\"0\" height=\"563\" src=\"https:\/\/www.youtube.com\/embed\/b9zVfj8Q2pk\" width=\"1000\"><\/iframe><\/p>\n<p>Caroline est parfaite de bout en bout : de l\u2019analyse de la gamme de produits, \u00e0 celle de la guerre qui est faite aux femmes, au respect dans la fa\u00e7on de parler de Kylie, TOUT EST PARFAIT. Caroline vous \u00eates la meilleure, merci d\u2019exister.<\/p>\n<p><iframe loading=\"lazy\" frameborder=\"0\" height=\"563\" src=\"https:\/\/www.youtube.com\/embed\/CGoJx_s1_QM\" width=\"1000\"><\/iframe><\/p>\n","protected":false},"excerpt":{"rendered":"<p><img loading=\"lazy\" decoding=\"async\" class=\"aligncenter size-full wp-image-158546\" src=\"http:\/\/www.monblogdefille.com\/blog\/wp-content\/uploads\/2016\/03\/ma_semaine_sur_youtube.jpg\" alt=\"ma_semaine_sur_youtube\" width=\"700\" height=\"335\" srcset=\"https:\/\/www.monblogdefille.com\/blog\/wp-content\/uploads\/2016\/03\/ma_semaine_sur_youtube.jpg 700w, https:\/\/www.monblogdefille.com\/blog\/wp-content\/uploads\/2016\/03\/ma_semaine_sur_youtube-300x144.jpg 300w\" sizes=\"auto, (max-width: 700px) 100vw, 700px\" \/><\/p>\n","protected":false},"author":3,"featured_media":158546,"comment_status":"open","ping_status":"open","sticky":false,"template":"","format":"standard","meta":{"footnotes":""},"categories":[1489],"tags":[19961,20190],"class_list":["post-163575","post","type-post","status-publish","format-standard","has-post-thumbnail","hentry","category-le-soin","tag-soleil","tag-you-tube"],"_links":{"self":[{"href":"https:\/\/www.monblogdefille.com\/blog\/wp-json\/wp\/v2\/posts\/163575","targetHints":{"allow":["GET"]}}],"collection":[{"href":"https:\/\/www.monblogdefille.com\/blog\/wp-json\/wp\/v2\/posts"}],"about":[{"href":"https:\/\/www.monblogdefille.com\/blog\/wp-json\/wp\/v2\/types\/post"}],"author":[{"embeddable":true,"href":"https:\/\/www.monblogdefille.com\/blog\/wp-json\/wp\/v2\/users\/3"}],"replies":[{"embeddable":true,"href":"https:\/\/www.monblogdefille.com\/blog\/wp-json\/wp\/v2\/comments?post=163575"}],"version-history":[{"count":0,"href":"https:\/\/www.monblogdefille.com\/blog\/wp-json\/wp\/v2\/posts\/163575\/revisions"}],"wp:featuredmedia":[{"embeddable":true,"href":"https:\/\/www.monblogdefille.com\/blog\/wp-json\/wp\/v2\/media\/158546"}],"wp:attachment":[{"href":"https:\/\/www.monblogdefille.com\/blog\/wp-json\/wp\/v2\/media?parent=163575"}],"wp:term":[{"taxonomy":"category","embeddable":true,"href":"https:\/\/www.monblogdefille.com\/blog\/wp-json\/wp\/v2\/categories?post=163575"},{"taxonomy":"post_tag","embeddable":true,"href":"https:\/\/www.monblogdefille.com\/blog\/wp-json\/wp\/v2\/tags?post=163575"}],"curies":[{"name":"wp","href":"https:\/\/api.w.org\/{rel}","templated":true}]}}