{"id":163532,"date":"2019-05-28T09:00:57","date_gmt":"2019-05-28T07:00:57","guid":{"rendered":"https:\/\/www.monblogdefille.com\/blog\/?p=163532"},"modified":"2019-06-04T08:53:09","modified_gmt":"2019-06-04T06:53:09","slug":"que-vaut-le-nouveau-mascara-volume-effet-faux-cils-dyves-saint-laurent","status":"publish","type":"post","link":"https:\/\/www.monblogdefille.com\/blog\/que-vaut-le-nouveau-mascara-volume-effet-faux-cils-dyves-saint-laurent\/","title":{"rendered":"Que vaut le nouveau mascara Volume Effet Faux Cils d\u2019Yves Saint Laurent ?"},"content":{"rendered":"<p><img loading=\"lazy\" decoding=\"async\" class=\"aligncenter size-full wp-image-163533\" src=\"https:\/\/www.monblogdefille.com\/blog\/wp-content\/uploads\/2019\/05\/ysl_blog_1.jpg\" alt=\"\" width=\"1329\" height=\"1249\" srcset=\"https:\/\/www.monblogdefille.com\/blog\/wp-content\/uploads\/2019\/05\/ysl_blog_1.jpg 1329w, https:\/\/www.monblogdefille.com\/blog\/wp-content\/uploads\/2019\/05\/ysl_blog_1-300x282.jpg 300w, https:\/\/www.monblogdefille.com\/blog\/wp-content\/uploads\/2019\/05\/ysl_blog_1-768x722.jpg 768w, https:\/\/www.monblogdefille.com\/blog\/wp-content\/uploads\/2019\/05\/ysl_blog_1-1024x962.jpg 1024w, https:\/\/www.monblogdefille.com\/blog\/wp-content\/uploads\/2019\/05\/ysl_blog_1-1010x949.jpg 1010w\" sizes=\"auto, (max-width: 1329px) 100vw, 1329px\" \/><\/p>\n<p style=\"text-align: center;\"><strong><em>Partenariat r\u00e9mun\u00e9r\u00e9 avec Yves Saint Laurent Beaut\u00e9<\/em><\/strong><\/p>\n<p style=\"text-align: center;\"><em>(photos\u00a0: <a href=\"https:\/\/www.instagram.com\/raphael.carel\/\" target=\"_blank\" rel=\"noopener noreferrer\"><strong>Rapha\u00ebl<\/strong><\/a>)<\/em><\/p>\n<p>Vous me connaissez, pour le mascara je suis assez difficile (sans doute comme tout le monde, en fait : quitte \u00e0 se maquiller, autant que \u00e7a soit joli ;-) : j\u2019aime que \u00e7a fasse beaucoup de cils, \u00e9pais et volumineux, et bien recourb\u00e9s.<\/p>\n<p>Du coup j\u2019\u00e9tais tr\u00e8s int\u00e9ress\u00e9e quand Yves Saint Laurent m\u2019a propos\u00e9 de tester leur nouveau <a href=\"http:\/\/po.st\/YSL_monblogdefille\" target=\"_blank\" rel=\"noopener noreferrer\"><strong>Mascara Volume Effet Faux Cils<\/strong><\/a> (la gamme star de leurs mascaras) parce que je l\u2019avais essay\u00e9 il y a longtemps et je ne m\u2019en souvenais pas tr\u00e8s bien.<\/p>\n<p>Il a \u00e9t\u00e9 reformul\u00e9 pour nourrir les cils en m\u00eame temps qu\u2019il les maquille, en int\u00e9grant de l\u2019extrait de noyer et de l\u2019huile d\u2019argan.<\/p>\n<p><img loading=\"lazy\" decoding=\"async\" class=\"aligncenter size-full wp-image-163534\" src=\"https:\/\/www.monblogdefille.com\/blog\/wp-content\/uploads\/2019\/05\/ysl_blog_2.jpg\" alt=\"\" width=\"1215\" height=\"1355\" srcset=\"https:\/\/www.monblogdefille.com\/blog\/wp-content\/uploads\/2019\/05\/ysl_blog_2.jpg 1215w, https:\/\/www.monblogdefille.com\/blog\/wp-content\/uploads\/2019\/05\/ysl_blog_2-269x300.jpg 269w, https:\/\/www.monblogdefille.com\/blog\/wp-content\/uploads\/2019\/05\/ysl_blog_2-768x856.jpg 768w, https:\/\/www.monblogdefille.com\/blog\/wp-content\/uploads\/2019\/05\/ysl_blog_2-918x1024.jpg 918w, https:\/\/www.monblogdefille.com\/blog\/wp-content\/uploads\/2019\/05\/ysl_blog_2-1010x1126.jpg 1010w\" sizes=\"auto, (max-width: 1215px) 100vw, 1215px\" \/><br \/>\n<img loading=\"lazy\" decoding=\"async\" class=\"aligncenter size-full wp-image-163535\" src=\"https:\/\/www.monblogdefille.com\/blog\/wp-content\/uploads\/2019\/05\/ysl_blog_3.jpg\" alt=\"\" width=\"1247\" height=\"1250\" srcset=\"https:\/\/www.monblogdefille.com\/blog\/wp-content\/uploads\/2019\/05\/ysl_blog_3.jpg 1247w, https:\/\/www.monblogdefille.com\/blog\/wp-content\/uploads\/2019\/05\/ysl_blog_3-300x300.jpg 300w, https:\/\/www.monblogdefille.com\/blog\/wp-content\/uploads\/2019\/05\/ysl_blog_3-768x770.jpg 768w, https:\/\/www.monblogdefille.com\/blog\/wp-content\/uploads\/2019\/05\/ysl_blog_3-1022x1024.jpg 1022w, https:\/\/www.monblogdefille.com\/blog\/wp-content\/uploads\/2019\/05\/ysl_blog_3-1010x1012.jpg 1010w\" sizes=\"auto, (max-width: 1247px) 100vw, 1247px\" \/><br \/>\n<img loading=\"lazy\" decoding=\"async\" class=\"aligncenter size-full wp-image-163550\" src=\"https:\/\/www.monblogdefille.com\/blog\/wp-content\/uploads\/2019\/05\/ysl_blog_5.jpg\" alt=\"\" width=\"2551\" height=\"2551\" srcset=\"https:\/\/www.monblogdefille.com\/blog\/wp-content\/uploads\/2019\/05\/ysl_blog_5.jpg 2551w, https:\/\/www.monblogdefille.com\/blog\/wp-content\/uploads\/2019\/05\/ysl_blog_5-300x300.jpg 300w, https:\/\/www.monblogdefille.com\/blog\/wp-content\/uploads\/2019\/05\/ysl_blog_5-768x768.jpg 768w, https:\/\/www.monblogdefille.com\/blog\/wp-content\/uploads\/2019\/05\/ysl_blog_5-1024x1024.jpg 1024w, https:\/\/www.monblogdefille.com\/blog\/wp-content\/uploads\/2019\/05\/ysl_blog_5-1010x1010.jpg 1010w\" sizes=\"auto, (max-width: 2551px) 100vw, 2551px\" \/><br \/>\n<img loading=\"lazy\" decoding=\"async\" class=\"aligncenter size-full wp-image-163540\" src=\"https:\/\/www.monblogdefille.com\/blog\/wp-content\/uploads\/2019\/05\/ysl_blog_4.jpg\" alt=\"\" width=\"1374\" height=\"1289\" srcset=\"https:\/\/www.monblogdefille.com\/blog\/wp-content\/uploads\/2019\/05\/ysl_blog_4.jpg 1374w, https:\/\/www.monblogdefille.com\/blog\/wp-content\/uploads\/2019\/05\/ysl_blog_4-300x281.jpg 300w, https:\/\/www.monblogdefille.com\/blog\/wp-content\/uploads\/2019\/05\/ysl_blog_4-768x720.jpg 768w, https:\/\/www.monblogdefille.com\/blog\/wp-content\/uploads\/2019\/05\/ysl_blog_4-1024x961.jpg 1024w, https:\/\/www.monblogdefille.com\/blog\/wp-content\/uploads\/2019\/05\/ysl_blog_4-1010x948.jpg 1010w\" sizes=\"auto, (max-width: 1374px) 100vw, 1374px\" \/><\/p>\n<p>Et bien je l\u2019aime beaucoup ! Il fait beaucoup de cils comme j\u2019aime, sans pour autant faire de paquets, il ne cartonne pas du tout (on peut mettre plusieurs couches les unes sur les autres, les cils restent hyper souples), et comme vous voyez sur les photos, il tient vraiment bien la courbure pour un mascara non waterproof (j\u2019ai les cils hyper droits, m\u00eame en les recourbant avant de les maquiller ils retombent avec la grande majorit\u00e9 des mascaras non waterproof).<br \/>\nEn plus il est tr\u00e8s noir et la brosse attrape bien les cils.<\/p>\n<p>Et le bonus d\u2019\u00eatre non waterproof, c\u2019est qu\u2019il est bien plus facile \u00e0 d\u00e9maquiller (je sais que c\u2019est important pour certaines d\u2019entre vous qui gal\u00e8rent parfois pour retirer leur waterproof ;-).<\/p>\n<p>Bref, je l\u2019utilise tous les jours depuis que je l\u2019ai re\u00e7u il y a deux semaines. Je le porte ici avec le <a href=\"https:\/\/www.marionnaud.fr\/maquillage\/yeux\/ombre-a-paupieres\/sequin-crush-ombre-a-paupieres-yves-saint-laurent\/p\/101657386\" target=\"_blank\" rel=\"noopener noreferrer\"><strong>fard Sequin Crush<\/strong><\/a> dans la teinte n\u00b0 4 en ras de cils, la pigmentation est incroyable et ils sont tr\u00e8s lumineux !<\/p>\n<p>Vous utilisez la gamme Mascara Volume Effet Faux Cils, vous ?<\/p>\n<p>PS\u00a0: il y a une <strong>offre dans toutes les boutiques Marionnaud du 27 mai au 16 juin<\/strong>\u00a0: si vous vous pr\u00e9sentez en montrant cet article ou <a href=\"https:\/\/www.instagram.com\/p\/Bx_ybqJo9U5\/\" target=\"_blank\" rel=\"noopener noreferrer\"><strong>cette photo Instagram<\/strong><\/a>, on vous offrira m\u00eame sans achat un <a href=\"https:\/\/www.marionnaud.fr\/maquillage\/yeux\/crayon\/dessin-du-regard-waterproof-crayon-yeux-yves-saint-laurent\/p\/100893387\" target=\"_blank\" rel=\"noopener noreferrer\"><strong>mini-crayon Dessin du Regard<\/strong><\/a>.<\/p>\n<p>PS 2 : je n\u2019ai fait aucunes retouches sur les photos ici (j\u2019en ai fait sur Instagram, en revanche).<\/p>\n","protected":false},"excerpt":{"rendered":"<p><img loading=\"lazy\" decoding=\"async\" class=\"aligncenter size-full wp-image-163533\" src=\"https:\/\/www.monblogdefille.com\/blog\/wp-content\/uploads\/2019\/05\/ysl_blog_1.jpg\" alt=\"\" width=\"1329\" height=\"1249\" srcset=\"https:\/\/www.monblogdefille.com\/blog\/wp-content\/uploads\/2019\/05\/ysl_blog_1.jpg 1329w, https:\/\/www.monblogdefille.com\/blog\/wp-content\/uploads\/2019\/05\/ysl_blog_1-300x282.jpg 300w, https:\/\/www.monblogdefille.com\/blog\/wp-content\/uploads\/2019\/05\/ysl_blog_1-768x722.jpg 768w, https:\/\/www.monblogdefille.com\/blog\/wp-content\/uploads\/2019\/05\/ysl_blog_1-1024x962.jpg 1024w, https:\/\/www.monblogdefille.com\/blog\/wp-content\/uploads\/2019\/05\/ysl_blog_1-1010x949.jpg 1010w\" sizes=\"auto, (max-width: 1329px) 100vw, 1329px\" \/><\/p>\n","protected":false},"author":3,"featured_media":163533,"comment_status":"open","ping_status":"open","sticky":false,"template":"","format":"standard","meta":{"footnotes":""},"categories":[1485],"tags":[19952],"class_list":["post-163532","post","type-post","status-publish","format-standard","has-post-thumbnail","hentry","category-le-maquillage","tag-mascara"],"_links":{"self":[{"href":"https:\/\/www.monblogdefille.com\/blog\/wp-json\/wp\/v2\/posts\/163532","targetHints":{"allow":["GET"]}}],"collection":[{"href":"https:\/\/www.monblogdefille.com\/blog\/wp-json\/wp\/v2\/posts"}],"about":[{"href":"https:\/\/www.monblogdefille.com\/blog\/wp-json\/wp\/v2\/types\/post"}],"author":[{"embeddable":true,"href":"https:\/\/www.monblogdefille.com\/blog\/wp-json\/wp\/v2\/users\/3"}],"replies":[{"embeddable":true,"href":"https:\/\/www.monblogdefille.com\/blog\/wp-json\/wp\/v2\/comments?post=163532"}],"version-history":[{"count":0,"href":"https:\/\/www.monblogdefille.com\/blog\/wp-json\/wp\/v2\/posts\/163532\/revisions"}],"wp:featuredmedia":[{"embeddable":true,"href":"https:\/\/www.monblogdefille.com\/blog\/wp-json\/wp\/v2\/media\/163533"}],"wp:attachment":[{"href":"https:\/\/www.monblogdefille.com\/blog\/wp-json\/wp\/v2\/media?parent=163532"}],"wp:term":[{"taxonomy":"category","embeddable":true,"href":"https:\/\/www.monblogdefille.com\/blog\/wp-json\/wp\/v2\/categories?post=163532"},{"taxonomy":"post_tag","embeddable":true,"href":"https:\/\/www.monblogdefille.com\/blog\/wp-json\/wp\/v2\/tags?post=163532"}],"curies":[{"name":"wp","href":"https:\/\/api.w.org\/{rel}","templated":true}]}}