{"id":163381,"date":"2019-04-24T09:00:16","date_gmt":"2019-04-24T07:00:16","guid":{"rendered":"https:\/\/www.monblogdefille.com\/blog\/?p=163381"},"modified":"2019-05-05T09:02:08","modified_gmt":"2019-05-05T07:02:08","slug":"dans-mon-verre-a-dents","status":"publish","type":"post","link":"https:\/\/www.monblogdefille.com\/blog\/dans-mon-verre-a-dents\/","title":{"rendered":"Dans mon verre \u00e0 dents"},"content":{"rendered":"<p><img loading=\"lazy\" decoding=\"async\" class=\"aligncenter size-full wp-image-163382\" src=\"https:\/\/www.monblogdefille.com\/blog\/wp-content\/uploads\/2019\/04\/verre-\u00e0-dents.jpg\" alt=\"\" width=\"2000\" height=\"2500\" srcset=\"https:\/\/www.monblogdefille.com\/blog\/wp-content\/uploads\/2019\/04\/verre-\u00e0-dents.jpg 2000w, https:\/\/www.monblogdefille.com\/blog\/wp-content\/uploads\/2019\/04\/verre-\u00e0-dents-240x300.jpg 240w, https:\/\/www.monblogdefille.com\/blog\/wp-content\/uploads\/2019\/04\/verre-\u00e0-dents-768x960.jpg 768w, https:\/\/www.monblogdefille.com\/blog\/wp-content\/uploads\/2019\/04\/verre-\u00e0-dents-819x1024.jpg 819w, https:\/\/www.monblogdefille.com\/blog\/wp-content\/uploads\/2019\/04\/verre-\u00e0-dents-1010x1263.jpg 1010w\" sizes=\"auto, (max-width: 2000px) 100vw, 2000px\" \/><\/p>\n<p>Je vous ai parl\u00e9 de ma recherche de brosse \u00e0 dents pas en plastique <a href=\"https:\/\/www.monblogdefille.com\/blog\/environnement-quest-ce-quon-fait\/\" target=\"_blank\" rel=\"noopener noreferrer\"><strong>dans cet article<\/strong><\/a>, celles en bambou de Humble Brush \u00e9tant trop dures pour moi et me font saigner les gencives (et je trouve l\u2019ergonomie pas tr\u00e8s r\u00e9ussie).<\/p>\n<p>A la derni\u00e8re journ\u00e9e presse Oh My Cream j\u2019ai rencontr\u00e9 la fondatrice des dentifrices Lebon, et comme j\u2019adore celui au <a href=\"https:\/\/bit.ly\/2KoSJdA\" target=\"_blank\" rel=\"noopener noreferrer\"><strong>cassis<\/strong> <\/a> (d\u00e9j\u00e0 vu <a href=\"https:\/\/www.monblogdefille.com\/blog\/produits-termines-28\/\" target=\"_blank\" rel=\"noopener noreferrer\"><strong>ici<\/strong><\/a>) on a pas mal discut\u00e9 de sa marque et de la formulation d\u2019un dentifrice naturel mais agr\u00e9able \u00e0 utiliser (les deux n\u2019allant pas toujours ensemble\u00a0;- ).<\/p>\n<p>Elle m\u2019a parl\u00e9 de la marque <a href=\"https:\/\/www.caliquo.com\/12-brosses-a-dents\" target=\"_blank\" rel=\"noopener noreferrer\"><strong>Caliquo<\/strong><\/a>, qui fait des brosses \u00e0 dents en bois dont on ne change que la t\u00eate, moyennant quoi on jette \u00e9norm\u00e9ment moins de plastique qu\u2019avec une brosse traditionnelle.<\/p>\n<p>J\u2019en ai imm\u00e9diatement command\u00e9 une, j\u2019ai achet\u00e9 celle en <a href=\"https:\/\/www.caliquo.com\/brosses-a-dents\/6-brosse-a-dent-en-bois-de-noyer-caliquo.html\" target=\"_blank\" rel=\"noopener noreferrer\"><strong>noyer<\/strong> <\/a> et des <a href=\"https:\/\/www.caliquo.com\/brosses-a-dents\/34-pack-2-recharges-souples-brosse-a-dents-caliquo-rechargeable.html\" target=\"_blank\" rel=\"noopener noreferrer\"><strong>recharges de t\u00eates souples<\/strong><\/a>.<\/p>\n<p>Bien s\u00fbr \u00e7a co\u00fbte beaucoup plus cher la premi\u00e8re fois qu\u2019une brosse \u00e0 dents en plastique, mais les recharges, elles, ne sont pas plus ch\u00e8res (parfois m\u00eame moins) ; apr\u00e8s un certain temps on s\u2019y retrouve et, en plus d\u2019\u00eatre meilleur pour l\u2019environnement, l\u2019objet est vraiment joli.<\/p>\n<p>Je n\u2019aurais pas cru dire \u00e7a un jour d\u2019une brosse \u00e0 dents, mais quand je l\u2019ai re\u00e7ue j\u2019ai compris le discours de la marque. Cela dit c\u2019est moins maniable et souple qu\u2019une brosse en plastique, pour le moment je ne trouve pas \u00e7a super agr\u00e9able \u00e0 utiliser (m\u00eame si bien mieux que celles en bambou) mais je m\u2019accroche ;-)<\/p>\n<p>Voil\u00e0, je me suis dit que tout \u00e7a vous int\u00e9resserait peut-\u00eatre ! Vous avez des brosses \u00e0 dents pas en plastique \u00e0 recommander, vous ?<\/p>\n<p><strong>Edit :<\/strong> Gr\u00e2ce \u00e0 <strong><a href=\"https:\/\/www.monblogdefille.com\/blog\/dans-mon-verre-a-dents\/#comment-1248621\" rel=\"nofollow\">Charly ann<\/a><\/strong> je suis all\u00e9e voir le site de Bioseptyl, et c\u2019est hyper int\u00e9ressant parce que j\u2019ai appris qu\u2019on pouvait <a href=\"https:\/\/www.bioseptyl.fr\/content\/17-recyclage\" target=\"_blank\" rel=\"noopener noreferrer\"><strong>mettre au recyclage au moins le manche d\u2019une brosse en plastique<\/strong><\/a>, il suffit de le couper !<\/p>\n","protected":false},"excerpt":{"rendered":"<p><img loading=\"lazy\" decoding=\"async\" class=\"aligncenter size-full wp-image-163382\" src=\"https:\/\/www.monblogdefille.com\/blog\/wp-content\/uploads\/2019\/04\/verre-\u00e0-dents.jpg\" alt=\"\" width=\"2000\" height=\"2500\" srcset=\"https:\/\/www.monblogdefille.com\/blog\/wp-content\/uploads\/2019\/04\/verre-\u00e0-dents.jpg 2000w, https:\/\/www.monblogdefille.com\/blog\/wp-content\/uploads\/2019\/04\/verre-\u00e0-dents-240x300.jpg 240w, https:\/\/www.monblogdefille.com\/blog\/wp-content\/uploads\/2019\/04\/verre-\u00e0-dents-768x960.jpg 768w, https:\/\/www.monblogdefille.com\/blog\/wp-content\/uploads\/2019\/04\/verre-\u00e0-dents-819x1024.jpg 819w, https:\/\/www.monblogdefille.com\/blog\/wp-content\/uploads\/2019\/04\/verre-\u00e0-dents-1010x1263.jpg 1010w\" sizes=\"auto, (max-width: 2000px) 100vw, 2000px\" \/><\/p>\n","protected":false},"author":3,"featured_media":163382,"comment_status":"open","ping_status":"open","sticky":false,"template":"","format":"standard","meta":{"footnotes":""},"categories":[1489],"tags":[20191],"class_list":["post-163381","post","type-post","status-publish","format-standard","has-post-thumbnail","hentry","category-le-soin","tag-environnement"],"_links":{"self":[{"href":"https:\/\/www.monblogdefille.com\/blog\/wp-json\/wp\/v2\/posts\/163381","targetHints":{"allow":["GET"]}}],"collection":[{"href":"https:\/\/www.monblogdefille.com\/blog\/wp-json\/wp\/v2\/posts"}],"about":[{"href":"https:\/\/www.monblogdefille.com\/blog\/wp-json\/wp\/v2\/types\/post"}],"author":[{"embeddable":true,"href":"https:\/\/www.monblogdefille.com\/blog\/wp-json\/wp\/v2\/users\/3"}],"replies":[{"embeddable":true,"href":"https:\/\/www.monblogdefille.com\/blog\/wp-json\/wp\/v2\/comments?post=163381"}],"version-history":[{"count":0,"href":"https:\/\/www.monblogdefille.com\/blog\/wp-json\/wp\/v2\/posts\/163381\/revisions"}],"wp:featuredmedia":[{"embeddable":true,"href":"https:\/\/www.monblogdefille.com\/blog\/wp-json\/wp\/v2\/media\/163382"}],"wp:attachment":[{"href":"https:\/\/www.monblogdefille.com\/blog\/wp-json\/wp\/v2\/media?parent=163381"}],"wp:term":[{"taxonomy":"category","embeddable":true,"href":"https:\/\/www.monblogdefille.com\/blog\/wp-json\/wp\/v2\/categories?post=163381"},{"taxonomy":"post_tag","embeddable":true,"href":"https:\/\/www.monblogdefille.com\/blog\/wp-json\/wp\/v2\/tags?post=163381"}],"curies":[{"name":"wp","href":"https:\/\/api.w.org\/{rel}","templated":true}]}}