{"id":163297,"date":"2019-03-29T09:00:13","date_gmt":"2019-03-29T08:00:13","guid":{"rendered":"https:\/\/www.monblogdefille.com\/blog\/?p=163297"},"modified":"2019-04-04T08:59:37","modified_gmt":"2019-04-04T06:59:37","slug":"environnement-quest-ce-quon-fait","status":"publish","type":"post","link":"https:\/\/www.monblogdefille.com\/blog\/environnement-quest-ce-quon-fait\/","title":{"rendered":"Environnement : qu\u2019est-ce qu\u2019on fait ?"},"content":{"rendered":"<p><img loading=\"lazy\" decoding=\"async\" class=\"aligncenter size-full wp-image-163298\" src=\"https:\/\/www.monblogdefille.com\/blog\/wp-content\/uploads\/2019\/03\/environnement_ren_loccitane.jpg\" alt=\"\" width=\"2000\" height=\"2500\" srcset=\"https:\/\/www.monblogdefille.com\/blog\/wp-content\/uploads\/2019\/03\/environnement_ren_loccitane.jpg 2000w, https:\/\/www.monblogdefille.com\/blog\/wp-content\/uploads\/2019\/03\/environnement_ren_loccitane-240x300.jpg 240w, https:\/\/www.monblogdefille.com\/blog\/wp-content\/uploads\/2019\/03\/environnement_ren_loccitane-768x960.jpg 768w, https:\/\/www.monblogdefille.com\/blog\/wp-content\/uploads\/2019\/03\/environnement_ren_loccitane-819x1024.jpg 819w, https:\/\/www.monblogdefille.com\/blog\/wp-content\/uploads\/2019\/03\/environnement_ren_loccitane-1010x1263.jpg 1010w\" sizes=\"auto, (max-width: 2000px) 100vw, 2000px\" \/><\/p>\n<p style=\"text-align: center;\"><em>(<a href=\"https:\/\/bit.ly\/2SZKvby\" target=\"_blank\" rel=\"noopener noreferrer\"><strong>gel douche Ren<\/strong> <\/a><\/em><em> avec flacon en plastique 100% recycl\u00e9, <a href=\"http:\/\/tinyurl.com\/q3ad52r\" target=\"_blank\" rel=\"noopener noreferrer\"><strong>huile d\u00e9maquillante L\u2019Occitane<\/strong> <\/a><\/em><em> au karit\u00e9 \u00e9quitable)<\/em><\/p>\n<p>J\u2019ai souvent reconnu ne pas \u00eatre une grande \u00e9colo et une assez mauvaise citoyenne de la terre. Je le suis toujours pour plein de raisons, mais gr\u00e2ce \u00e0 des rencontres et \u00e0 des marques engag\u00e9es que je c\u00f4toie, je suis en train d\u2019\u00e9voluer lentement.<\/p>\n<p>J\u2019ai toujours d\u00e9test\u00e9 le gaspillage, ce qui m\u2019a depuis longtemps pouss\u00e9e \u00e0 m\u2019int\u00e9resser au tri et au recyclage (en plus du commerce \u00e9quitable qui est sans doute le point qui me touche le plus m\u00eame si ma consommation ne le refl\u00e8te pas beaucoup). Ca a toujours \u00e9t\u00e9 spontan\u00e9 et instinctif chez moi, \u00e7a au moins je le fais depuis tr\u00e8s longtemps.<\/p>\n<p>Ma rencontre avec <a href=\"https:\/\/www.monblogdefille.com\/blog\/vlog-dans-la-campagne-anglaise-avec-ren-skincare\/\" target=\"_blank\" rel=\"noopener noreferrer\"><strong>Ren et le voyage<\/strong><\/a> que j\u2019ai fait en septembre dernier avec eux a \u00e9t\u00e9 une prise de conscience suppl\u00e9mentaire, et je pense que c\u2019est le seul domaine o\u00f9 je suis vraiment au point (ou du moins je pense l\u2019\u00eatre en fonction des informations qui sont \u00e0 ma disposition, et elles sont parfois contradictoires donc ce n\u2019est pas toujours simple de s\u2019y retrouver).<\/p>\n<p>Vos r\u00e9actions et infos \u00e0 propos de <a href=\"https:\/\/www.monblogdefille.com\/blog\/produits-termines-27-recyclables-ou-pas\/\" target=\"_blank\" rel=\"noopener noreferrer\"><strong>cette vid\u00e9o<\/strong><\/a>, o\u00f9 je parlais du recyclage des contenants cosm\u00e9tiques, m\u2019a aussi donn\u00e9 envie d\u2019en savoir plus (j\u2019esp\u00e8re arriver \u00e0 visiter \u2013 et filmer \u2013 une usine de tri et\/ou de recyclage).<\/p>\n<p>Je me suis enfin d\u00e9barrass\u00e9e de mes foutues bouteilles d\u2019eau p\u00e9tillante gr\u00e2ce \u00e0 <a href=\"https:\/\/www.sodastream.fr\/386-sodastream-crystal.html\" target=\"_blank\" rel=\"noopener noreferrer\"><strong>Sodastream<\/strong> <\/a> qui m\u2019a tr\u00e8s gentiment envoy\u00e9 une machine (notez que j\u2019\u00e9tais pr\u00eate \u00e0 l\u2019acheter, on a vu \u00e7a dans <a href=\"https:\/\/www.monblogdefille.com\/blog\/what-i-eat-in-a-day-7-mercredi-de-janvier\/\" target=\"_blank\" rel=\"noopener noreferrer\"><strong>cette vid\u00e9o<\/strong><\/a>).<\/p>\n<p>Ces deux derni\u00e8res semaines, j\u2019ai collabor\u00e9 avec <a href=\"https:\/\/www.instagram.com\/loccitane_fr\/\" target=\"_blank\" rel=\"noopener noreferrer\"><strong>L\u2019Occitane<\/strong><\/a> pour relayer leur campagne environnementale sur <a href=\"https:\/\/www.instagram.com\/p\/BvcUgsrFgXI\/\" target=\"_blank\" rel=\"noopener noreferrer\"><strong>Instagram<\/strong><\/a>. Ca m\u2019a \u00e9norm\u00e9ment int\u00e9ress\u00e9e, j\u2019ai int\u00e9gr\u00e9 des petits gestes quotidiens qui n\u2019ont l\u2019air de rien mais qui en r\u00e9alit\u00e9 ont un impact (comme couper l\u2019eau pendant que je me brosse les dents, ce que je ne faisais pas jusqu\u2019ici), et j\u2019ai eu envie d\u2019aller un peu plus loin.<\/p>\n<p>Du coup j\u2019ai command\u00e9 une brosse \u00e0 dents en bois \u00e0 t\u00eate rechargeable chez <a href=\"https:\/\/www.caliquo.com\/12-brosses-a-dents\" target=\"_blank\" rel=\"noopener noreferrer\"><strong>Caliquo<\/strong> <\/a> (celles de Humble Brush dont je vous avais parl\u00e9 sur Instagram me font saigner les gencives parce que les poils sont trop durs pour moi, j\u2019esp\u00e8re que celle-l\u00e0 conviendra mieux).<\/p>\n<p>Mais je n\u2019ai pas regard\u00e9 le documentaire sur le 6<sup>\u00e8me<\/sup> continent en plastique parce que je sais que \u00e7a va compl\u00e8tement me flinguer le moral (je ne suis pas hyper optimiste de nature), je n\u2019ai pas le courage pour l\u2019instant.<\/p>\n<p>Par ailleurs je m\u2019habille toujours chez Asos, je consomme beaucoup en g\u00e9n\u00e9ral, je mange de la viande et je me d\u00e9place majoritairement en VTC ; je ne pr\u00e9tends pas \u00eatre parfaite (et je n\u2019ai pas forc\u00e9ment l\u2019intention de le devenir) et j\u2019aimerais qu\u2019on ne me reproche pas ce que je ne fais pas assez bien (ou pas du tout). Chacun doit \u00ab choisir ses combats \u00bb en fonction de ses valeurs et sa sensibilit\u00e9 (et puis on ne peut pas tout faire, de toute fa\u00e7on).<\/p>\n<p>Ce n\u2019est pas en culpabilisant les gens qu\u2019on les aide \u00e0 avancer. Comme dit L\u2019Occitane dans sa campagne, m\u00eame un petit geste repr\u00e9sente quelque chose (#NotJustASmallAct).<\/p>\n<p>Et comme moi je dis toujours, merci de ne pas d\u00e9courager ceux qui essayent ;-)<\/p>\n<p>Surtout que ce qui me d\u00e9range vraiment, c\u2019est qu\u2019on fait culpabiliser les individus alors que les vrais responsables de toutes ces catastrophes sont les grandes entreprises industrielles et les gouvernements (m\u00eame si \u00e7a n\u2019est pas une raison pour ne rien faire en tant qu\u2019individu, bien s\u00fbr).<\/p>\n<p>Comment vous g\u00e9rez \u00e7a vous\u00a0? Vous arrivez \u00e0 ne pas culpabiliser face \u00e0 certains discours \u00e0 la mode ?<\/p>\n<p>J\u2019imagine que si vous avez des enfants vous vous sentez plus concern\u00e9s ? Je comprends la col\u00e8re des lyc\u00e9ens dans le monde entier\u00a0: nous on sera morts quand les vrais drames arriveront, c\u2019est leur plan\u00e8te \u00e0 eux qu\u2019on est en train de foutre en l\u2019air.<\/p>\n","protected":false},"excerpt":{"rendered":"<p><img loading=\"lazy\" decoding=\"async\" class=\"aligncenter size-full wp-image-163298\" src=\"https:\/\/www.monblogdefille.com\/blog\/wp-content\/uploads\/2019\/03\/environnement_ren_loccitane.jpg\" alt=\"\" width=\"2000\" height=\"2500\" srcset=\"https:\/\/www.monblogdefille.com\/blog\/wp-content\/uploads\/2019\/03\/environnement_ren_loccitane.jpg 2000w, https:\/\/www.monblogdefille.com\/blog\/wp-content\/uploads\/2019\/03\/environnement_ren_loccitane-240x300.jpg 240w, https:\/\/www.monblogdefille.com\/blog\/wp-content\/uploads\/2019\/03\/environnement_ren_loccitane-768x960.jpg 768w, https:\/\/www.monblogdefille.com\/blog\/wp-content\/uploads\/2019\/03\/environnement_ren_loccitane-819x1024.jpg 819w, https:\/\/www.monblogdefille.com\/blog\/wp-content\/uploads\/2019\/03\/environnement_ren_loccitane-1010x1263.jpg 1010w\" sizes=\"auto, (max-width: 2000px) 100vw, 2000px\" \/><\/p>\n","protected":false},"author":3,"featured_media":163298,"comment_status":"open","ping_status":"open","sticky":false,"template":"","format":"standard","meta":{"footnotes":""},"categories":[20176],"tags":[20191],"class_list":["post-163297","post","type-post","status-publish","format-standard","has-post-thumbnail","hentry","category-lifestyle","tag-environnement"],"_links":{"self":[{"href":"https:\/\/www.monblogdefille.com\/blog\/wp-json\/wp\/v2\/posts\/163297","targetHints":{"allow":["GET"]}}],"collection":[{"href":"https:\/\/www.monblogdefille.com\/blog\/wp-json\/wp\/v2\/posts"}],"about":[{"href":"https:\/\/www.monblogdefille.com\/blog\/wp-json\/wp\/v2\/types\/post"}],"author":[{"embeddable":true,"href":"https:\/\/www.monblogdefille.com\/blog\/wp-json\/wp\/v2\/users\/3"}],"replies":[{"embeddable":true,"href":"https:\/\/www.monblogdefille.com\/blog\/wp-json\/wp\/v2\/comments?post=163297"}],"version-history":[{"count":0,"href":"https:\/\/www.monblogdefille.com\/blog\/wp-json\/wp\/v2\/posts\/163297\/revisions"}],"wp:featuredmedia":[{"embeddable":true,"href":"https:\/\/www.monblogdefille.com\/blog\/wp-json\/wp\/v2\/media\/163298"}],"wp:attachment":[{"href":"https:\/\/www.monblogdefille.com\/blog\/wp-json\/wp\/v2\/media?parent=163297"}],"wp:term":[{"taxonomy":"category","embeddable":true,"href":"https:\/\/www.monblogdefille.com\/blog\/wp-json\/wp\/v2\/categories?post=163297"},{"taxonomy":"post_tag","embeddable":true,"href":"https:\/\/www.monblogdefille.com\/blog\/wp-json\/wp\/v2\/tags?post=163297"}],"curies":[{"name":"wp","href":"https:\/\/api.w.org\/{rel}","templated":true}]}}