{"id":163242,"date":"2019-03-19T09:00:06","date_gmt":"2019-03-19T08:00:06","guid":{"rendered":"https:\/\/www.monblogdefille.com\/blog\/?p=163242"},"modified":"2019-04-10T09:52:45","modified_gmt":"2019-04-10T07:52:45","slug":"sur-mon-lavabo-17","status":"publish","type":"post","link":"https:\/\/www.monblogdefille.com\/blog\/sur-mon-lavabo-17\/","title":{"rendered":"Sur mon lavabo #17"},"content":{"rendered":"<p><img loading=\"lazy\" decoding=\"async\" class=\"aligncenter size-full wp-image-163243\" src=\"https:\/\/www.monblogdefille.com\/blog\/wp-content\/uploads\/2019\/03\/sur_mon_lavabo_17.jpg\" alt=\"\" width=\"2000\" height=\"1376\" srcset=\"https:\/\/www.monblogdefille.com\/blog\/wp-content\/uploads\/2019\/03\/sur_mon_lavabo_17.jpg 2000w, https:\/\/www.monblogdefille.com\/blog\/wp-content\/uploads\/2019\/03\/sur_mon_lavabo_17-300x206.jpg 300w, https:\/\/www.monblogdefille.com\/blog\/wp-content\/uploads\/2019\/03\/sur_mon_lavabo_17-768x528.jpg 768w, https:\/\/www.monblogdefille.com\/blog\/wp-content\/uploads\/2019\/03\/sur_mon_lavabo_17-1024x705.jpg 1024w, https:\/\/www.monblogdefille.com\/blog\/wp-content\/uploads\/2019\/03\/sur_mon_lavabo_17-1010x695.jpg 1010w\" sizes=\"auto, (max-width: 2000px) 100vw, 2000px\" \/><\/p>\n<p>Je vous invite \u00e0 lire <a href=\"https:\/\/www.monblogdefille.com\/blog\/sur-mon-lavabo-16\/\" target=\"_blank\" rel=\"noopener noreferrer\"><strong>l\u2019\u00e9pisode pr\u00e9c\u00e9dent <\/strong><\/a>si vous voulez vous y retrouver ;-)<\/p>\n<p>Apr\u00e8s avoir bien discut\u00e9 avec vous et r\u00e9fl\u00e9chi, j\u2019ai donc adapt\u00e9 ma routine de soin et de nettoyage comme vu <a href=\"https:\/\/www.monblogdefille.com\/blog\/ma-routine-de-soin-visage-bacteries-dermacenter-probiotiques-oh-my-cream\/\" target=\"_blank\" rel=\"noopener noreferrer\"><strong>dans cette vid\u00e9o<\/strong><\/a>, pr\u00e9f\u00e9rant le r\u00e9\u00e9quilibrage de la flore cutan\u00e9e au d\u00e9capage sans doute injustifi\u00e9 (d\u2019autant qu\u2019\u00e0 l\u2019\u0153il nu ma peau a toujours le m\u00eame aspect plut\u00f4t sympa, en dehors de mon vieillissement pr\u00e9matur\u00e9 et traumatisant <a href=\"https:\/\/www.monblogdefille.com\/blog\/encore-mieux-que-la-creme-age-eye-complex\/\" target=\"_blank\" rel=\"noopener noreferrer\"><strong>sous l\u2019\u0153il droit<\/strong><\/a>).<\/p>\n<p>J\u2019ai donc repris mes bonnes habitudes avec des produits hyper doux :<\/p>\n<p>&#8211; D\u00e9maquillage avec le <a href=\"https:\/\/bit.ly\/2TSHWMg\" target=\"_blank\" rel=\"noopener noreferrer\"><strong>Baume Take the Day Off de Clinique<\/strong><\/a>, aussi efficace que doux et agr\u00e9able \u00e0 utiliser. Retire absolument tout le maquillage sans jamais piquer les yeux ni tirer la peau. Un grand classique vers lequel je reviens r\u00e9guli\u00e8rement.<\/p>\n<p>&#8211; Je nettoie ensuite avec le <a href=\"http:\/\/bit.ly\/2TI1aVM\" target=\"_blank\" rel=\"noopener noreferrer\"><strong>Baume nettoyant Elemis<\/strong><\/a> que j\u2019utilise aussi depuis des ann\u00e9es : odeur tr\u00e8s aromatique que j\u2019adore, texture douce qui se pr\u00eate au massage, r\u00e9sultat frais et respectueux de la peau.<\/p>\n<p>J\u2019ai aussi pour le 2<sup>\u00e8me<\/sup> nettoyage le <a href=\"https:\/\/bit.ly\/2UFM8wc\" target=\"_blank\" rel=\"noopener noreferrer\"><strong>Renaissance Cleansing Gel d\u2019Oskia<\/strong><\/a>, une vraie l\u00e9gende pour les skincare addicts ; il est hyper agr\u00e9able \u00e0 utiliser : ne mousse pas du tout (il ressemble plut\u00f4t \u00e0 un baume sauf qu\u2019il est en flacon-pompe), odeur aromatique, tr\u00e8s doux sur la peau. Il est fait pour nettoyer en profondeur tout en \u00e9tant hyper doux (non je n&rsquo;utilise pas le Elemis et le Oskia le m\u00eame jour, j&rsquo;alterne ;-).<\/p>\n<p>&#8211; Grande nouveaut\u00e9 : je pschitte de <a href=\"https:\/\/www.uriage.com\/FR\/fr\/l-eau-d-uriage\" target=\"_blank\" rel=\"noopener noreferrer\"><strong>l\u2019Eau d\u2019Uriage<\/strong><\/a> sur mon visage apr\u00e8s les deux premi\u00e8res \u00e9tapes.<br \/>\nCertaines d\u2019entre vous m\u2019ont convaincue de son int\u00e9r\u00eat, et lorsque j\u2019avais rencontr\u00e9 Jo\u00eblle Ciocco il y a trois ans, elle m\u2019avait dit que cette eau \u00e9tait la plus indiqu\u00e9e pour mon type de peau.<\/p>\n<p>C\u2019est en effet la seule eau thermale (avec celle de Jonzac) qui soit isotonique, c\u2019est-\u00e0-dire qui pr\u00e9sente une affinit\u00e9 avec les cellules de la peau\u00a0(comme du s\u00e9rum physiologique, par exemple) ; et comme est plus fortement min\u00e9ralis\u00e9e que d\u2019autres, elle ne d\u00e9shydrate pas la peau et a au contraire des propri\u00e9t\u00e9s hydratantes (pas comme un s\u00e9rum ou une cr\u00e8me hein, mais plus que les autres eaux thermales). On peut d\u2019ailleurs la laisser s\u00e9cher sur la peau, contrairement aux autres. Elle a aussi un b\u00e9n\u00e9fice pour le microbiote cutan\u00e9 (les bact\u00e9ries \u00e0 la surface) qu\u2019elle r\u00e9\u00e9quilibre (pour cette raison elle est indiqu\u00e9e pour les peaux \u00e0 imperfections).<\/p>\n<p>Tout \u00e7a m\u2019a donn\u00e9 envie de l\u2019essayer pour de bon\u00a0; je ne suis pas s\u00fbre de voir une vraie diff\u00e9rence avec l\u2019eau d\u2019Av\u00e8ne (qui reste une excellente eau thermale, elle a juste des propri\u00e9t\u00e9s diff\u00e9rentes), mais \u00e7a m\u2019amuse d\u2019essayer.<\/p>\n<p>&#8211; Et pour me laver les mains j\u2019ai le <a href=\"https:\/\/www.goutalparis.com\/gel-lavant-mains-italie-300ml\" target=\"_blank\" rel=\"noopener noreferrer\"><strong>savon liquide Annick Goutal Italie<\/strong><\/a>, qui sent divinement la verdure fra\u00eeche et un citron l\u00e9ger (et qui bien s\u00fbr ne dess\u00e8che pas les mains) !<\/p>\n<p>Voil\u00e0, je suis enchant\u00e9e de mes petits changements et de mes produits ;-) Et vous m\u2019avez bien aid\u00e9e \u00e0 y voir plus clair, alors merci beaucoup !<\/p>\n","protected":false},"excerpt":{"rendered":"<p><img loading=\"lazy\" decoding=\"async\" class=\"aligncenter size-full wp-image-163243\" src=\"https:\/\/www.monblogdefille.com\/blog\/wp-content\/uploads\/2019\/03\/sur_mon_lavabo_17.jpg\" alt=\"\" width=\"2000\" height=\"1376\" srcset=\"https:\/\/www.monblogdefille.com\/blog\/wp-content\/uploads\/2019\/03\/sur_mon_lavabo_17.jpg 2000w, https:\/\/www.monblogdefille.com\/blog\/wp-content\/uploads\/2019\/03\/sur_mon_lavabo_17-300x206.jpg 300w, https:\/\/www.monblogdefille.com\/blog\/wp-content\/uploads\/2019\/03\/sur_mon_lavabo_17-768x528.jpg 768w, https:\/\/www.monblogdefille.com\/blog\/wp-content\/uploads\/2019\/03\/sur_mon_lavabo_17-1024x705.jpg 1024w, https:\/\/www.monblogdefille.com\/blog\/wp-content\/uploads\/2019\/03\/sur_mon_lavabo_17-1010x695.jpg 1010w\" sizes=\"auto, (max-width: 2000px) 100vw, 2000px\" \/><\/p>\n","protected":false},"author":3,"featured_media":163243,"comment_status":"open","ping_status":"open","sticky":false,"template":"","format":"standard","meta":{"footnotes":""},"categories":[1489],"tags":[20109,20244],"class_list":["post-163242","post","type-post","status-publish","format-standard","has-post-thumbnail","hentry","category-le-soin","tag-demaquillage","tag-oskia"],"_links":{"self":[{"href":"https:\/\/www.monblogdefille.com\/blog\/wp-json\/wp\/v2\/posts\/163242","targetHints":{"allow":["GET"]}}],"collection":[{"href":"https:\/\/www.monblogdefille.com\/blog\/wp-json\/wp\/v2\/posts"}],"about":[{"href":"https:\/\/www.monblogdefille.com\/blog\/wp-json\/wp\/v2\/types\/post"}],"author":[{"embeddable":true,"href":"https:\/\/www.monblogdefille.com\/blog\/wp-json\/wp\/v2\/users\/3"}],"replies":[{"embeddable":true,"href":"https:\/\/www.monblogdefille.com\/blog\/wp-json\/wp\/v2\/comments?post=163242"}],"version-history":[{"count":0,"href":"https:\/\/www.monblogdefille.com\/blog\/wp-json\/wp\/v2\/posts\/163242\/revisions"}],"wp:featuredmedia":[{"embeddable":true,"href":"https:\/\/www.monblogdefille.com\/blog\/wp-json\/wp\/v2\/media\/163243"}],"wp:attachment":[{"href":"https:\/\/www.monblogdefille.com\/blog\/wp-json\/wp\/v2\/media?parent=163242"}],"wp:term":[{"taxonomy":"category","embeddable":true,"href":"https:\/\/www.monblogdefille.com\/blog\/wp-json\/wp\/v2\/categories?post=163242"},{"taxonomy":"post_tag","embeddable":true,"href":"https:\/\/www.monblogdefille.com\/blog\/wp-json\/wp\/v2\/tags?post=163242"}],"curies":[{"name":"wp","href":"https:\/\/api.w.org\/{rel}","templated":true}]}}