{"id":163219,"date":"2019-03-13T09:00:10","date_gmt":"2019-03-13T08:00:10","guid":{"rendered":"https:\/\/www.monblogdefille.com\/blog\/?p=163219"},"modified":"2019-03-19T09:11:15","modified_gmt":"2019-03-19T08:11:15","slug":"rencontre-autour-du-teint-avec-armani","status":"publish","type":"post","link":"https:\/\/www.monblogdefille.com\/blog\/rencontre-autour-du-teint-avec-armani\/","title":{"rendered":"Rencontre autour du teint avec Armani"},"content":{"rendered":"<p><iframe loading=\"lazy\" frameborder=\"0\" height=\"563\" src=\"https:\/\/www.youtube.com\/embed\/zaNGw3k4_HA\" width=\"1000\"><span style=\"display: inline-block; width: 0px; overflow: hidden; line-height: 0;\" data-mce-type=\"bookmark\" class=\"mce_SELRES_start\">\ufeff<\/span><\/iframe><\/p>\n<p style=\"text-align: center;\"><em>Partenariat r\u00e9mun\u00e9r\u00e9 avec Armani Beauty<\/em><\/p>\n<p style=\"text-align: center;\">La rencontre aura lieu le <strong>jeudi<\/strong> <strong>28 mars <\/strong>de<strong> 16h \u00e0 19h <\/strong>aux<strong> Galeries Lafayette Haussmann<\/strong>.<\/p>\n<p style=\"text-align: center;\">Il y aura 10 invit\u00e9(e)s\u00a0; <strong>pour participer<\/strong>, laissez un commentaire racontant votre exp\u00e9rience (ou pas) du maquillage Armani,<br \/>\net les <strong>probl\u00e9matiques de teint<\/strong> que vous aimeriez voir abord\u00e9es par les maquilleurs.<\/p>\n<p style=\"text-align: center;\">Vous avez jusqu\u2019au <strong>lundi 18 mars \u00e0 18h<\/strong> pour participer, et je vous indiquerai les noms des invit\u00e9(e)s dans un nouvel article tr\u00e8s peu de temps apr\u00e8s.<\/p>\n<p style=\"text-align: center;\">Je porte un Sweat Cos, ma <a href=\"http:\/\/tinyurl.com\/naamdgs\" target=\"_blank\" rel=\"noopener noreferrer\"><strong>bague H\u00e9l\u00e8ne &amp; Gemmyo<\/strong><\/a> et le <a href=\"https:\/\/bit.ly\/2SPjyqp\" target=\"_blank\" rel=\"noopener noreferrer\"><strong>vernis Sanaa<\/strong> <strong>&amp; Opi<\/strong><\/a>.<\/p>\n","protected":false},"excerpt":{"rendered":"<p><img loading=\"lazy\" decoding=\"async\" class=\"aligncenter size-full wp-image-163220\" src=\"https:\/\/www.monblogdefille.com\/blog\/wp-content\/uploads\/2019\/03\/armani-blog.jpg\" alt=\"\" width=\"1479\" height=\"1054\" srcset=\"https:\/\/www.monblogdefille.com\/blog\/wp-content\/uploads\/2019\/03\/armani-blog.jpg 1479w, https:\/\/www.monblogdefille.com\/blog\/wp-content\/uploads\/2019\/03\/armani-blog-300x214.jpg 300w, https:\/\/www.monblogdefille.com\/blog\/wp-content\/uploads\/2019\/03\/armani-blog-768x547.jpg 768w, https:\/\/www.monblogdefille.com\/blog\/wp-content\/uploads\/2019\/03\/armani-blog-1024x730.jpg 1024w, https:\/\/www.monblogdefille.com\/blog\/wp-content\/uploads\/2019\/03\/armani-blog-1010x720.jpg 1010w\" sizes=\"auto, (max-width: 1479px) 100vw, 1479px\" \/><\/p>\n","protected":false},"author":3,"featured_media":163220,"comment_status":"open","ping_status":"open","sticky":false,"template":"","format":"standard","meta":{"footnotes":""},"categories":[1485,19907,20030,19978],"tags":[20187,20160,19975],"class_list":["post-163219","post","type-post","status-publish","format-standard","has-post-thumbnail","hentry","category-le-maquillage","category-rencontres-mbdf","category-teint-et-divers","category-videos","tag-armani","tag-rencontres-mbdf-2","tag-teint-parfait"],"_links":{"self":[{"href":"https:\/\/www.monblogdefille.com\/blog\/wp-json\/wp\/v2\/posts\/163219","targetHints":{"allow":["GET"]}}],"collection":[{"href":"https:\/\/www.monblogdefille.com\/blog\/wp-json\/wp\/v2\/posts"}],"about":[{"href":"https:\/\/www.monblogdefille.com\/blog\/wp-json\/wp\/v2\/types\/post"}],"author":[{"embeddable":true,"href":"https:\/\/www.monblogdefille.com\/blog\/wp-json\/wp\/v2\/users\/3"}],"replies":[{"embeddable":true,"href":"https:\/\/www.monblogdefille.com\/blog\/wp-json\/wp\/v2\/comments?post=163219"}],"version-history":[{"count":0,"href":"https:\/\/www.monblogdefille.com\/blog\/wp-json\/wp\/v2\/posts\/163219\/revisions"}],"wp:featuredmedia":[{"embeddable":true,"href":"https:\/\/www.monblogdefille.com\/blog\/wp-json\/wp\/v2\/media\/163220"}],"wp:attachment":[{"href":"https:\/\/www.monblogdefille.com\/blog\/wp-json\/wp\/v2\/media?parent=163219"}],"wp:term":[{"taxonomy":"category","embeddable":true,"href":"https:\/\/www.monblogdefille.com\/blog\/wp-json\/wp\/v2\/categories?post=163219"},{"taxonomy":"post_tag","embeddable":true,"href":"https:\/\/www.monblogdefille.com\/blog\/wp-json\/wp\/v2\/tags?post=163219"}],"curies":[{"name":"wp","href":"https:\/\/api.w.org\/{rel}","templated":true}]}}