{"id":163160,"date":"2019-02-26T09:00:18","date_gmt":"2019-02-26T08:00:18","guid":{"rendered":"https:\/\/www.monblogdefille.com\/blog\/?p=163160"},"modified":"2019-03-08T11:17:50","modified_gmt":"2019-03-08T10:17:50","slug":"que-vaut-le-nouveau-fond-de-teint-de-guerlain","status":"publish","type":"post","link":"https:\/\/www.monblogdefille.com\/blog\/que-vaut-le-nouveau-fond-de-teint-de-guerlain\/","title":{"rendered":"Que vaut le nouveau fond de teint de Guerlain ?"},"content":{"rendered":"<p><img loading=\"lazy\" decoding=\"async\" class=\"aligncenter size-full wp-image-163161\" src=\"https:\/\/www.monblogdefille.com\/blog\/wp-content\/uploads\/2019\/02\/guerlain_lessentiel.jpg\" alt=\"\" width=\"2000\" height=\"1500\" srcset=\"https:\/\/www.monblogdefille.com\/blog\/wp-content\/uploads\/2019\/02\/guerlain_lessentiel.jpg 2000w, https:\/\/www.monblogdefille.com\/blog\/wp-content\/uploads\/2019\/02\/guerlain_lessentiel-300x225.jpg 300w, https:\/\/www.monblogdefille.com\/blog\/wp-content\/uploads\/2019\/02\/guerlain_lessentiel-768x576.jpg 768w, https:\/\/www.monblogdefille.com\/blog\/wp-content\/uploads\/2019\/02\/guerlain_lessentiel-1024x768.jpg 1024w, https:\/\/www.monblogdefille.com\/blog\/wp-content\/uploads\/2019\/02\/guerlain_lessentiel-1010x758.jpg 1010w\" sizes=\"auto, (max-width: 2000px) 100vw, 2000px\" \/><\/p>\n<p>Or donc Guerlain a sorti le premier fond de teint naturel cr\u00e9\u00e9 par une marque de luxe, <a href=\"http:\/\/bit.ly\/2DOjXne\" target=\"_blank\" rel=\"noopener noreferrer\"><strong>L\u2019Essentiel<\/strong><\/a>. 97% d\u2019ingr\u00e9dients d\u2019origine naturelle, pas d\u2019huile, pas de silicone.<\/p>\n<p>Comme vous savez ce ne sont pas des crit\u00e8res importants pour moi dans le cas du fond de teint, mais je sais que \u00e7a l\u2019est pour certain(e)s d\u2019entre vous donc je viens au rapport ;-)<\/p>\n<p>La texture et la tenue du produit sont les m\u00eames que celles d\u2019un fond de teint classique.<\/p>\n<p>Il a une couvrance tr\u00e8s l\u00e9g\u00e8re, mais qu\u2019on peut construire en superposant des couches (jusqu\u2019\u00e0 3 d\u2019apr\u00e8s la marque). Moi il me faut au moins 2 couches pour me sentir suffisamment couverte, ce n\u2019est pas le genre de couvrance vers laquelle je vais habituellement.<\/p>\n<p>Malgr\u00e9 \u00e7a il unifie (un peu comme une CC Cr\u00e8me, en fait) et les couleurs sont tr\u00e8s lumineuses. J\u2019ai la teinte 01W, parfaite pour moi en ce moment et dans les tonalit\u00e9s jaunes comme j\u2019aime, ce qui reste difficile \u00e0 trouver dans les teintes vraiment claires chez les marques de luxe.<\/p>\n<p>Il y a trois sous tons : W (warm = jaune), N (neutre) et C (cold = ros\u00e9), pour 30 teintes au total.<\/p>\n<p>Je ne me maquillerais pas tous les jours avec (je pr\u00e9f\u00e8re nettement plus de couvrance, comme je dis toujours \u201cpour mon teint, j\u2019aime avoir l\u2019air d\u2019\u00eatre en plastique\u201d ;-) mais si on veut un r\u00e9sultat tr\u00e8s naturel, il fait joliment le boulot.<\/p>\n<p>Je suis moins convaincue par le <a href=\"http:\/\/bit.ly\/2DSTIML\" target=\"_blank\" rel=\"noopener noreferrer\"><strong>pinceau<\/strong><\/a>, pour ce prix je pr\u00e9f\u00e8re un outil plus maniable et surtout que je peux laver plus facilement : les poils de celui-ci sont trait\u00e9s au charbon actif donc en quelque sorte auto-nettoyant si on l\u2019essuie bien, mais je pr\u00e9f\u00e8re laver mon pinceau pour de vrai (= \u00e0 l\u2019huile d\u00e9maquillante ou au savon et \u00e0 l\u2019eau) toutes les 2 ou 3 utilisations.<\/p>\n<p>C\u2019est en fait un bon pinceau de voyage, mais je trouve que \u00e7a fait cher pour un pinceau de voyage ;- )<\/p>\n<p>Voil\u00e0 les enfants ! Qui l\u2019a essay\u00e9 ? Qui l\u2019adore (j\u2019en ai parl\u00e9 sur <a href=\"https:\/\/www.instagram.com\/p\/Bt1OLThFFvX\/\" target=\"_blank\" rel=\"noopener noreferrer\"><strong>Instagram<\/strong> <\/a>et visiblement pas mal de monde l\u2019adorait (ce qui ne m\u2019\u00e9tonne pas, les fran\u00e7aises pr\u00e9f\u00e8rent les fonds de teint peu couvrant) ?<\/p>\n<div class=\"shopthepost-widget\" data-widget-id=\"3488783\">\r\n                <script type=\"text\/javascript\" language=\"javascript\">\r\n                    !function(d,s,id){\r\n                        var e, p = \/^http:\/.test(d.location) ? 'http' : 'https';\r\n                        if(!d.getElementById(id)) {\r\n                            e     = d.createElement(s);\r\n                            e.id  = id;\r\n                            e.src = p + ':\/\/widgets.rewardstyle.com\/js\/shopthepost.js';\r\n                            d.body.appendChild(e);\r\n                        }\r\n                        if(typeof window.__stp === 'object') if(d.readyState === 'complete') {\r\n                            window.__stp.init();\r\n                        }\r\n                    }(document, 'script', 'shopthepost-script');\r\n                <\/script>\r\n                <div class=\"rs-adblock\">\r\n                    <img decoding=\"async\" src=\"\/\/assets.rewardstyle.com\/images\/search\/350.gif\" style=\"width:15px;height:15px;\" onerror=\"this.parentNode.innerHTML='Turn off your ad blocker to view content'\" \/>\r\n                    <noscript>Turn on your JavaScript to view content<\/noscript>\r\n                <\/div>\r\n            <\/div>\n<p><strong>Edit du 8 mars :<\/strong> je viens d&rsquo;en poser 3 pompes au Beauty Blender, le r\u00e9sultat est magnifique ! Je suis contente, j&rsquo;ai trouv\u00e9 la bonne utilisation pour la couvrance que j&rsquo;aime !<\/p>\n","protected":false},"excerpt":{"rendered":"<p><img loading=\"lazy\" decoding=\"async\" class=\"aligncenter size-full wp-image-163161\" src=\"https:\/\/www.monblogdefille.com\/blog\/wp-content\/uploads\/2019\/02\/guerlain_lessentiel.jpg\" alt=\"\" width=\"2000\" height=\"1500\" srcset=\"https:\/\/www.monblogdefille.com\/blog\/wp-content\/uploads\/2019\/02\/guerlain_lessentiel.jpg 2000w, https:\/\/www.monblogdefille.com\/blog\/wp-content\/uploads\/2019\/02\/guerlain_lessentiel-300x225.jpg 300w, https:\/\/www.monblogdefille.com\/blog\/wp-content\/uploads\/2019\/02\/guerlain_lessentiel-768x576.jpg 768w, https:\/\/www.monblogdefille.com\/blog\/wp-content\/uploads\/2019\/02\/guerlain_lessentiel-1024x768.jpg 1024w, https:\/\/www.monblogdefille.com\/blog\/wp-content\/uploads\/2019\/02\/guerlain_lessentiel-1010x758.jpg 1010w\" sizes=\"auto, (max-width: 2000px) 100vw, 2000px\" \/><\/p>\n","protected":false},"author":3,"featured_media":163161,"comment_status":"open","ping_status":"open","sticky":false,"template":"","format":"standard","meta":{"footnotes":""},"categories":[1485],"tags":[20088,19975],"class_list":["post-163160","post","type-post","status-publish","format-standard","has-post-thumbnail","hentry","category-le-maquillage","tag-fond-de-teint","tag-teint-parfait"],"_links":{"self":[{"href":"https:\/\/www.monblogdefille.com\/blog\/wp-json\/wp\/v2\/posts\/163160","targetHints":{"allow":["GET"]}}],"collection":[{"href":"https:\/\/www.monblogdefille.com\/blog\/wp-json\/wp\/v2\/posts"}],"about":[{"href":"https:\/\/www.monblogdefille.com\/blog\/wp-json\/wp\/v2\/types\/post"}],"author":[{"embeddable":true,"href":"https:\/\/www.monblogdefille.com\/blog\/wp-json\/wp\/v2\/users\/3"}],"replies":[{"embeddable":true,"href":"https:\/\/www.monblogdefille.com\/blog\/wp-json\/wp\/v2\/comments?post=163160"}],"version-history":[{"count":0,"href":"https:\/\/www.monblogdefille.com\/blog\/wp-json\/wp\/v2\/posts\/163160\/revisions"}],"wp:featuredmedia":[{"embeddable":true,"href":"https:\/\/www.monblogdefille.com\/blog\/wp-json\/wp\/v2\/media\/163161"}],"wp:attachment":[{"href":"https:\/\/www.monblogdefille.com\/blog\/wp-json\/wp\/v2\/media?parent=163160"}],"wp:term":[{"taxonomy":"category","embeddable":true,"href":"https:\/\/www.monblogdefille.com\/blog\/wp-json\/wp\/v2\/categories?post=163160"},{"taxonomy":"post_tag","embeddable":true,"href":"https:\/\/www.monblogdefille.com\/blog\/wp-json\/wp\/v2\/tags?post=163160"}],"curies":[{"name":"wp","href":"https:\/\/api.w.org\/{rel}","templated":true}]}}