{"id":162976,"date":"2018-12-26T09:00:51","date_gmt":"2018-12-26T08:00:51","guid":{"rendered":"https:\/\/www.monblogdefille.com\/blog\/?p=162976"},"modified":"2019-01-06T11:32:51","modified_gmt":"2019-01-06T10:32:51","slug":"le-parfum-inattendu","status":"publish","type":"post","link":"https:\/\/www.monblogdefille.com\/blog\/le-parfum-inattendu\/","title":{"rendered":"Le parfum inattendu"},"content":{"rendered":"<p><img loading=\"lazy\" decoding=\"async\" class=\"aligncenter size-full wp-image-162977\" src=\"https:\/\/www.monblogdefille.com\/blog\/wp-content\/uploads\/2018\/12\/be_mine_by_terry.jpg\" alt=\"\" width=\"2000\" height=\"2000\" srcset=\"https:\/\/www.monblogdefille.com\/blog\/wp-content\/uploads\/2018\/12\/be_mine_by_terry.jpg 2000w, https:\/\/www.monblogdefille.com\/blog\/wp-content\/uploads\/2018\/12\/be_mine_by_terry-300x300.jpg 300w, https:\/\/www.monblogdefille.com\/blog\/wp-content\/uploads\/2018\/12\/be_mine_by_terry-768x768.jpg 768w, https:\/\/www.monblogdefille.com\/blog\/wp-content\/uploads\/2018\/12\/be_mine_by_terry-1024x1024.jpg 1024w, https:\/\/www.monblogdefille.com\/blog\/wp-content\/uploads\/2018\/12\/be_mine_by_terry-1010x1010.jpg 1010w\" sizes=\"auto, (max-width: 2000px) 100vw, 2000px\" \/><\/p>\n<p>Je crois que si j\u2019avais lu la description de <strong>Be Mine<\/strong> je ne l\u2019aurais\u00a0pas sorti de sa bo\u00eete, s\u00fbre qu\u2019il n\u2019\u00e9tait pas du tout fait pour moi (framboise, sensualit\u00e9, volupt\u00e9, \u00e9pices, cuir, rose\u2026)\u00a0; sauf que je n\u2019ai rien lu, j\u2019ai juste \u00e9cout\u00e9 Terry dire en me l\u2019offrant \u00ab\u00a0c\u2019est de la rose avec du patchouli\u00a0\u00bb, et j\u2019ai eu envie de l\u2019essayer.<\/p>\n<p>Parce que j\u2019aime ces deux senteurs et que j\u2019ai justement envie en ce moment de porter autre chose que du citron 7 jours sur 7.<\/p>\n<p>Du coup je l\u2019ai pschitt\u00e9 directement sur mon bras, ce que normalement je ne fais jamais avec un nouveau parfum (toujours sur un carton d\u2019abord de peur de ne pas aimer l\u2019odeur)\u00a0; et il se trouve que sur moi, il ne sent absolument pas ce que le dossier de presse d\u00e9crit, mais avant tout le patchouli avec un peu de rose dans le fond. Sec, pas sucr\u00e9, \u00e9l\u00e9gant et reposant, tr\u00e8s chic et tout \u00e0 fait \u00e0 mon go\u00fbt.<\/p>\n<p>J\u2019\u00e9tais assez sid\u00e9r\u00e9e d\u2019une telle diff\u00e9rence (je pense que ma peau est vraiment bizarre), mais enchant\u00e9e de pouvoir porter un parfum de Terry car je l\u2019aime beaucoup et \u00e7a me fait plaisir de l\u2019avoir un peu avec moi.<\/p>\n<p>En plus elle a adorablement fait graver le flacon \u00e0 mon nom, c\u2019\u00e9tait un signe que je devais le garder\u00a0;-)<\/p>\n<p>Il sort officiellement le 14 f\u00e9vrier, mais on peut le sentir et \/ ou l\u2019acheter en avant-premi\u00e8re (et en exclusivit\u00e9) \u00e0 la boutique <a href=\"https:\/\/www.byterry.com\/fr\/locations\" target=\"_blank\" rel=\"noopener\"><strong>boutique By Terry de la galerie V\u00e9ro Dodat<\/strong><\/a>.<\/p>\n<p>Si vous l\u2019essayez, vous me direz ce qu\u2019il sent sur vous\u00a0?? Parce que \u00e7a peut \u00eatre tr\u00e8s int\u00e9ressant cette affaire, si son rendu est aussi diff\u00e9rent selon les peaux\u00a0!<\/p>\n","protected":false},"excerpt":{"rendered":"<p><img loading=\"lazy\" decoding=\"async\" class=\"aligncenter size-full wp-image-162977\" src=\"https:\/\/www.monblogdefille.com\/blog\/wp-content\/uploads\/2018\/12\/be_mine_by_terry.jpg\" alt=\"\" width=\"2000\" height=\"2000\" srcset=\"https:\/\/www.monblogdefille.com\/blog\/wp-content\/uploads\/2018\/12\/be_mine_by_terry.jpg 2000w, https:\/\/www.monblogdefille.com\/blog\/wp-content\/uploads\/2018\/12\/be_mine_by_terry-300x300.jpg 300w, https:\/\/www.monblogdefille.com\/blog\/wp-content\/uploads\/2018\/12\/be_mine_by_terry-768x768.jpg 768w, https:\/\/www.monblogdefille.com\/blog\/wp-content\/uploads\/2018\/12\/be_mine_by_terry-1024x1024.jpg 1024w, https:\/\/www.monblogdefille.com\/blog\/wp-content\/uploads\/2018\/12\/be_mine_by_terry-1010x1010.jpg 1010w\" sizes=\"auto, (max-width: 2000px) 100vw, 2000px\" \/><\/p>\n","protected":false},"author":3,"featured_media":162977,"comment_status":"open","ping_status":"open","sticky":false,"template":"","format":"standard","meta":{"footnotes":""},"categories":[20099],"tags":[20211,20100],"class_list":["post-162976","post","type-post","status-publish","format-standard","has-post-thumbnail","hentry","category-parfum","tag-by-terry","tag-parfum"],"_links":{"self":[{"href":"https:\/\/www.monblogdefille.com\/blog\/wp-json\/wp\/v2\/posts\/162976","targetHints":{"allow":["GET"]}}],"collection":[{"href":"https:\/\/www.monblogdefille.com\/blog\/wp-json\/wp\/v2\/posts"}],"about":[{"href":"https:\/\/www.monblogdefille.com\/blog\/wp-json\/wp\/v2\/types\/post"}],"author":[{"embeddable":true,"href":"https:\/\/www.monblogdefille.com\/blog\/wp-json\/wp\/v2\/users\/3"}],"replies":[{"embeddable":true,"href":"https:\/\/www.monblogdefille.com\/blog\/wp-json\/wp\/v2\/comments?post=162976"}],"version-history":[{"count":0,"href":"https:\/\/www.monblogdefille.com\/blog\/wp-json\/wp\/v2\/posts\/162976\/revisions"}],"wp:featuredmedia":[{"embeddable":true,"href":"https:\/\/www.monblogdefille.com\/blog\/wp-json\/wp\/v2\/media\/162977"}],"wp:attachment":[{"href":"https:\/\/www.monblogdefille.com\/blog\/wp-json\/wp\/v2\/media?parent=162976"}],"wp:term":[{"taxonomy":"category","embeddable":true,"href":"https:\/\/www.monblogdefille.com\/blog\/wp-json\/wp\/v2\/categories?post=162976"},{"taxonomy":"post_tag","embeddable":true,"href":"https:\/\/www.monblogdefille.com\/blog\/wp-json\/wp\/v2\/tags?post=162976"}],"curies":[{"name":"wp","href":"https:\/\/api.w.org\/{rel}","templated":true}]}}