{"id":162904,"date":"2018-11-20T13:14:43","date_gmt":"2018-11-20T12:14:43","guid":{"rendered":"https:\/\/www.monblogdefille.com\/blog\/?p=162904"},"modified":"2018-11-25T08:42:57","modified_gmt":"2018-11-25T07:42:57","slug":"merci-pour-votre-aide-a-propos-des-structures-daide-aux-femmes","status":"publish","type":"post","link":"https:\/\/www.monblogdefille.com\/blog\/merci-pour-votre-aide-a-propos-des-structures-daide-aux-femmes\/","title":{"rendered":"Merci pour votre aide \u00e0 propos des structures d\u2019aide aux femmes"},"content":{"rendered":"<p>La semaine derni\u00e8re je vous ai demand\u00e9 si vous connaissiez des refuges pour femmes auxquels je pourrais donner des cosm\u00e9tiques, et <a href=\"https:\/\/www.monblogdefille.com\/blog\/des-adresses-de-refuges-pour-femmes-a-qui-donner-des-produits\/#comment-1231571\" target=\"_blank\" rel=\"noopener\"><strong>Lou<\/strong><\/a> a indiqu\u00e9 <a href=\"https:\/\/www.lamaisondesfemmes.fr\/\" target=\"_blank\" rel=\"noopener\"><strong>La Maison des Femmes<\/strong><\/a> \u00e0 Saint Denis.<\/p>\n<p>J\u2019y suis all\u00e9e ce matin et j\u2019ai d\u00e9couvert un lieu qui me parle \u00e9norm\u00e9ment\u00a0: cet endroit est ouvert \u00e0 toutes les femmes vuln\u00e9rables ou victimes de violences (physiques ou psychologiques, familiales, conjugales, sexuelles, excision, viol, inceste, mariage forc\u00e9, mais aussi demande de contraception, IVG et suivi de grossesse\u2026).<\/p>\n<p>Ils proposent une prise en charge compl\u00e8te gr\u00e2ce \u00e0 une \u00e9quipe de m\u00e9decins, psychologues, sexologues, sages-femmes, chirugiens, assistantes sociales, avocats, juristes, unit\u00e9 de planning familial, et des salles de consultation et d\u2019interventions m\u00e9dicales (ils pratiquent m\u00eame la reconstruction de l\u2019excision, sujet dont j\u2019ai <a href=\"https:\/\/www.monblogdefille.com\/blog\/lexcision-reparee\/\" target=\"_blank\" rel=\"noopener\"><strong>d\u00e9j\u00e0 parl\u00e9 ici<\/strong><\/a>.<\/p>\n<p>Ce n\u2019est pas un centre d\u2019h\u00e9bergement mais une structure de consultation de jour, ouverte \u00e0 toutes (il n\u2019est pas n\u00e9cessaire de vivre \u00e0 Saint Denis pour y avoir acc\u00e8s).<\/p>\n<p>Les produits que j\u2019ai apport\u00e9s serviront dans le cadre d\u2019un atelier \u00ab\u00a0Estime de soi\u00a0\u00bb, et pour faire des petits cadeaux de No\u00ebl aux femmes qui viennent consulter et aux b\u00e9n\u00e9voles de l\u2019\u00e9quipe.<\/p>\n<p>Je trouve ce qu\u2019ils font admirable et j\u2019\u00e9tais tellement heureuse en partant, de leur avoir apport\u00e9 une goutte d\u2019eau.<\/p>\n<p>Merci encore Lou.<\/p>\n","protected":false},"excerpt":{"rendered":"<p>La semaine derni\u00e8re je vous ai demand\u00e9 si vous connaissiez des refuges pour femmes auxquels je pourrais donner des cosm\u00e9tiques, et Lou a indiqu\u00e9 La Maison des Femmes \u00e0 Saint Denis. J\u2019y suis all\u00e9e ce&#8230;<br \/> <a class=\"read-more\" href=\"https:\/\/www.monblogdefille.com\/blog\/merci-pour-votre-aide-a-propos-des-structures-daide-aux-femmes\/\">Lire la suite \u00bb<\/a><\/p>\n","protected":false},"author":3,"featured_media":0,"comment_status":"open","ping_status":"open","sticky":false,"template":"","format":"standard","meta":{"footnotes":""},"categories":[1488],"tags":[],"class_list":["post-162904","post","type-post","status-publish","format-standard","hentry","category-femmes-du-monde"],"_links":{"self":[{"href":"https:\/\/www.monblogdefille.com\/blog\/wp-json\/wp\/v2\/posts\/162904","targetHints":{"allow":["GET"]}}],"collection":[{"href":"https:\/\/www.monblogdefille.com\/blog\/wp-json\/wp\/v2\/posts"}],"about":[{"href":"https:\/\/www.monblogdefille.com\/blog\/wp-json\/wp\/v2\/types\/post"}],"author":[{"embeddable":true,"href":"https:\/\/www.monblogdefille.com\/blog\/wp-json\/wp\/v2\/users\/3"}],"replies":[{"embeddable":true,"href":"https:\/\/www.monblogdefille.com\/blog\/wp-json\/wp\/v2\/comments?post=162904"}],"version-history":[{"count":0,"href":"https:\/\/www.monblogdefille.com\/blog\/wp-json\/wp\/v2\/posts\/162904\/revisions"}],"wp:attachment":[{"href":"https:\/\/www.monblogdefille.com\/blog\/wp-json\/wp\/v2\/media?parent=162904"}],"wp:term":[{"taxonomy":"category","embeddable":true,"href":"https:\/\/www.monblogdefille.com\/blog\/wp-json\/wp\/v2\/categories?post=162904"},{"taxonomy":"post_tag","embeddable":true,"href":"https:\/\/www.monblogdefille.com\/blog\/wp-json\/wp\/v2\/tags?post=162904"}],"curies":[{"name":"wp","href":"https:\/\/api.w.org\/{rel}","templated":true}]}}