{"id":162600,"date":"2018-08-02T09:00:13","date_gmt":"2018-08-02T07:00:13","guid":{"rendered":"https:\/\/www.monblogdefille.com\/blog\/?p=162600"},"modified":"2018-08-14T09:24:13","modified_gmt":"2018-08-14T07:24:13","slug":"le-soin-skinceuticals-de-lhotel-scribe","status":"publish","type":"post","link":"https:\/\/www.monblogdefille.com\/blog\/le-soin-skinceuticals-de-lhotel-scribe\/","title":{"rendered":"Le soin Skinceuticals de l\u2019h\u00f4tel Scribe"},"content":{"rendered":"<p><img loading=\"lazy\" decoding=\"async\" class=\"aligncenter size-full wp-image-162601\" src=\"https:\/\/www.monblogdefille.com\/blog\/wp-content\/uploads\/2018\/08\/soin_skinceuticals_scribe.jpg\" alt=\"\" width=\"2000\" height=\"1453\" srcset=\"https:\/\/www.monblogdefille.com\/blog\/wp-content\/uploads\/2018\/08\/soin_skinceuticals_scribe.jpg 2000w, https:\/\/www.monblogdefille.com\/blog\/wp-content\/uploads\/2018\/08\/soin_skinceuticals_scribe-300x218.jpg 300w, https:\/\/www.monblogdefille.com\/blog\/wp-content\/uploads\/2018\/08\/soin_skinceuticals_scribe-768x558.jpg 768w, https:\/\/www.monblogdefille.com\/blog\/wp-content\/uploads\/2018\/08\/soin_skinceuticals_scribe-1024x744.jpg 1024w, https:\/\/www.monblogdefille.com\/blog\/wp-content\/uploads\/2018\/08\/soin_skinceuticals_scribe-1010x734.jpg 1010w\" sizes=\"auto, (max-width: 2000px) 100vw, 2000px\" \/><\/p>\n<p style=\"text-align: center;\"><em>(j\u2019ai renonc\u00e9 \u00e0 faire des photos dans les instituts ou les spas, la lumi\u00e8re est trop difficile)<\/em><\/p>\n<p>Mardi j&rsquo;\u00e9tais enchant\u00e9e d&rsquo;aller faire un soin Skinceuticals \u00e0 l\u2019h\u00f4tel Scribe\u00a0: 1. je suis une utilisatrice r\u00e9guli\u00e8re de la marque que j\u2019aime beaucoup, et j\u2019\u00e9tais tr\u00e8s curieuse de leur protocole de soin en cabine\u00a0; 2. l\u2019h\u00f4tel Scribe est climatis\u00e9\u00a0;-)<\/p>\n<p>J\u2019ai trouv\u00e9 \u00e7a super int\u00e9ressant et diff\u00e9rent de pas mal de soins exp\u00e9riment\u00e9s jusqu\u2019ici\u00a0: en effet il n\u2019y a pas de \u00ab\u00a0produits cabine\u00a0\u00bb tout faits, l\u2019esth\u00e9ticienne fait des m\u00e9langes sur mesure diff\u00e9rents selon les besoins de chaque cliente \u00e0 partir des produits qu\u2019on utilise nous-m\u00eames au quotidien.<\/p>\n<p>Tamika qui s\u2019est occup\u00e9e de moi, a commenc\u00e9 par un diagnostic de peau avec une sorte de machine \u00e0 lumi\u00e8re noire qui permet de voir ce qu\u2019on ne voit pas \u00e0 l\u2019\u0153il nu\u00a0; il est apparu que mon probl\u00e8me principal \u00e9tait la d\u00e9shydratation du contour d\u2019\u0153il (et les taches, je suis un vrai dalmatien \u00e0 mon retour de vacances malgr\u00e9 toutes les pr\u00e9cautions que j\u2019ai prises). Elle m\u2019a demand\u00e9 de lui d\u00e9crire ma routine de soin et m\u2019a d\u00e9clar\u00e9 que j\u2019avais tout bon\u00a0;-) (je vous ai pr\u00e9par\u00e9 une vid\u00e9o l\u00e0-dessus pour dimanche).<\/p>\n<p>Elle m\u2019a ensuite fait un massage du dos de 10 minutes tr\u00e8s agr\u00e9able (et n\u00e9cessaire car j\u2019avais la migraine)\u00a0: toucher tr\u00e8s pro, pression parfaite, gestes tr\u00e8s maitris\u00e9s.<\/p>\n<p>Et puis elle a r\u00e9alis\u00e9 les soins suivants, en m\u00e9langeant presque tout dans une base de Gentle Cleanser (qui est mon pr\u00e9f\u00e9r\u00e9 chez eux, vous l\u2019avez vu plusieurs fois <a href=\"https:\/\/www.monblogdefille.com\/blog\/?s=sur+mon+lavabo+%23\" target=\"_blank\" rel=\"noopener\"><strong>sur mon lavabo<\/strong><\/a>) : j\u2019\u00e9tais \u00e9tonn\u00e9e d\u2019utiliser un nettoyant comme base de masque ou de massage mais en fait \u00e7a tient parfaitement debout, c\u2019est comme le Cold Cream qui nous sert aujourd\u2019hui de masque nourrissant l\u2019hiver, mais que nos grand-m\u00e8res utilisaient surtout pour se d\u00e9maquiller\u00a0; c\u2019est un produit \u00e0 base grasse, donc nourrissant et qui peut \u00eatre mass\u00e9.<\/p>\n<p>&#8211; Nettoyage du visage avec le <a href=\"https:\/\/bit.ly\/2M8Bppw\" target=\"_blank\" rel=\"noopener\"><strong>Gentle Cleanser<\/strong><\/a>, en massant longuement.<\/p>\n<p>&#8211; Masque en m\u00e9langeant le Gentle Cleanser, de la vitamine C et quelques gouttes de <a href=\"https:\/\/bit.ly\/2Au2Bhh\" target=\"_blank\" rel=\"noopener\"><strong>CE Ferulic<\/strong><\/a> pour la clart\u00e9 et l\u2019uniformit\u00e9 de la peau.<\/p>\n<p>&#8211; Pendant la pose du masque visage elle m\u2019a fait un masque sur les mains, ce que j\u2019ai trouv\u00e9 g\u00e9nial et qu\u2019on devrait toujours faire\u00a0! Elle a utilis\u00e9 pour \u00e7a le Gentle Cleanser et le <a href=\"https:\/\/bit.ly\/2NYbtNS\" target=\"_blank\" rel=\"noopener\"><strong>s\u00e9rum\u00a0Phloretin CF<\/strong><\/a> pour traiter les taches.<\/p>\n<p>&#8211; Elle a ensuite fait un massage du visage avec le Gentle Cleanser m\u00e9lang\u00e9 au <a href=\"https:\/\/bit.ly\/2mYmWla\" target=\"_blank\" rel=\"noopener\"><strong>s\u00e9rum Hydrating B5<\/strong><\/a>.<\/p>\n<p>&#8211; Elle a rinc\u00e9 le masque puis pass\u00e9 un coup de <a href=\"https:\/\/bit.ly\/2LJFSTK\" target=\"_blank\" rel=\"noopener\"><strong>Equalizing Toner<\/strong><\/a> pour uniformiser le teint.<\/p>\n<p>&#8211; Elle a ensuite appliqu\u00e9 le <a href=\"https:\/\/bit.ly\/2LOJjHS\" target=\"_blank\" rel=\"noopener\"><strong>S\u00e9rum Retexturing Activator<\/strong><\/a> pour la m\u00eame raison, puis le <a href=\"https:\/\/bit.ly\/2vrxAoe\" target=\"_blank\" rel=\"noopener\"><strong>Eye Balm<\/strong><\/a> qui est bien hydratant, et la cr\u00e8me <a href=\"https:\/\/bit.ly\/2LM1yh9\" target=\"_blank\" rel=\"noopener\"><strong>A.G.E Interruptor<\/strong><\/a> sur le visage.<\/p>\n<p>Je suis repartie avec le teint frais et repos\u00e9, et je peux refaire certaines choses chez moi puisque j\u2019utilise une grande partie de ces produits au quotidien.<\/p>\n<p>C\u2019est une exp\u00e9rience aussi int\u00e9ressante qu\u2019agr\u00e9able, je vous la conseille si vous \u00eates fan de la marque\u00a0!<\/p>\n<p style=\"text-align: center;\"><a href=\"http:\/\/www.keiraospa.com\/nos-spas-paris.html\" target=\"_blank\" rel=\"noopener\"><strong>Keirao Spa \u00e0 l\u2019h\u00f4tel Scribe<\/strong><\/a> \u00e0 Paris<\/p>\n<p style=\"text-align: center;\"><em><strong>*** Et voici les autres adresses en France o\u00f9 on peut faire ces soins ***<\/strong><\/em><\/p>\n<p style=\"text-align: center;\">Thalazur Arcachon, 9 avenue du Parc, 33120 ARCACHON<\/p>\n<p style=\"text-align: center;\">Thalasso Alliance Pornic, plage de la Source, 44210 PORNIC<\/p>\n<p style=\"text-align: center;\">Miramar Crouesty, port du Crouesty, 56640 ARZON<\/p>\n<p style=\"text-align: center;\">Institut Beaut\u00e9 Actu&rsquo;elle, 31 rue Colbert, 37000 TOURS<\/p>\n<p style=\"text-align: center;\">Spa H\u00f4tel R\u00e9gent Petite France, 5 rue des Moulins, 67000 STRASBOURG<\/p>\n<p style=\"text-align: center;\">Derma Concept, 25 rue Joseph Brenier, 38200 VIENNE<\/p>\n<p style=\"text-align: center;\">Soin et Innovation, 18 rue Ludovic Trarieux, 16000 ANGOULEME<\/p>\n<p style=\"text-align: center;\">H\u00f4tel Cottage Bise, 390 route du Port, 74290 TALLOIRES<\/p>\n<p style=\"text-align: center;\">Cosmedica, 19 bis Bd Victor Hugo, 06000 NICE<\/p>\n<p style=\"text-align: center;\"><a href=\"http:\/\/luzgrandhotel.fr\/soins-a-la-carte__trashed\/\" target=\"_blank\" rel=\"noopener\"><strong>Grand H\u00f4tel de Saint Jean de Luz<\/strong><\/a><\/p>\n<p style=\"text-align: center;\"><a href=\"https:\/\/cdn.novoteldinard.com\/pdf\/novotel-dinard-spa-et-beaute.pdf?_ga=2.228948892.1854059191.1522341026-991506970.1522341026\" target=\"_blank\" rel=\"noopener\"><strong>Novotel Dinard<\/strong><\/a><\/p>\n<p style=\"text-align: center;\"><a href=\"https:\/\/www.thalazur.fr\/_hotels\/assets\/pdf\/cabourg\/Soins-thalasso.pdf\" target=\"_blank\" rel=\"noopener\"><strong>Thalazur Cabourg<\/strong> <\/a><\/p>\n","protected":false},"excerpt":{"rendered":"<p><img loading=\"lazy\" decoding=\"async\" class=\"aligncenter size-full wp-image-162601\" src=\"https:\/\/www.monblogdefille.com\/blog\/wp-content\/uploads\/2018\/08\/soin_skinceuticals_scribe.jpg\" alt=\"\" width=\"2000\" height=\"1453\" srcset=\"https:\/\/www.monblogdefille.com\/blog\/wp-content\/uploads\/2018\/08\/soin_skinceuticals_scribe.jpg 2000w, https:\/\/www.monblogdefille.com\/blog\/wp-content\/uploads\/2018\/08\/soin_skinceuticals_scribe-300x218.jpg 300w, https:\/\/www.monblogdefille.com\/blog\/wp-content\/uploads\/2018\/08\/soin_skinceuticals_scribe-768x558.jpg 768w, https:\/\/www.monblogdefille.com\/blog\/wp-content\/uploads\/2018\/08\/soin_skinceuticals_scribe-1024x744.jpg 1024w, https:\/\/www.monblogdefille.com\/blog\/wp-content\/uploads\/2018\/08\/soin_skinceuticals_scribe-1010x734.jpg 1010w\" sizes=\"auto, (max-width: 2000px) 100vw, 2000px\" \/><\/p>\n","protected":false},"author":3,"featured_media":162601,"comment_status":"open","ping_status":"open","sticky":false,"template":"","format":"standard","meta":{"footnotes":""},"categories":[1489,20016],"tags":[20168,20089,20017,19975],"class_list":["post-162600","post","type-post","status-publish","format-standard","has-post-thumbnail","hentry","category-le-soin","category-spas-hammams-instituts","tag-anti-age","tag-hydratation","tag-instituts-hammams-et-spas","tag-teint-parfait"],"_links":{"self":[{"href":"https:\/\/www.monblogdefille.com\/blog\/wp-json\/wp\/v2\/posts\/162600","targetHints":{"allow":["GET"]}}],"collection":[{"href":"https:\/\/www.monblogdefille.com\/blog\/wp-json\/wp\/v2\/posts"}],"about":[{"href":"https:\/\/www.monblogdefille.com\/blog\/wp-json\/wp\/v2\/types\/post"}],"author":[{"embeddable":true,"href":"https:\/\/www.monblogdefille.com\/blog\/wp-json\/wp\/v2\/users\/3"}],"replies":[{"embeddable":true,"href":"https:\/\/www.monblogdefille.com\/blog\/wp-json\/wp\/v2\/comments?post=162600"}],"version-history":[{"count":0,"href":"https:\/\/www.monblogdefille.com\/blog\/wp-json\/wp\/v2\/posts\/162600\/revisions"}],"wp:featuredmedia":[{"embeddable":true,"href":"https:\/\/www.monblogdefille.com\/blog\/wp-json\/wp\/v2\/media\/162601"}],"wp:attachment":[{"href":"https:\/\/www.monblogdefille.com\/blog\/wp-json\/wp\/v2\/media?parent=162600"}],"wp:term":[{"taxonomy":"category","embeddable":true,"href":"https:\/\/www.monblogdefille.com\/blog\/wp-json\/wp\/v2\/categories?post=162600"},{"taxonomy":"post_tag","embeddable":true,"href":"https:\/\/www.monblogdefille.com\/blog\/wp-json\/wp\/v2\/tags?post=162600"}],"curies":[{"name":"wp","href":"https:\/\/api.w.org\/{rel}","templated":true}]}}