{"id":162490,"date":"2018-06-21T09:00:47","date_gmt":"2018-06-21T07:00:47","guid":{"rendered":"https:\/\/www.monblogdefille.com\/blog\/?p=162490"},"modified":"2019-08-07T12:27:12","modified_gmt":"2019-08-07T10:27:12","slug":"mon-premier-voyage-en-islande","status":"publish","type":"post","link":"https:\/\/www.monblogdefille.com\/blog\/mon-premier-voyage-en-islande\/","title":{"rendered":"Mon premier voyage en Islande !!"},"content":{"rendered":"<p><iframe loading=\"lazy\" frameborder=\"0\" height=\"563\" src=\"https:\/\/www.youtube.com\/embed\/1b_SjMYU1IE\" width=\"1000\"><span style=\"display: inline-block; width: 0px; overflow: hidden; line-height: 0;\" data-mce-type=\"bookmark\" class=\"mce_SELRES_start\">\ufeff<\/span><\/iframe><\/p>\n<p style=\"text-align: center;\"><strong><em>*** Carnet d\u2019adresses ***<br \/>\n<\/em><\/strong><\/p>\n<p style=\"text-align: center;\"><a href=\"https:\/\/www.sandhotel.is\/en\/\" target=\"_blank\" rel=\"noopener noreferrer\"><strong>Sand Hotel Reykjavik<\/strong><\/a><\/p>\n<p style=\"text-align: center;\"><a href=\"https:\/\/kolrestaurant.is\/en\/\" target=\"_blank\" rel=\"noopener noreferrer\"><strong>Kol Restaurant Reykjavik<\/strong><\/a><\/p>\n<p style=\"text-align: center;\"><a href=\"https:\/\/www.bluelagoon.com\/restaurant\/lava\" target=\"_blank\" rel=\"noopener noreferrer\"><strong>Lava Restaurant Blue Lagoon<\/strong><\/a><\/p>\n<p style=\"text-align: center;\"><a href=\"http:\/\/www.fiskmarkadurinn.is\/\" target=\"_blank\" rel=\"noopener noreferrer\"><strong>Fish Market Restaurant Reykjavik<\/strong><\/a><\/p>\n<p style=\"text-align: center;\"><a href=\"http:\/\/fridheimar.is\/en\/restaurant\" target=\"_blank\" rel=\"noopener noreferrer\"><strong>Serre de tomates et restaurant de Fridheimar<\/strong><\/a><\/p>\n<p style=\"text-align: center;\"><a href=\"http:\/\/apotekrestaurant.is\/?lang=en\" target=\"_blank\" rel=\"noopener noreferrer\"><strong>Apotek Restaurant Reykjavik<\/strong><\/a><\/p>\n<p style=\"text-align: center;\"><em><strong>*** Les belles rencontres de ce voyage ***<br \/>\n<\/strong><\/em><\/p>\n<p style=\"text-align: center;\"><a href=\"https:\/\/www.instagram.com\/valeriebenaroch\/\" target=\"_blank\" rel=\"noopener noreferrer\"><strong>Val\u00e9rie<\/strong> <\/a><\/p>\n<p style=\"text-align: center;\"><a href=\"https:\/\/www.instagram.com\/beautylicieuse\/\" target=\"_blank\" rel=\"noopener noreferrer\"><strong>Beautylicieuse<\/strong> <\/a><\/p>\n<p style=\"text-align: center;\"><a href=\"https:\/\/www.instagram.com\/simmycunico\/\" target=\"_blank\" rel=\"noopener noreferrer\"><strong>Simone<\/strong> <\/a><\/p>\n<p style=\"text-align: center;\"><a href=\"https:\/\/www.instagram.com\/eleanorpendleton\/\" target=\"_blank\" rel=\"noopener noreferrer\"><strong>Eleanor<\/strong> <\/a><\/p>\n<p>Je porte (dans les trucs ne datant pas d\u2019il y a mille ans et encore en vente\u00a0;-)\u00a0(mes lunettes sont des Vera Wang qui pr\u00e9cis\u00e9ment datent d\u2019il y a mille ans \u2013 comme ma parka, mon \u00e9charpe et mes pulls) :<\/p>\n<p><a href=\"https:\/\/bit.ly\/2MCBuCH\" target=\"_blank\" rel=\"noopener noreferrer\"><strong>Maillot Eres<\/strong><\/a><\/p>\n<p><a href=\"http:\/\/bit.ly\/2so8zvW\" target=\"_blank\" rel=\"noopener noreferrer\"><strong>Pendentif Gemmyo<\/strong><\/a><\/p>\n<p><a href=\"http:\/\/bit.ly\/2JSfnKD\" target=\"_blank\" rel=\"noopener noreferrer\"><strong>Pull 1.2.3 Paris<\/strong><\/a><\/p>\n<p><a href=\"http:\/\/bit.ly\/2JX5lDT\" target=\"_blank\" rel=\"noopener noreferrer\"><strong>Sac See By Chlo\u00e9<\/strong><\/a> (oh mon dieu il est sold\u00e9 -40% au Bon march\u00e9\u00a0!!)<\/p>\n<p><strong>Jean\u00a0Topshop<\/strong> (similaire <a href=\"http:\/\/bit.ly\/2MDK3xc\" target=\"_blank\" rel=\"noopener noreferrer\"><strong>ici <\/strong><\/a>et <strong><a href=\"http:\/\/bit.ly\/2JWhCZf\" target=\"_blank\" rel=\"noopener noreferrer\">ici<\/a><\/strong>)<\/p>\n<p><a href=\"http:\/\/bit.ly\/2MFKCXg\" target=\"_blank\" rel=\"noopener noreferrer\"><strong>Stan Smith<\/strong><\/a><\/p>\n<p><a href=\"http:\/\/bit.ly\/2K3ctPa\" target=\"_blank\" rel=\"noopener noreferrer\"><strong>Timberland<\/strong> <\/a><\/p>\n<p>Et donc <a href=\"https:\/\/www.bioeffect.fr\/fr\/\" target=\"_blank\" rel=\"noopener noreferrer\"><strong>Bioeffect<\/strong> <\/a>est une marque de cosm\u00e9tiques cr\u00e9\u00e9e par trois biologistes mol\u00e9culaires islandais en 2011, et qui utilise une biotechnologie extr\u00eamement pointue (le \u00ab\u00a0bio\u00a0\u00bb dans le nom ne vient pas pour bio\/organique mais pour biotechnologie) pour produire dans des plantes un facteur de croissance identique \u00e0 ceux de l\u2019\u00eatre humain, l\u2019EGF (Epidermal Growth Factor\u00a0= Facteur de Croissance Epidermique).<\/p>\n<p>L\u2019EGF est une prot\u00e9ine produite naturellement par le corps humain, qui acc\u00e9l\u00e8re la r\u00e9g\u00e9n\u00e9ration des cellules de la peau et la production d\u2019\u00e9lastine et de collag\u00e8ne (la d\u00e9couverte de l\u2019EGF a \u00e9t\u00e9 r\u00e9compens\u00e9e par un Prix Nobel de m\u00e9decine en 1986).<\/p>\n<p>Avec l\u2019\u00e2ge la production d\u2019EGF par le corps diminue\u00a0; celui de Bioeffect a fait l\u2019objet d\u2019\u00e9tudes ind\u00e9pendantes qui prouvent son efficacit\u00e9 sur la densit\u00e9 et l\u2019\u00e9paisseur de la peau (la peau s\u2019affine avec l\u2019\u00e2ge, c\u2019est un des effets secondaires n\u00e9gatifs du vieillissement).<\/p>\n<p>La prot\u00e9ine d\u2019EGF est produit dans des grains d\u2019orge, que vous avez vu dans la serre dans la vid\u00e9o. C\u2019est l\u2019unique site de culture. Cette serre est chauff\u00e9e par la g\u00e9othermie, l\u2019eau d\u2019arrosage est locale donc extr\u00eamement pure (l\u2019eau islandaise est d\u2019une puret\u00e9 \u00e9tonnante car tr\u00e8s ancienne et filtr\u00e9e longuement \u00e0 travers la roche volcanique et les montagnes), la production de CO2 est n\u00e9gative car l\u2019orge en absorbe plus que sa culture n\u2019en rejette.<\/p>\n<p>L\u2019usine et le site d\u2019exp\u00e9dition sont, comme vous l\u2019avez vu aussi, situ\u00e9s dans le m\u00eame b\u00e2timent que les bureaux et les labos\u00a0; tout est produit, conditionn\u00e9 et contr\u00f4l\u00e9 en Islande.<\/p>\n<p>Et pourquoi on utilise de l\u2019orge pour produire cet EGF\u00a0? Avant on ne pouvait le faire qu\u2019\u00e0 partir de cellules animales ou de bact\u00e9ries E.coli, qui n\u2019\u00e9taient pas adapt\u00e9s \u00e0 des soins de la peau et une bonne tol\u00e9rance cutan\u00e9e. L\u2019EGF produit \u00e0 partir de l\u2019orge est beaucoup plus pur, et plus stable, et Bioeffect, inventeur de la m\u00e9thode, est le seul \u00e0 l\u2019utiliser car c\u2019est la seule soci\u00e9t\u00e9 \u00e0 savoir le faire.<\/p>\n<p>Et pourquoi on n\u2019en trouve pas plus souvent en cosm\u00e9tique\u00a0? Parce que les facteurs de croissance sont tr\u00e8s chers, doivent \u00eatre tr\u00e8s purs et sont difficiles \u00e0 formuler.<\/p>\n<p>Le produit star de la marque est le <a href=\"https:\/\/www.bioeffect.fr\/produits\/egf-serum-special-edition\" target=\"_blank\" rel=\"noopener noreferrer\"><strong>s\u00e9rum<\/strong><\/a>, qui est donc un produit anti-\u00e2ge (mais comme pour tous les anti-\u00e2ges on peut commencer d\u00e8s 25 ans), et les photos avant\/apr\u00e8s sur des peaux assez marqu\u00e9es sont honn\u00eatement spectaculaires\u00a0: \u00e7a a un effet r\u00e9versif, ce qui est tr\u00e8s rare.<\/p>\n<p>Il faut en mettre tr\u00e8s peu (4 gouttes maxi) donc le flacon peut durer 8 semaines (je vais arr\u00eater d\u2019en mettre b\u00eatement 10 gouttes comme je faisais jusqu\u2019ici \u2013 ins\u00e9rer un \u00e9moji rouge et embarrass\u00e9).<\/p>\n<p>Il ne contient que 7 ingr\u00e9dients, donc \u00e9videmment pas de parfum ni d\u2019alcool ni de silicone, mais pas non plus de conservateurs. Du tout. J\u2019ai demand\u00e9 comment c\u2019\u00e9tait possible dans un produit \u00e0 base d\u2019eau (les bact\u00e9ries se d\u00e9veloppent dans l\u2019eau, d\u2019o\u00f9 la pr\u00e9sence syst\u00e9matique de conservateurs habituellement)\u00a0: gr\u00e2ce \u00e0 une formulation sp\u00e9ciale l\u2019eau est \u00ab\u00a0coll\u00e9e\u00a0\u00bb \u00e0 d\u2019autres ingr\u00e9dients, notamment la glyc\u00e9rine, ce qui la rend non disponible pour une colonisation bact\u00e9rienne.<\/p>\n<p>Et il est tr\u00e8s important d\u2019attendre 5 ou 10 minutes avant d\u2019appliquer quoi que ce soit d\u2019autre par-dessus si on souhaite le faire (autre s\u00e9rum, cr\u00e8me de jour ou de nuit\u2026), car l\u2019EGF est tr\u00e8s fragile et les ingr\u00e9dients d\u2019autres produits pourraient casser la formule et la rendre inefficace.<\/p>\n<p>(je vais donc arr\u00eater de tout appliquer \u00e0 la suite \u00e0 toute vitesse comme je faisais \u2013 ins\u00e9rer un \u00e9moji rouge vif qui ne sait plus o\u00f9 se mettre).<\/p>\n<p>30% des islandaises utilisent le s\u00e9rum, Bioeffect ne fait pas de publicit\u00e9 et tout s\u2019est fait par le bouche \u00e0 oreille\u00a0; aujourd\u2019hui ils sont pr\u00e9sents dans 28 pays et on vend 18 flacons de s\u00e9rum par heure.<\/p>\n<p>Voil\u00e0\u00a0! Vous n\u2019avez pas id\u00e9e \u00e0 quel point tout \u00e7a m\u2019a fascin\u00e9e et enthousiasm\u00e9e, j\u2019esp\u00e8re avoir r\u00e9ussi \u00e0 \u00eatre claire dans cet article, le sujet est vraiment pointu et compliqu\u00e9, j\u2019esp\u00e8re vraiment avoir pu transmettre et relayer ce que j\u2019ai d\u00e9couvert (et que \u00e7a vous int\u00e9resse\u00a0;-)\u00a0!<\/p>\n<p>Et n&rsquo;h\u00e9sitez pas \u00e0 faire un tour sur mon <a href=\"https:\/\/www.instagram.com\/monblogdefille\/\" target=\"_blank\" rel=\"noopener noreferrer\"><strong>Instagram<\/strong><\/a>, j&rsquo;ai post\u00e9 plein de photos !<\/p>\n<p><img loading=\"lazy\" decoding=\"async\" class=\"aligncenter size-full wp-image-162491\" src=\"https:\/\/www.monblogdefille.com\/blog\/wp-content\/uploads\/2018\/06\/islande-blog.jpg\" alt=\"\" width=\"2000\" height=\"2500\" srcset=\"https:\/\/www.monblogdefille.com\/blog\/wp-content\/uploads\/2018\/06\/islande-blog.jpg 2000w, https:\/\/www.monblogdefille.com\/blog\/wp-content\/uploads\/2018\/06\/islande-blog-240x300.jpg 240w, https:\/\/www.monblogdefille.com\/blog\/wp-content\/uploads\/2018\/06\/islande-blog-768x960.jpg 768w, https:\/\/www.monblogdefille.com\/blog\/wp-content\/uploads\/2018\/06\/islande-blog-819x1024.jpg 819w, https:\/\/www.monblogdefille.com\/blog\/wp-content\/uploads\/2018\/06\/islande-blog-1010x1263.jpg 1010w\" sizes=\"auto, (max-width: 2000px) 100vw, 2000px\" \/><\/p>\n","protected":false},"excerpt":{"rendered":"<p><img loading=\"lazy\" decoding=\"async\" class=\"aligncenter size-full wp-image-162491\" src=\"https:\/\/www.monblogdefille.com\/blog\/wp-content\/uploads\/2018\/06\/islande-blog.jpg\" alt=\"\" width=\"2000\" height=\"2500\" srcset=\"https:\/\/www.monblogdefille.com\/blog\/wp-content\/uploads\/2018\/06\/islande-blog.jpg 2000w, https:\/\/www.monblogdefille.com\/blog\/wp-content\/uploads\/2018\/06\/islande-blog-240x300.jpg 240w, https:\/\/www.monblogdefille.com\/blog\/wp-content\/uploads\/2018\/06\/islande-blog-768x960.jpg 768w, https:\/\/www.monblogdefille.com\/blog\/wp-content\/uploads\/2018\/06\/islande-blog-819x1024.jpg 819w, https:\/\/www.monblogdefille.com\/blog\/wp-content\/uploads\/2018\/06\/islande-blog-1010x1263.jpg 1010w\" sizes=\"auto, (max-width: 2000px) 100vw, 2000px\" \/><\/p>\n","protected":false},"author":3,"featured_media":162491,"comment_status":"open","ping_status":"open","sticky":false,"template":"","format":"standard","meta":{"footnotes":""},"categories":[1489,20176,20158,19978,20116],"tags":[20231,20230,20194,20164],"class_list":["post-162490","post","type-post","status-publish","format-standard","has-post-thumbnail","hentry","category-le-soin","category-lifestyle","category-soin","category-videos","category-voyages","tag-bioeffect","tag-islande","tag-vlog","tag-voyages"],"_links":{"self":[{"href":"https:\/\/www.monblogdefille.com\/blog\/wp-json\/wp\/v2\/posts\/162490","targetHints":{"allow":["GET"]}}],"collection":[{"href":"https:\/\/www.monblogdefille.com\/blog\/wp-json\/wp\/v2\/posts"}],"about":[{"href":"https:\/\/www.monblogdefille.com\/blog\/wp-json\/wp\/v2\/types\/post"}],"author":[{"embeddable":true,"href":"https:\/\/www.monblogdefille.com\/blog\/wp-json\/wp\/v2\/users\/3"}],"replies":[{"embeddable":true,"href":"https:\/\/www.monblogdefille.com\/blog\/wp-json\/wp\/v2\/comments?post=162490"}],"version-history":[{"count":0,"href":"https:\/\/www.monblogdefille.com\/blog\/wp-json\/wp\/v2\/posts\/162490\/revisions"}],"wp:featuredmedia":[{"embeddable":true,"href":"https:\/\/www.monblogdefille.com\/blog\/wp-json\/wp\/v2\/media\/162491"}],"wp:attachment":[{"href":"https:\/\/www.monblogdefille.com\/blog\/wp-json\/wp\/v2\/media?parent=162490"}],"wp:term":[{"taxonomy":"category","embeddable":true,"href":"https:\/\/www.monblogdefille.com\/blog\/wp-json\/wp\/v2\/categories?post=162490"},{"taxonomy":"post_tag","embeddable":true,"href":"https:\/\/www.monblogdefille.com\/blog\/wp-json\/wp\/v2\/tags?post=162490"}],"curies":[{"name":"wp","href":"https:\/\/api.w.org\/{rel}","templated":true}]}}