{"id":162439,"date":"2018-06-03T09:00:17","date_gmt":"2018-06-03T07:00:17","guid":{"rendered":"https:\/\/www.monblogdefille.com\/blog\/?p=162439"},"modified":"2018-06-10T09:14:17","modified_gmt":"2018-06-10T07:14:17","slug":"decouvertes-et-favoris-ou-pas-mai-2018","status":"publish","type":"post","link":"https:\/\/www.monblogdefille.com\/blog\/decouvertes-et-favoris-ou-pas-mai-2018\/","title":{"rendered":"D\u00e9couvertes et favoris (ou pas) \u2013 mai 2018"},"content":{"rendered":"<p><iframe loading=\"lazy\" frameborder=\"0\" height=\"563\" src=\"https:\/\/www.youtube.com\/embed\/PIMGIKbEaqI\" width=\"1000\"><\/iframe><\/p>\n<p style=\"text-align: center;\"><a href=\"https:\/\/bit.ly\/2JnY2Iw\" target=\"_blank\" rel=\"noopener\"><strong>Tunique Free People<\/strong><\/a> (il appara\u00eet que chez eux le L correspond \u00e0 du 44, youhou !)<\/p>\n<p style=\"text-align: center;\"><a href=\"https:\/\/bit.ly\/2LbrONK\" target=\"_blank\" rel=\"noopener\"><strong>Holistic Silk \u2013 Masque de nuit en soie<\/strong><\/a><\/p>\n<p style=\"text-align: center;\"><a href=\"https:\/\/on.gucci.com\/2HfAaSb\" target=\"_blank\" rel=\"noopener\"><strong>Gucci \u2013 Mocassins Princetown en cr\u00e8me<\/strong><\/a><\/p>\n<p style=\"text-align: center;\"><strong>Netflix<\/strong>\u00a0: The Rain &#8211; Chef\u2019s table saison 4 &#8211; The World most extraordinary Houses &#8211; The Dictator<\/p>\n<p style=\"text-align: center;\"><a href=\"https:\/\/amzn.to\/2LU6dKX\" target=\"_blank\" rel=\"noopener\"><strong>Hugh Howey \u2013 Silo<\/strong><\/a><\/p>\n<p style=\"text-align: center;\"><a href=\"https:\/\/bit.ly\/2GYBu0v\" target=\"_blank\" rel=\"noopener\"><strong>Hylamide \u2013 D\u00e9maquillant nettoyant visage<\/strong><\/a><\/p>\n<p style=\"text-align: center;\"><a href=\"https:\/\/bit.ly\/2vRyEFs\" target=\"_blank\" rel=\"noopener\"><strong>The Ordinary \u2013 Fond de teint couvrance<\/strong><\/a> et <a href=\"https:\/\/bit.ly\/2kGbeuq\" target=\"_blank\" rel=\"noopener\"><strong>Fond de teint s\u00e9rum<\/strong><\/a><\/p>\n<p style=\"text-align: center;\"><a href=\"http:\/\/bit.ly\/2JqEVxt\" target=\"_blank\" rel=\"noopener\"><strong>Cover Fx \u2013 Fond de teint Power Play<\/strong><\/a> en N35<\/p>\n<p style=\"text-align: center;\"><strong>D\u00e9odorants Mitchum<\/strong> (chez Boots)<\/p>\n<p style=\"text-align: center;\"><a href=\"https:\/\/bit.ly\/2HcV5FG\" target=\"_blank\" rel=\"noopener\"><strong>CeraVe \u2013 Lait Hydratant peaux s\u00e8ches \u00e0 tr\u00e8s s\u00e8ches<\/strong><\/a><\/p>\n<p style=\"text-align: center;\"><a href=\"https:\/\/bit.ly\/2J4mAaa\" target=\"_blank\" rel=\"noopener\"><strong>Urban Decay \u2013 Vice lipstick en Fuel<\/strong><\/a><\/p>\n<p style=\"text-align: center;\"><strong>L\u2019Oreal Paris &#8211; Rouge \u00e0 l\u00e8vres Color Shine<\/strong> en 656 Beige in the City (chez Monop)<\/p>\n<p style=\"text-align: center;\"><a href=\"https:\/\/bit.ly\/2kJ3ub7\" target=\"_blank\" rel=\"noopener\"><strong>Paula\u2019s Choice \u00a0&#8211; Lip gloss SPF 30<\/strong><\/a><\/p>\n","protected":false},"excerpt":{"rendered":"<p><img loading=\"lazy\" decoding=\"async\" class=\"aligncenter size-full wp-image-162440\" src=\"https:\/\/www.monblogdefille.com\/blog\/wp-content\/uploads\/2018\/06\/favoris-mai-2018-blog.jpg\" alt=\"\" width=\"1660\" height=\"1080\" srcset=\"https:\/\/www.monblogdefille.com\/blog\/wp-content\/uploads\/2018\/06\/favoris-mai-2018-blog.jpg 1660w, https:\/\/www.monblogdefille.com\/blog\/wp-content\/uploads\/2018\/06\/favoris-mai-2018-blog-300x195.jpg 300w, https:\/\/www.monblogdefille.com\/blog\/wp-content\/uploads\/2018\/06\/favoris-mai-2018-blog-768x500.jpg 768w, https:\/\/www.monblogdefille.com\/blog\/wp-content\/uploads\/2018\/06\/favoris-mai-2018-blog-1024x666.jpg 1024w, https:\/\/www.monblogdefille.com\/blog\/wp-content\/uploads\/2018\/06\/favoris-mai-2018-blog-1010x657.jpg 1010w\" sizes=\"auto, (max-width: 1660px) 100vw, 1660px\" \/><\/p>\n","protected":false},"author":3,"featured_media":162440,"comment_status":"open","ping_status":"open","sticky":false,"template":"","format":"standard","meta":{"footnotes":""},"categories":[20185,1485,1489,1481,19978],"tags":[20127,20124],"class_list":["post-162439","post","type-post","status-publish","format-standard","has-post-thumbnail","hentry","category-favoris","category-le-maquillage","category-le-soin","category-malgre-les-apparences-je-sais-lire","category-videos","tag-favoris","tag-videos-2"],"_links":{"self":[{"href":"https:\/\/www.monblogdefille.com\/blog\/wp-json\/wp\/v2\/posts\/162439","targetHints":{"allow":["GET"]}}],"collection":[{"href":"https:\/\/www.monblogdefille.com\/blog\/wp-json\/wp\/v2\/posts"}],"about":[{"href":"https:\/\/www.monblogdefille.com\/blog\/wp-json\/wp\/v2\/types\/post"}],"author":[{"embeddable":true,"href":"https:\/\/www.monblogdefille.com\/blog\/wp-json\/wp\/v2\/users\/3"}],"replies":[{"embeddable":true,"href":"https:\/\/www.monblogdefille.com\/blog\/wp-json\/wp\/v2\/comments?post=162439"}],"version-history":[{"count":0,"href":"https:\/\/www.monblogdefille.com\/blog\/wp-json\/wp\/v2\/posts\/162439\/revisions"}],"wp:featuredmedia":[{"embeddable":true,"href":"https:\/\/www.monblogdefille.com\/blog\/wp-json\/wp\/v2\/media\/162440"}],"wp:attachment":[{"href":"https:\/\/www.monblogdefille.com\/blog\/wp-json\/wp\/v2\/media?parent=162439"}],"wp:term":[{"taxonomy":"category","embeddable":true,"href":"https:\/\/www.monblogdefille.com\/blog\/wp-json\/wp\/v2\/categories?post=162439"},{"taxonomy":"post_tag","embeddable":true,"href":"https:\/\/www.monblogdefille.com\/blog\/wp-json\/wp\/v2\/tags?post=162439"}],"curies":[{"name":"wp","href":"https:\/\/api.w.org\/{rel}","templated":true}]}}