{"id":162348,"date":"2018-05-08T18:52:37","date_gmt":"2018-05-08T16:52:37","guid":{"rendered":"https:\/\/www.monblogdefille.com\/blog\/?p=162348"},"modified":"2018-05-16T09:02:34","modified_gmt":"2018-05-16T07:02:34","slug":"quelles-questions-aimeriez-vous-poser-a-paulas-choice","status":"publish","type":"post","link":"https:\/\/www.monblogdefille.com\/blog\/quelles-questions-aimeriez-vous-poser-a-paulas-choice\/","title":{"rendered":"Quelles questions aimeriez-vous poser \u00e0 Paula&rsquo;s Choice ?"},"content":{"rendered":"<p><img loading=\"lazy\" decoding=\"async\" class=\"aligncenter size-full wp-image-162349\" src=\"https:\/\/www.monblogdefille.com\/blog\/wp-content\/uploads\/2018\/05\/paula_begoun.jpg\" alt=\"\" width=\"1416\" height=\"810\" srcset=\"https:\/\/www.monblogdefille.com\/blog\/wp-content\/uploads\/2018\/05\/paula_begoun.jpg 1416w, https:\/\/www.monblogdefille.com\/blog\/wp-content\/uploads\/2018\/05\/paula_begoun-300x172.png 300w, https:\/\/www.monblogdefille.com\/blog\/wp-content\/uploads\/2018\/05\/paula_begoun-768x439.png 768w, https:\/\/www.monblogdefille.com\/blog\/wp-content\/uploads\/2018\/05\/paula_begoun-1024x586.png 1024w, https:\/\/www.monblogdefille.com\/blog\/wp-content\/uploads\/2018\/05\/paula_begoun-1010x578.png 1010w\" sizes=\"auto, (max-width: 1416px) 100vw, 1416px\" \/><\/p>\n<p>La semaine prochaine je vais \u00e0 Londres rencontrer Paula Begoun, la fondatrice de la marque <a href=\"https:\/\/www.paulaschoice-eu.com\/\" target=\"_blank\" rel=\"noopener\"><strong>Paula&rsquo;s Choice<\/strong><\/a>, je suis super contente parce que c&rsquo;est une figure tr\u00e8s importante de la cosm\u00e9tique !<\/p>\n<p>J&rsquo;ai bien s\u00fbr pr\u00e9par\u00e9 des questions, mais tout d&rsquo;un coup je me dis que peut-\u00eatre, si vous connaissez un peu la marque (ou pas, d&rsquo;ailleurs ;-), vous en avez \u00e0 lui poser vous aussi ? Je peux en emporter certaines avec moi, si c&rsquo;est le cas !<\/p>\n","protected":false},"excerpt":{"rendered":"<p><img loading=\"lazy\" decoding=\"async\" class=\"aligncenter size-full wp-image-162349\" src=\"https:\/\/www.monblogdefille.com\/blog\/wp-content\/uploads\/2018\/05\/paula_begoun.png\" alt=\"\" width=\"1416\" height=\"810\" \/><\/p>\n","protected":false},"author":3,"featured_media":162349,"comment_status":"open","ping_status":"open","sticky":false,"template":"","format":"standard","meta":{"footnotes":""},"categories":[1488,1489],"tags":[20226],"class_list":["post-162348","post","type-post","status-publish","format-standard","has-post-thumbnail","hentry","category-femmes-du-monde","category-le-soin","tag-soin-visage"],"_links":{"self":[{"href":"https:\/\/www.monblogdefille.com\/blog\/wp-json\/wp\/v2\/posts\/162348","targetHints":{"allow":["GET"]}}],"collection":[{"href":"https:\/\/www.monblogdefille.com\/blog\/wp-json\/wp\/v2\/posts"}],"about":[{"href":"https:\/\/www.monblogdefille.com\/blog\/wp-json\/wp\/v2\/types\/post"}],"author":[{"embeddable":true,"href":"https:\/\/www.monblogdefille.com\/blog\/wp-json\/wp\/v2\/users\/3"}],"replies":[{"embeddable":true,"href":"https:\/\/www.monblogdefille.com\/blog\/wp-json\/wp\/v2\/comments?post=162348"}],"version-history":[{"count":0,"href":"https:\/\/www.monblogdefille.com\/blog\/wp-json\/wp\/v2\/posts\/162348\/revisions"}],"wp:featuredmedia":[{"embeddable":true,"href":"https:\/\/www.monblogdefille.com\/blog\/wp-json\/wp\/v2\/media\/162349"}],"wp:attachment":[{"href":"https:\/\/www.monblogdefille.com\/blog\/wp-json\/wp\/v2\/media?parent=162348"}],"wp:term":[{"taxonomy":"category","embeddable":true,"href":"https:\/\/www.monblogdefille.com\/blog\/wp-json\/wp\/v2\/categories?post=162348"},{"taxonomy":"post_tag","embeddable":true,"href":"https:\/\/www.monblogdefille.com\/blog\/wp-json\/wp\/v2\/tags?post=162348"}],"curies":[{"name":"wp","href":"https:\/\/api.w.org\/{rel}","templated":true}]}}