{"id":162272,"date":"2018-04-12T09:00:41","date_gmt":"2018-04-12T07:00:41","guid":{"rendered":"http:\/\/www.monblogdefille.com\/blog\/?p=162272"},"modified":"2018-04-19T08:39:08","modified_gmt":"2018-04-19T06:39:08","slug":"que-vaut-le-fond-de-teint-cushion-de-sulwhasoo","status":"publish","type":"post","link":"https:\/\/www.monblogdefille.com\/blog\/que-vaut-le-fond-de-teint-cushion-de-sulwhasoo\/","title":{"rendered":"Que vaut le fond de teint cushion de Sulwhasoo ?"},"content":{"rendered":"<p><img loading=\"lazy\" decoding=\"async\" class=\"aligncenter size-full wp-image-162273\" src=\"http:\/\/www.monblogdefille.com\/blog\/wp-content\/uploads\/2018\/04\/cushion_sulwhasoo.jpg\" alt=\"\" width=\"2000\" height=\"2000\" srcset=\"https:\/\/www.monblogdefille.com\/blog\/wp-content\/uploads\/2018\/04\/cushion_sulwhasoo.jpg 2000w, https:\/\/www.monblogdefille.com\/blog\/wp-content\/uploads\/2018\/04\/cushion_sulwhasoo-300x300.jpg 300w, https:\/\/www.monblogdefille.com\/blog\/wp-content\/uploads\/2018\/04\/cushion_sulwhasoo-768x768.jpg 768w, https:\/\/www.monblogdefille.com\/blog\/wp-content\/uploads\/2018\/04\/cushion_sulwhasoo-1024x1024.jpg 1024w, https:\/\/www.monblogdefille.com\/blog\/wp-content\/uploads\/2018\/04\/cushion_sulwhasoo-1010x1010.jpg 1010w\" sizes=\"auto, (max-width: 2000px) 100vw, 2000px\" \/><\/p>\n<p>Je ne sais pas si vous connaissez la marque <strong>Sulwhasoo\u00a0<\/strong>? C\u2019est un peu l\u2019\u00e9quivalent cor\u00e9en de Lanc\u00f4me, pour faire court. Haut de gamme et chic.<\/p>\n<p>J\u2019ai re\u00e7u r\u00e9cemment ce <strong>fond de teint cushion<\/strong>, je me suis \u00e9videmment jet\u00e9e dessus vu que les fonds de teint sont avec les anti cernes ce que je teste avec le plus d\u2019int\u00e9r\u00eat\u00a0!<\/p>\n<p>(il est vendu en exclu aux <a href=\"http:\/\/bit.ly\/2IL7DoR\" target=\"_blank\" rel=\"noopener\"><strong>Galeries Lafayette<\/strong><\/a>, en boutique et sur l&rsquo;eshop).<\/p>\n<p>Verdict apr\u00e8s plusieurs jours d\u2019utilisation\u00a0: j\u2019aime beaucoup ce produit.<\/p>\n<p>&#8211; le <strong>format<\/strong> est \u00e9videmment hyper pratique, notamment pour voyager (au secours les flacons de fond de teint en verre, je ne comprends m\u00eame pas que \u00e7a existe encore en 2018 \u2013 oui je sais, en France on sait mieux recycler le verre que le plastique \u2013 et bien il serait temps d\u2019apprendre\u00a0!)<\/p>\n<p>&#8211; ce <strong>packaging<\/strong> ravissant avec les oiseaux est une \u00e9dition limit\u00e9e disponible jusqu\u2019\u00e0 fin mai (sur le stand des Galeries, pas sur l\u2019eshop)<\/p>\n<p>&#8211; le produit a une <strong>couvrance<\/strong> tr\u00e8s modulable\u00a0: si on en met peu en \u00e9tirant, c\u2019est une couvrance l\u00e9g\u00e8re, si on met met plus en tapotant, c\u2019est une couvrance moyenne \u00e0 forte<\/p>\n<p>&#8211; j\u2019ai la <strong>teinte<\/strong> 23 Beige Moyen qui est parfaite pour moi en ce moment, je dirais que \u00e7a correspond \u00e0 un NC20 chez MAC<\/p>\n<p>&#8211; il ne <strong>bouge<\/strong> pas de la journ\u00e9e et ne marque pas les ridules ou les pores<\/p>\n<p>&#8211; il contient un <strong>SPF 50<\/strong>, ce qui est tr\u00e8s bien si vous passez rapidement au soleil mais \u00e9videmment ne comptez pas dessus pour vous prot\u00e9ger en cas de vraie exposition, vue la quantit\u00e9 de produit qu\u2019on applique \u2013 pas du tout la quantit\u00e9 pr\u00e9conis\u00e9e pour un produit solaire (voir <a href=\"https:\/\/www.youtube.com\/embed\/a50PitNmpIE\" target=\"_blank\" rel=\"noopener\"><strong>la vid\u00e9o de Wayne<\/strong><\/a> tr\u00e8s parlante sur le sujet)<\/p>\n<p>&#8211; je l\u2019ai pos\u00e9 au pinceau, avec l\u2019\u00e9ponge fournie avec et au <strong>beauty blender<\/strong>, sans surprise c\u2019est au <a href=\"http:\/\/bit.ly\/2ILwbOw\" target=\"_blank\" rel=\"noopener\"><strong>beauty blender<\/strong><\/a> que j\u2019obtiens le plus beau r\u00e9sultat ; mais l\u2019\u00e9ponge vendue avec fait un job tout \u00e0 fait correct et sera pratique en voyage (et, tr\u00e8s bien vu, elle est de couleur brune du coup on ne voit pas les marques de pigments qui restent in\u00e9vitablement, m\u00eame apr\u00e8s lavage)<\/p>\n<p>&#8211; sur moi il n\u00e9cessite d\u2019\u00eatre <strong>poudr\u00e9<\/strong>, cela dit je poudre quasiment tous mes fonds de teint donc je ne sais pas si c\u2019est une indication significative<\/p>\n<p>&#8211; seul point n\u00e9gatif \u00e0 mon avis, comme trop de fonds de teint aujourd\u2019hui il est <strong>parfum\u00e9\u00a0<\/strong>: \u00e7a n\u2019est pas d\u00e9rangeant car c\u2019est hyper l\u00e9ger (c\u2019est un produit cor\u00e9en) et \u00e7a ne reste pas sur la peau, mais \u00e7a sera un obstacle pour les gens allergiques au parfum.<\/p>\n<p>Voil\u00e0\u00e0\u00e0 les enfants, quelques grammes de maquillage dans ce monde de voyages\u00a0;-))<\/p>\n","protected":false},"excerpt":{"rendered":"<p><img loading=\"lazy\" decoding=\"async\" class=\"aligncenter size-full wp-image-162273\" src=\"http:\/\/www.monblogdefille.com\/blog\/wp-content\/uploads\/2018\/04\/cushion_sulwhasoo.jpg\" alt=\"\" width=\"2000\" height=\"2000\" srcset=\"https:\/\/www.monblogdefille.com\/blog\/wp-content\/uploads\/2018\/04\/cushion_sulwhasoo.jpg 2000w, https:\/\/www.monblogdefille.com\/blog\/wp-content\/uploads\/2018\/04\/cushion_sulwhasoo-300x300.jpg 300w, https:\/\/www.monblogdefille.com\/blog\/wp-content\/uploads\/2018\/04\/cushion_sulwhasoo-768x768.jpg 768w, https:\/\/www.monblogdefille.com\/blog\/wp-content\/uploads\/2018\/04\/cushion_sulwhasoo-1024x1024.jpg 1024w, https:\/\/www.monblogdefille.com\/blog\/wp-content\/uploads\/2018\/04\/cushion_sulwhasoo-1010x1010.jpg 1010w\" sizes=\"auto, (max-width: 2000px) 100vw, 2000px\" \/><\/p>\n","protected":false},"author":3,"featured_media":162273,"comment_status":"open","ping_status":"open","sticky":false,"template":"","format":"standard","meta":{"footnotes":""},"categories":[1485],"tags":[20088,20224,19975],"class_list":["post-162272","post","type-post","status-publish","format-standard","has-post-thumbnail","hentry","category-le-maquillage","tag-fond-de-teint","tag-sulwhasoo","tag-teint-parfait"],"_links":{"self":[{"href":"https:\/\/www.monblogdefille.com\/blog\/wp-json\/wp\/v2\/posts\/162272","targetHints":{"allow":["GET"]}}],"collection":[{"href":"https:\/\/www.monblogdefille.com\/blog\/wp-json\/wp\/v2\/posts"}],"about":[{"href":"https:\/\/www.monblogdefille.com\/blog\/wp-json\/wp\/v2\/types\/post"}],"author":[{"embeddable":true,"href":"https:\/\/www.monblogdefille.com\/blog\/wp-json\/wp\/v2\/users\/3"}],"replies":[{"embeddable":true,"href":"https:\/\/www.monblogdefille.com\/blog\/wp-json\/wp\/v2\/comments?post=162272"}],"version-history":[{"count":0,"href":"https:\/\/www.monblogdefille.com\/blog\/wp-json\/wp\/v2\/posts\/162272\/revisions"}],"wp:featuredmedia":[{"embeddable":true,"href":"https:\/\/www.monblogdefille.com\/blog\/wp-json\/wp\/v2\/media\/162273"}],"wp:attachment":[{"href":"https:\/\/www.monblogdefille.com\/blog\/wp-json\/wp\/v2\/media?parent=162272"}],"wp:term":[{"taxonomy":"category","embeddable":true,"href":"https:\/\/www.monblogdefille.com\/blog\/wp-json\/wp\/v2\/categories?post=162272"},{"taxonomy":"post_tag","embeddable":true,"href":"https:\/\/www.monblogdefille.com\/blog\/wp-json\/wp\/v2\/tags?post=162272"}],"curies":[{"name":"wp","href":"https:\/\/api.w.org\/{rel}","templated":true}]}}