{"id":162227,"date":"2018-03-22T09:00:57","date_gmt":"2018-03-22T08:00:57","guid":{"rendered":"http:\/\/www.monblogdefille.com\/blog\/?p=162227"},"modified":"2018-04-04T08:02:57","modified_gmt":"2018-04-04T06:02:57","slug":"fards-a-paupieres-et-eczema","status":"publish","type":"post","link":"https:\/\/www.monblogdefille.com\/blog\/fards-a-paupieres-et-eczema\/","title":{"rendered":"Fards \u00e0 paupi\u00e8res et ecz\u00e9ma"},"content":{"rendered":"<p><img loading=\"lazy\" decoding=\"async\" class=\"aligncenter size-full wp-image-162228\" src=\"http:\/\/www.monblogdefille.com\/blog\/wp-content\/uploads\/2018\/03\/fards_ecz\u00e9ma.jpg\" alt=\"\" width=\"2000\" height=\"1500\" srcset=\"https:\/\/www.monblogdefille.com\/blog\/wp-content\/uploads\/2018\/03\/fards_ecz\u00e9ma.jpg 2000w, https:\/\/www.monblogdefille.com\/blog\/wp-content\/uploads\/2018\/03\/fards_ecz\u00e9ma-300x225.jpg 300w, https:\/\/www.monblogdefille.com\/blog\/wp-content\/uploads\/2018\/03\/fards_ecz\u00e9ma-768x576.jpg 768w, https:\/\/www.monblogdefille.com\/blog\/wp-content\/uploads\/2018\/03\/fards_ecz\u00e9ma-1024x768.jpg 1024w, https:\/\/www.monblogdefille.com\/blog\/wp-content\/uploads\/2018\/03\/fards_ecz\u00e9ma-1010x758.jpg 1010w\" sizes=\"auto, (max-width: 2000px) 100vw, 2000px\" \/><\/p>\n<p>Depuis un bon moment maintenant, je ne me maquille plus les yeux parce que les fards \u00e0 paupi\u00e8res \u2013 poudre ou cr\u00e8me \u2013 provoquent de l\u2019ecz\u00e9ma sur mes paupi\u00e8res sup\u00e9rieures.<\/p>\n<p>J\u2019ai la peau sensible et tendance \u00e0 avoir un peu d\u2019ecz\u00e9ma sur le corps parfois, je pense que \u00e7a joue \u2013 en plus d\u2019avoir test\u00e9 beaucoup de produits depuis les d\u00e9buts de mon blog, ce qui sensibilise la peau.<\/p>\n<p>Aujourd\u2019hui les fards qui ne me posent pas de probl\u00e8me sont ceux d\u2019<a href=\"http:\/\/bit.ly\/2HRiEV7\" target=\"_blank\" rel=\"noopener\"><strong>Urban Decay<\/strong><\/a>, <a href=\"http:\/\/bit.ly\/2FZc8uS\" target=\"_blank\" rel=\"noopener\"><strong>Marc Jacobs<\/strong><\/a> et <a href=\"https:\/\/www.makeupgeek.com\/shop?acc=2a79ea27c279e471f4d180b08d62b00a\" target=\"_blank\" rel=\"noopener\"><strong>Makeup Geek<\/strong><\/a>. Il y en a s\u00fbrement plein d\u2019autres qui fonctionnenais je vous parle de ceux que j\u2019ai chez moi et ai exp\u00e9riment\u00e9s de fa\u00e7on suivie.<\/p>\n<p>Beaucoup d\u2019autres me flinguent la paupi\u00e8re en moins de 3h, les plus irritants pour ma peau \u00e9tant ceux de certaines marques de luxe. Il y a forc\u00e9ment une question de composition l\u00e0-dedans \u2013 laquelle pr\u00e9cis\u00e9ment, je ne sais pas mais je me suis dit que \u00e7a pourrait peut-\u00eatre faire \u00e9cho chez certaines\u00a0? Vous avez remarqu\u00e9 ce genre de chose, vous\u00a0?<\/p>\n","protected":false},"excerpt":{"rendered":"<p><img loading=\"lazy\" decoding=\"async\" class=\"aligncenter size-full wp-image-162228\" src=\"http:\/\/www.monblogdefille.com\/blog\/wp-content\/uploads\/2018\/03\/fards_ecz\u00e9ma.jpg\" alt=\"\" width=\"2000\" height=\"1500\" srcset=\"https:\/\/www.monblogdefille.com\/blog\/wp-content\/uploads\/2018\/03\/fards_ecz\u00e9ma.jpg 2000w, https:\/\/www.monblogdefille.com\/blog\/wp-content\/uploads\/2018\/03\/fards_ecz\u00e9ma-300x225.jpg 300w, https:\/\/www.monblogdefille.com\/blog\/wp-content\/uploads\/2018\/03\/fards_ecz\u00e9ma-768x576.jpg 768w, https:\/\/www.monblogdefille.com\/blog\/wp-content\/uploads\/2018\/03\/fards_ecz\u00e9ma-1024x768.jpg 1024w, https:\/\/www.monblogdefille.com\/blog\/wp-content\/uploads\/2018\/03\/fards_ecz\u00e9ma-1010x758.jpg 1010w\" sizes=\"auto, (max-width: 2000px) 100vw, 2000px\" \/><\/p>\n","protected":false},"author":3,"featured_media":162228,"comment_status":"open","ping_status":"open","sticky":false,"template":"","format":"standard","meta":{"footnotes":""},"categories":[1485],"tags":[19939],"class_list":["post-162227","post","type-post","status-publish","format-standard","has-post-thumbnail","hentry","category-le-maquillage","tag-fard-a-paupieres"],"_links":{"self":[{"href":"https:\/\/www.monblogdefille.com\/blog\/wp-json\/wp\/v2\/posts\/162227","targetHints":{"allow":["GET"]}}],"collection":[{"href":"https:\/\/www.monblogdefille.com\/blog\/wp-json\/wp\/v2\/posts"}],"about":[{"href":"https:\/\/www.monblogdefille.com\/blog\/wp-json\/wp\/v2\/types\/post"}],"author":[{"embeddable":true,"href":"https:\/\/www.monblogdefille.com\/blog\/wp-json\/wp\/v2\/users\/3"}],"replies":[{"embeddable":true,"href":"https:\/\/www.monblogdefille.com\/blog\/wp-json\/wp\/v2\/comments?post=162227"}],"version-history":[{"count":0,"href":"https:\/\/www.monblogdefille.com\/blog\/wp-json\/wp\/v2\/posts\/162227\/revisions"}],"wp:featuredmedia":[{"embeddable":true,"href":"https:\/\/www.monblogdefille.com\/blog\/wp-json\/wp\/v2\/media\/162228"}],"wp:attachment":[{"href":"https:\/\/www.monblogdefille.com\/blog\/wp-json\/wp\/v2\/media?parent=162227"}],"wp:term":[{"taxonomy":"category","embeddable":true,"href":"https:\/\/www.monblogdefille.com\/blog\/wp-json\/wp\/v2\/categories?post=162227"},{"taxonomy":"post_tag","embeddable":true,"href":"https:\/\/www.monblogdefille.com\/blog\/wp-json\/wp\/v2\/tags?post=162227"}],"curies":[{"name":"wp","href":"https:\/\/api.w.org\/{rel}","templated":true}]}}