{"id":162168,"date":"2018-03-04T09:00:17","date_gmt":"2018-03-04T08:00:17","guid":{"rendered":"http:\/\/www.monblogdefille.com\/blog\/?p=162168"},"modified":"2019-08-07T12:28:16","modified_gmt":"2019-08-07T10:28:16","slug":"une-journee-a-bord-de-lorient-express","status":"publish","type":"post","link":"https:\/\/www.monblogdefille.com\/blog\/une-journee-a-bord-de-lorient-express\/","title":{"rendered":"Une journ\u00e9e \u00e0 bord de l\u2019Orient Express"},"content":{"rendered":"<p><iframe loading=\"lazy\" frameborder=\"0\" height=\"563\" src=\"https:\/\/www.youtube.com\/embed\/UWK2KyF_WLw\" width=\"1000\"><\/iframe><\/p>\n<p>Si vous me suivez sur Instagram vous avez que le 13 f\u00e9vrier j\u2019ai eu l\u2019immense chance d\u2019\u00eatre invit\u00e9e \u00e0 passer la journ\u00e9e \u00e0 bord de l\u2019Orient Express \u2013 l\u2019original de 1930 \u2013 dans la cadre de la sortie en DVD (en avril) du film de Kenneth Branagh, <em>Le crime de l\u2019Orient Express<\/em>, tourn\u00e9 dans ces m\u00eames wagons\u00a0!<\/p>\n<p>J\u2019ai en fait, des beaux voyages dans le cadre de mon boulot, mais je crois que celui-ci restera le plus incroyable et inoubliable \u2013 et pourtant on n\u2019est all\u00e9s que jusqu\u2019\u00e0 Reims\u00a0;-))<\/p>\n<p>J\u2019avais seulement document\u00e9 \u00e7a sur <a href=\"https:\/\/www.instagram.com\/monblogdefille\/\" target=\"_blank\" rel=\"noopener noreferrer\"><strong>Instagram<\/strong><\/a>, en photos et stories (que j\u2019ai tout de m\u00eame \u00e9pingl\u00e9es sur ma page pour qu\u2019elles restent en ligne), et apr\u00e8s coup je me suis dit que c\u2019\u00e9tait bien dommage de n\u2019avoir pas fait plus, pour mieux partager avec vous cette journ\u00e9e merveilleuse.<\/p>\n<p>Du coup j\u2019ai d\u00e9cid\u00e9 de faire un montage des stories Instagram pour que vous puissiez au moins voir \u00e7a, m\u00eame si \u00e7a aurait pu \u00eatre mille fois plus joli et que je regrette un peu de n\u2019avoir pas anticip\u00e9 que \u00e7a allait \u00eatre aussi extraordinaire.<\/p>\n<p>Il y a des hasgtags partout, c\u2019est film\u00e9 \u00e0 l\u2019iPhone donc le format est l\u2019inverse de celui de You Tube\u2026 je m\u2019excuse pour tout \u00e7a et j\u2019esp\u00e8re que vous appr\u00e9cierez quand m\u00eame ces moments uniques, je trouvais trop dommage de ne pas les partager avec vous tous (tout le monde ne va pas forc\u00e9ment sur Instagram).<\/p>\n<p>Et non il n\u2019y a pas de favoris aujourd\u2019hui, il y en aura peut-\u00eatre la semaine prochaine\u00a0;-)<\/p>\n<p>En attendant, profitez du voyage, c\u2019est une merveille\u00a0!<\/p>\n<p>Je porte un manteau 1.2.3 Paris de l\u2019hiver dernier, une robe Asos et des boots 1.2.3 Paris de cet hiver, et un <a href=\"http:\/\/bit.ly\/2ffplnK\" target=\"_blank\" rel=\"noopener noreferrer\"><strong>sac Mulberry<\/strong><\/a>.<\/p>\n","protected":false},"excerpt":{"rendered":"<p><img loading=\"lazy\" decoding=\"async\" class=\"aligncenter size-full wp-image-162169\" src=\"http:\/\/www.monblogdefille.com\/blog\/wp-content\/uploads\/2018\/03\/orient_express.jpg\" alt=\"\" width=\"2000\" height=\"2000\" srcset=\"https:\/\/www.monblogdefille.com\/blog\/wp-content\/uploads\/2018\/03\/orient_express.jpg 2000w, https:\/\/www.monblogdefille.com\/blog\/wp-content\/uploads\/2018\/03\/orient_express-300x300.jpg 300w, https:\/\/www.monblogdefille.com\/blog\/wp-content\/uploads\/2018\/03\/orient_express-768x768.jpg 768w, https:\/\/www.monblogdefille.com\/blog\/wp-content\/uploads\/2018\/03\/orient_express-1024x1024.jpg 1024w, https:\/\/www.monblogdefille.com\/blog\/wp-content\/uploads\/2018\/03\/orient_express-1010x1010.jpg 1010w\" sizes=\"auto, (max-width: 2000px) 100vw, 2000px\" \/><\/p>\n","protected":false},"author":3,"featured_media":162169,"comment_status":"open","ping_status":"open","sticky":false,"template":"","format":"standard","meta":{"footnotes":""},"categories":[20104,20176,19978,20116],"tags":[20131,20164],"class_list":["post-162168","post","type-post","status-publish","format-standard","has-post-thumbnail","hentry","category-hors-maquillage","category-lifestyle","category-videos","category-voyages","tag-instagram","tag-voyages"],"_links":{"self":[{"href":"https:\/\/www.monblogdefille.com\/blog\/wp-json\/wp\/v2\/posts\/162168","targetHints":{"allow":["GET"]}}],"collection":[{"href":"https:\/\/www.monblogdefille.com\/blog\/wp-json\/wp\/v2\/posts"}],"about":[{"href":"https:\/\/www.monblogdefille.com\/blog\/wp-json\/wp\/v2\/types\/post"}],"author":[{"embeddable":true,"href":"https:\/\/www.monblogdefille.com\/blog\/wp-json\/wp\/v2\/users\/3"}],"replies":[{"embeddable":true,"href":"https:\/\/www.monblogdefille.com\/blog\/wp-json\/wp\/v2\/comments?post=162168"}],"version-history":[{"count":0,"href":"https:\/\/www.monblogdefille.com\/blog\/wp-json\/wp\/v2\/posts\/162168\/revisions"}],"wp:featuredmedia":[{"embeddable":true,"href":"https:\/\/www.monblogdefille.com\/blog\/wp-json\/wp\/v2\/media\/162169"}],"wp:attachment":[{"href":"https:\/\/www.monblogdefille.com\/blog\/wp-json\/wp\/v2\/media?parent=162168"}],"wp:term":[{"taxonomy":"category","embeddable":true,"href":"https:\/\/www.monblogdefille.com\/blog\/wp-json\/wp\/v2\/categories?post=162168"},{"taxonomy":"post_tag","embeddable":true,"href":"https:\/\/www.monblogdefille.com\/blog\/wp-json\/wp\/v2\/tags?post=162168"}],"curies":[{"name":"wp","href":"https:\/\/api.w.org\/{rel}","templated":true}]}}