{"id":161854,"date":"2017-12-04T09:00:59","date_gmt":"2017-12-04T08:00:59","guid":{"rendered":"http:\/\/www.monblogdefille.com\/blog\/?p=161854"},"modified":"2017-12-10T10:55:05","modified_gmt":"2017-12-10T09:55:05","slug":"enfin-leshop-francais-de-ren-skincare","status":"publish","type":"post","link":"https:\/\/www.monblogdefille.com\/blog\/enfin-leshop-francais-de-ren-skincare\/","title":{"rendered":"Enfin l\u2019eshop fran\u00e7ais de Ren Skincare !"},"content":{"rendered":"<p><img loading=\"lazy\" decoding=\"async\" class=\"aligncenter size-full wp-image-161855\" src=\"http:\/\/www.monblogdefille.com\/blog\/wp-content\/uploads\/2017\/12\/ren_skincare.jpg\" alt=\"\" width=\"2000\" height=\"1325\" srcset=\"https:\/\/www.monblogdefille.com\/blog\/wp-content\/uploads\/2017\/12\/ren_skincare.jpg 2000w, https:\/\/www.monblogdefille.com\/blog\/wp-content\/uploads\/2017\/12\/ren_skincare-300x199.jpg 300w, https:\/\/www.monblogdefille.com\/blog\/wp-content\/uploads\/2017\/12\/ren_skincare-768x509.jpg 768w, https:\/\/www.monblogdefille.com\/blog\/wp-content\/uploads\/2017\/12\/ren_skincare-1024x678.jpg 1024w, https:\/\/www.monblogdefille.com\/blog\/wp-content\/uploads\/2017\/12\/ren_skincare-1010x669.jpg 1010w\" sizes=\"auto, (max-width: 2000px) 100vw, 2000px\" \/><\/p>\n<p>Ah oui jusqu\u2019ici il y en avait un, mais il \u00e9tait en anglais \u2013 vu que Ren est une marque anglaise. Tr\u00e8s joli et bien fait, mais tout le monde n\u2019est pas forc\u00e9ment \u00e0 l\u2019aise dans cette langue, je le vois assez souvent dans vos commentaires\u00a0;-)<\/p>\n<p>Et bien l\u2019eshop fran\u00e7ais vient d\u2019ouvrir\u00a0! Ca va \u00eatre beaucoup plus simple pour s\u2019y retrouver parfaitement dans les produits et mieux comprendre la philosophie de la marque.<\/p>\n<p>Philosophie que j\u2019aime beaucoup, parce qu\u2019elle repose sur la volont\u00e9 de performance (actifs de pointe \u00e0 l\u2019efficacit\u00e9 scientifiquement prouv\u00e9e), puret\u00e9 (on a retir\u00e9 des formules tous les ingr\u00e9dients potentiellement irritants pour la peau) et plaisir (la sensorialit\u00e9 est importante dans une routine de soins).<\/p>\n<p>(Et pour info, la marque a \u00e9t\u00e9 fond\u00e9e il y a 17 ans par un monsieur dont la femme, enceinte, se retrouvait avec une peau ne supportant plus aucun cosm\u00e9tique.)<\/p>\n<p>Cette philosophie me parle \u00e9norm\u00e9ment\u00a0: comme vous savez je n\u2019ai pas personnellement \u00ab\u00a0peur\u00a0\u00bb de tels ou tels ingr\u00e9dients, mais s\u2019ils ne servent \u00e0 rien voire risquent d\u2019irriter la peau sans rien apporter d\u2019int\u00e9ressant, je pr\u00e9f\u00e8re qu\u2019on les enl\u00e8ve.<\/p>\n<p>C\u2019est pour \u00e7a que j\u2019aime Ren, ils font les choses proprement et avec rigueur, mais sans en rajouter des tonnes pour terrifier les gens et leur fourguer des produits. Les leurs contiennent le plus d\u2019ingr\u00e9dients naturels possibles (notamment les parfums), mais aussi des actifs high tech.<\/p>\n<p>Je n\u2019ai bien s\u00fbr pas tout essay\u00e9 chez eux, il y a beaucoup de r\u00e9f\u00e9rences, pas toutes faites pour mon type de peau et en plus vous me connaissez, j\u2019ai tendance \u00e0 int\u00e9grer graduellement les produits nouveaux dans ma routine.<\/p>\n<p>Mais j\u2019ai d\u00e9j\u00e0 quelques pr\u00e9f\u00e9r\u00e9s\u00a0:<\/p>\n<p>Le <a href=\"https:\/\/www.renskincare.fr\/fr\/visage\/par-gamme\/evercalm\/evercalm-masque-apaisant-ultra-reconfortant.html?utm_source=MBDF&amp;utm_medium=post&amp;utm_campaign=FR_launch\" target=\"_blank\" rel=\"noopener\"><strong>Masque apaisant Evercalm<\/strong><\/a>, LE masque doudou par excellence (ou je sais \u00ab\u00a0doudou\u00a0\u00bb n\u2019est pas un terme tr\u00e8s scientifique, mais je suis s\u00fbre que \u00e7a parle \u00e0 tout le monde et vous trouverez les explications s\u00e9rieuses sur le site). Tr\u00e8s riche et r\u00e9confortant, et surtout formul\u00e9 pour apaiser extr\u00eamement vite les irritations\u00a0; et c\u2019est \u00e9tonnant, il apaise vraiment <em>dans la seconde<\/em>\u00a0! Quand j\u2019avais le nez tout irrit\u00e9, vous vous souvenez\u00a0?, j\u2019ai essay\u00e9 ce produit aussi sur cette zone, et bien \u00e7a cessait imm\u00e9diatement de picoter et gratouiller (sinon quand je l\u2019utilise sur tout le visage en masque, j\u2019en mets une ou deux heures avant de me coucher et je dors avec).<\/p>\n<p>Le <a href=\"https:\/\/www.renskincare.fr\/fr\/visage\/par-gamme\/rosa-centifolia\/rosa-centifolia-no-1-purity-baume-nettoyant-visage.html?utm_source=MBDF&amp;utm_medium=post&amp;utm_campaign=FR_launch\" target=\"_blank\" rel=\"noopener\"><strong>Baume nettoyant Rosa Centifolia<\/strong><\/a>, parfait pour un 2<sup>\u00e8me<\/sup> nettoyage ou un nettoyage les jours sans maquillage (d\u2019une mani\u00e8re g\u00e9n\u00e9rale je pr\u00e9f\u00e8re utiliser une huile qu\u2019un baume pour le maquillage, mais ce produit peut tout \u00e0 fait servir de d\u00e9maquillant). Notez que la marque le conseille ne premier nettoyage, donc vous pouvez l\u2019utiliser comme \u00e7a avec un autre nettoyant ensuite si vous pr\u00e9f\u00e9rez (le produit suivant, par exemple\u00a0;- ).<\/p>\n<p>Le <a href=\"https:\/\/www.renskincare.fr\/fr\/visage\/par-gamme\/evercalm\/evercalm-lait-doux-nettoyant.html?utm_source=MBDF&amp;utm_medium=post&amp;utm_campaign=FR_launch\" target=\"_blank\" rel=\"noopener\"><strong>Lait nettoyant Evercalm<\/strong><\/a> (Evercalm est un peu ma gamme pr\u00e9f\u00e9r\u00e9e, forc\u00e9ment c\u2019est celle d\u00e9di\u00e9e aux peaux sensibles), tellement confortable et doux\u00a0! Lui aussi je l\u2019utilise plut\u00f4t en 2<sup>\u00e8me<\/sup> nettoyage apr\u00e8s une huile, mais bien s\u00fbr on peut l\u2019utiliser en d\u00e9maquillant). Je l\u2019ai emport\u00e9 \u00e0 Tokyo malgr\u00e9 la taille du contenant (150 ml), c\u2019est vous dire combien je l\u2019aime.<\/p>\n<p>J\u2019aime aussi beaucoup <a href=\"https:\/\/www.renskincare.fr\/fr\/visage\/par-type-de-peau\/peau-seche\/huile-rose-o12-bouclier-hydratant.html?utm_source=MBDF&amp;utm_medium=post&amp;utm_campaign=FR_launch\" target=\"_blank\" rel=\"noopener\"><strong>l\u2019Huile S\u00e9rum Rose 012<\/strong><\/a> (je vous en avais parl\u00e9 <a href=\"http:\/\/www.monblogdefille.com\/blog\/mes-huiles-visage-preferees\/\" target=\"_blank\" rel=\"noopener\"><strong>l\u2019hiver dernier<\/strong><\/a>), je la trouve parfaite l\u2019hiver, en priorit\u00e9 le soir mais quand il fait vraiment froid je peux m\u00eame en mettre le matin. Je l\u2019applique apr\u00e8s mon s\u00e9rum et avant ma cr\u00e8me hydratante, mais comme son nom l\u2019indique vous vous l\u2019utiliser \u00e0 la place d\u2019un s\u00e9rum.<\/p>\n<p>Ils ont aussi une <a href=\"https:\/\/www.renskincare.fr\/fr\/visage\/par-type-de-peau\/soins-anti-age\/bio-retinoid-huile-concentree-anti-age.html?utm_source=MBDF&amp;utm_medium=post&amp;utm_campaign=FR_launch\" target=\"_blank\" rel=\"noopener\"><strong>huile et une cr\u00e8me visage au retinol<\/strong><\/a> (performance, n\u2019oubliez pas), comme je suis une flipp\u00e9e de cet ingr\u00e9dient je mets l\u2019huile sur mes mains le soir (avant ma cr\u00e8me mains) depuis 3 semaines\u00a0; l\u2019odeur est tr\u00e8s aromatique et vraiment d\u00e9licieuse (et naturelle, donc), je vous dirai ce que \u00e7a donne au bout d\u2019une plus longue p\u00e9riode de test. Je signale que c\u2019est du retinol d\u2019origine naturelle, donc diff\u00e9rent de celui qu\u2019on trouve dans les cosm\u00e9tiques traditionnels et potentiellement moins irritant pour la peau.<\/p>\n<p>Par ailleurs tous les packagings sont enti\u00e8rement recyclables, et la marque a programme de commerce \u00e9quitable pour certains ingr\u00e9dients. Et \u00e7a c\u2019est important pour moi.<\/p>\n<p>Si vous aussi avez envie d\u2019en d\u00e9couvrir un peu plus sur ces beaux produits et cette marque qui m\u00e9rite le respect, vous aurez <strong>25% de r\u00e9duction<\/strong> sur votre commande (sans minimum d&rsquo;achats) avec le code <strong>MBDF<\/strong>, plus <strong>un flacon taille normale (150 ml) de Lait Nettoyant Evercalm \u00e0 partir de 50 \u20ac<\/strong> d\u2019achat, le tout jusqu\u2019au\u00a0<strong>4 janvier 2018<\/strong> (offre limit\u00e9e \u00e0 la France m\u00e9tropolitaine, et dans la limite des stocks disponibles).<\/p>\n<p><em>Billet sponsoris\u00e9<\/em><\/p>\n","protected":false},"excerpt":{"rendered":"<p><img loading=\"lazy\" decoding=\"async\" class=\"aligncenter size-full wp-image-161855\" src=\"http:\/\/www.monblogdefille.com\/blog\/wp-content\/uploads\/2017\/12\/ren_skincare.jpg\" alt=\"\" width=\"2000\" height=\"1325\" srcset=\"https:\/\/www.monblogdefille.com\/blog\/wp-content\/uploads\/2017\/12\/ren_skincare.jpg 2000w, https:\/\/www.monblogdefille.com\/blog\/wp-content\/uploads\/2017\/12\/ren_skincare-300x199.jpg 300w, https:\/\/www.monblogdefille.com\/blog\/wp-content\/uploads\/2017\/12\/ren_skincare-768x509.jpg 768w, https:\/\/www.monblogdefille.com\/blog\/wp-content\/uploads\/2017\/12\/ren_skincare-1024x678.jpg 1024w, https:\/\/www.monblogdefille.com\/blog\/wp-content\/uploads\/2017\/12\/ren_skincare-1010x669.jpg 1010w\" sizes=\"auto, (max-width: 2000px) 100vw, 2000px\" \/><\/p>\n","protected":false},"author":3,"featured_media":161855,"comment_status":"open","ping_status":"open","sticky":false,"template":"","format":"standard","meta":{"footnotes":""},"categories":[1489],"tags":[20109,20089,20219],"class_list":["post-161854","post","type-post","status-publish","format-standard","has-post-thumbnail","hentry","category-le-soin","tag-demaquillage","tag-hydratation","tag-ren-skincare"],"_links":{"self":[{"href":"https:\/\/www.monblogdefille.com\/blog\/wp-json\/wp\/v2\/posts\/161854","targetHints":{"allow":["GET"]}}],"collection":[{"href":"https:\/\/www.monblogdefille.com\/blog\/wp-json\/wp\/v2\/posts"}],"about":[{"href":"https:\/\/www.monblogdefille.com\/blog\/wp-json\/wp\/v2\/types\/post"}],"author":[{"embeddable":true,"href":"https:\/\/www.monblogdefille.com\/blog\/wp-json\/wp\/v2\/users\/3"}],"replies":[{"embeddable":true,"href":"https:\/\/www.monblogdefille.com\/blog\/wp-json\/wp\/v2\/comments?post=161854"}],"version-history":[{"count":0,"href":"https:\/\/www.monblogdefille.com\/blog\/wp-json\/wp\/v2\/posts\/161854\/revisions"}],"wp:featuredmedia":[{"embeddable":true,"href":"https:\/\/www.monblogdefille.com\/blog\/wp-json\/wp\/v2\/media\/161855"}],"wp:attachment":[{"href":"https:\/\/www.monblogdefille.com\/blog\/wp-json\/wp\/v2\/media?parent=161854"}],"wp:term":[{"taxonomy":"category","embeddable":true,"href":"https:\/\/www.monblogdefille.com\/blog\/wp-json\/wp\/v2\/categories?post=161854"},{"taxonomy":"post_tag","embeddable":true,"href":"https:\/\/www.monblogdefille.com\/blog\/wp-json\/wp\/v2\/tags?post=161854"}],"curies":[{"name":"wp","href":"https:\/\/api.w.org\/{rel}","templated":true}]}}