{"id":161730,"date":"2017-10-17T09:00:44","date_gmt":"2017-10-17T07:00:44","guid":{"rendered":"http:\/\/www.monblogdefille.com\/blog\/?p=161730"},"modified":"2017-10-24T08:50:36","modified_gmt":"2017-10-24T06:50:36","slug":"2-enormes-coups-de-coeur-parfum-dautomne","status":"publish","type":"post","link":"https:\/\/www.monblogdefille.com\/blog\/2-enormes-coups-de-coeur-parfum-dautomne\/","title":{"rendered":"2 \u00e9normes coups de coeur parfum d\u2019automne"},"content":{"rendered":"<p><img loading=\"lazy\" decoding=\"async\" class=\"aligncenter size-full wp-image-161731\" src=\"http:\/\/www.monblogdefille.com\/blog\/wp-content\/uploads\/2017\/10\/2_parfums_automne.jpg\" alt=\"\" width=\"2000\" height=\"1080\" srcset=\"https:\/\/www.monblogdefille.com\/blog\/wp-content\/uploads\/2017\/10\/2_parfums_automne.jpg 2000w, https:\/\/www.monblogdefille.com\/blog\/wp-content\/uploads\/2017\/10\/2_parfums_automne-300x162.jpg 300w, https:\/\/www.monblogdefille.com\/blog\/wp-content\/uploads\/2017\/10\/2_parfums_automne-768x415.jpg 768w, https:\/\/www.monblogdefille.com\/blog\/wp-content\/uploads\/2017\/10\/2_parfums_automne-1024x553.jpg 1024w, https:\/\/www.monblogdefille.com\/blog\/wp-content\/uploads\/2017\/10\/2_parfums_automne-1010x545.jpg 1010w\" sizes=\"auto, (max-width: 2000px) 100vw, 2000px\" \/><\/p>\n<p>C\u2019est \u00e9tonnant de voir \u00e0 quel point mes go\u00fbts \u00e9voluent depuis que <a href=\"http:\/\/www.monblogdefille.com\/blog\/jai-recommence-a-me-parfumer\/\" target=\"_blank\" rel=\"noopener\"><strong>j\u2019ai recommenc\u00e9 \u00e0 me parfumer<\/strong><\/a> il y a moins d\u2019un an : il y a encore 6 mois je n\u2019aurais pas pari\u00e9 une seconde sur un des parfums dont je vais vous parler ici.<\/p>\n<p>Je n\u2019aimais encore que les hesp\u00e9rid\u00e9s ou certains bois\u00e9s, et \u00e0 peu pr\u00e8s rien d\u2019autre. Du coup celui d\u2019Armani Priv\u00e9 fait sens puisqu\u2019il s\u2019appelle <a href=\"http:\/\/bit.ly\/2za756Y\" target=\"_blank\" rel=\"noopener\"><strong>Bois d\u2019Encens<\/strong><\/a> et sent, tr\u00e8s pr\u00e9cis\u00e9ment, le bois et l\u2019encens (et la biblioth\u00e8que ancienne magnifique \u2013 ceci est totalement subjectif, \u00e7a n\u2019est pas une odeur r\u00e9elle mais l\u2019effet qu\u2019il me fait). Il est parfaitement \u00e9quilibr\u00e9, pas trop mystique comme on dit dans le jargon\u00a0; il a une meilleure tenue que bien des bois\u00e9s, ne sent pas le vetiver souvent ajout\u00e9 pour soutenir les autres senteurs (sur moi le vetiver tourne au masculin cheap), je le trouve absolument merveilleux.<\/p>\n<p>C\u2019est le parfum que Mr Armani lui-m\u00eame porte au quotidien. Il a fait \u00e9laborer la Collection Priv\u00e9e il y a quelques ann\u00e9es pour lui et quelques proches, et a fini par la commercialiser face \u00e0 leurs demandes et encouragements.<\/p>\n<p>Je suis bien contente qu\u2019il l\u2019ai fait car je n\u2019ai rien qui lui ressemble\u00a0: le Ch\u00eane de Lutens sent presque le caramel \u00e0 c\u00f4t\u00e9, l\u2019Arbre de Iunx est bien plus discret, et le Soul of the Forest de Replica a plus de rondeur f\u00e9minine \u2013 et aucun d\u2019eux ne sent l\u2019encens. Sans sentir <em>trop<\/em> l\u2019encens. Ce qui n\u2019est pas si simple qu\u2019on croit.<\/p>\n<p>Pour moi c\u2019est la perfection si on veut un parfum sec et mixte qui sente l\u2019encens et le bois, qui tienne tr\u00e8s bien et qui r\u00e9conforte en vous enveloppant sans aucune note verte ou sucr\u00e9e \u2013 comme un bon vieux fauteuil en cuir au coin du feu, \u00e0 la campagne, avec la brume dehors.<\/p>\n<p>Le second est celui que je n\u2019aurais m\u00eame pas regard\u00e9 il y a quelques mois, <a href=\"http:\/\/bit.ly\/2yq7epk\" target=\"_blank\" rel=\"noopener\"><strong>Jasmin Rouge de Tom Ford<\/strong><\/a>. Les parfums Tom Ford sont des splendeurs magnifiquement construites, mais jusqu\u2019ici je n\u2019avais pas trouv\u00e9 \u00ab\u00a0le mien\u00a0\u00bb (beaucoup tournant au sucre sur moi).<\/p>\n<p>Et puis \u00e0 Grasse j\u2019ai d\u00e9couvert que j\u2019adorais l\u2019odeur du jasmin, y compris sur ma peau (je n\u2019aurais jamais cru \u00e7a possible tant c\u2019est f\u00e9minin et fleuri). Or Jasmin Rouge ne sent que le jasmin et rien d\u2019autre, et ne tourne pas au sucre une seule seconde, ce qui est rare et pr\u00e9cieux dans les parfums floraux. Il est \u00e0 mon avis exceptionnel (m\u00eame si je suis loin d\u2019\u00eatre experte en parfums au jasmin\u00a0;- ), on se croirait le nez dans un panier de fleurs tout juste cueillies \u2013 et il tient tr\u00e8s bien.<\/p>\n<p>Je les trouve tous les deux\u00a0ph\u00e9nom\u00e9naux. Tellement parfaits sans rien de trop ou de pas assez, c\u2019est si rare\u00a0! Depuis que je les ai, chaque matin j\u2019h\u00e9site ; mais comme ils sont magistralement diff\u00e9rents le choix s\u2019impose de lui-m\u00eame en fonction de mon humeur et de mes activit\u00e9s de la journ\u00e9e.<\/p>\n<p>Et j\u2019en pshitte souvent un petit coup de plus sur mon avant-bras dans la journ\u00e9e ou le soir, juste pour le plaisir de les sentir encore plus facilement et de m\u2019en impr\u00e9gner.<\/p>\n","protected":false},"excerpt":{"rendered":"<p><img loading=\"lazy\" decoding=\"async\" class=\"aligncenter size-full wp-image-161731\" src=\"http:\/\/www.monblogdefille.com\/blog\/wp-content\/uploads\/2017\/10\/2_parfums_automne.jpg\" alt=\"\" width=\"2000\" height=\"1080\" srcset=\"https:\/\/www.monblogdefille.com\/blog\/wp-content\/uploads\/2017\/10\/2_parfums_automne.jpg 2000w, https:\/\/www.monblogdefille.com\/blog\/wp-content\/uploads\/2017\/10\/2_parfums_automne-300x162.jpg 300w, https:\/\/www.monblogdefille.com\/blog\/wp-content\/uploads\/2017\/10\/2_parfums_automne-768x415.jpg 768w, https:\/\/www.monblogdefille.com\/blog\/wp-content\/uploads\/2017\/10\/2_parfums_automne-1024x553.jpg 1024w, https:\/\/www.monblogdefille.com\/blog\/wp-content\/uploads\/2017\/10\/2_parfums_automne-1010x545.jpg 1010w\" sizes=\"auto, (max-width: 2000px) 100vw, 2000px\" \/><\/p>\n","protected":false},"author":3,"featured_media":161731,"comment_status":"open","ping_status":"open","sticky":false,"template":"","format":"standard","meta":{"footnotes":""},"categories":[20099],"tags":[20100],"class_list":["post-161730","post","type-post","status-publish","format-standard","has-post-thumbnail","hentry","category-parfum","tag-parfum"],"_links":{"self":[{"href":"https:\/\/www.monblogdefille.com\/blog\/wp-json\/wp\/v2\/posts\/161730","targetHints":{"allow":["GET"]}}],"collection":[{"href":"https:\/\/www.monblogdefille.com\/blog\/wp-json\/wp\/v2\/posts"}],"about":[{"href":"https:\/\/www.monblogdefille.com\/blog\/wp-json\/wp\/v2\/types\/post"}],"author":[{"embeddable":true,"href":"https:\/\/www.monblogdefille.com\/blog\/wp-json\/wp\/v2\/users\/3"}],"replies":[{"embeddable":true,"href":"https:\/\/www.monblogdefille.com\/blog\/wp-json\/wp\/v2\/comments?post=161730"}],"version-history":[{"count":0,"href":"https:\/\/www.monblogdefille.com\/blog\/wp-json\/wp\/v2\/posts\/161730\/revisions"}],"wp:featuredmedia":[{"embeddable":true,"href":"https:\/\/www.monblogdefille.com\/blog\/wp-json\/wp\/v2\/media\/161731"}],"wp:attachment":[{"href":"https:\/\/www.monblogdefille.com\/blog\/wp-json\/wp\/v2\/media?parent=161730"}],"wp:term":[{"taxonomy":"category","embeddable":true,"href":"https:\/\/www.monblogdefille.com\/blog\/wp-json\/wp\/v2\/categories?post=161730"},{"taxonomy":"post_tag","embeddable":true,"href":"https:\/\/www.monblogdefille.com\/blog\/wp-json\/wp\/v2\/tags?post=161730"}],"curies":[{"name":"wp","href":"https:\/\/api.w.org\/{rel}","templated":true}]}}