{"id":161613,"date":"2017-09-28T09:00:47","date_gmt":"2017-09-28T07:00:47","guid":{"rendered":"http:\/\/www.monblogdefille.com\/blog\/?p=161613"},"modified":"2017-10-08T10:08:57","modified_gmt":"2017-10-08T08:08:57","slug":"avene-et-lechappee-rose","status":"publish","type":"post","link":"https:\/\/www.monblogdefille.com\/blog\/avene-et-lechappee-rose\/","title":{"rendered":"Av\u00e8ne et l\u2019Echapp\u00e9e rose"},"content":{"rendered":"<p><img loading=\"lazy\" decoding=\"async\" class=\"aligncenter size-full wp-image-161614\" src=\"http:\/\/www.monblogdefille.com\/blog\/wp-content\/uploads\/2017\/09\/camion_echappee_rose_avene.jpg\" alt=\"\" width=\"1736\" height=\"1007\" srcset=\"https:\/\/www.monblogdefille.com\/blog\/wp-content\/uploads\/2017\/09\/camion_echappee_rose_avene.jpg 1736w, https:\/\/www.monblogdefille.com\/blog\/wp-content\/uploads\/2017\/09\/camion_echappee_rose_avene-300x174.jpg 300w, https:\/\/www.monblogdefille.com\/blog\/wp-content\/uploads\/2017\/09\/camion_echappee_rose_avene-768x445.jpg 768w, https:\/\/www.monblogdefille.com\/blog\/wp-content\/uploads\/2017\/09\/camion_echappee_rose_avene-1024x594.jpg 1024w, https:\/\/www.monblogdefille.com\/blog\/wp-content\/uploads\/2017\/09\/camion_echappee_rose_avene-1010x586.jpg 1010w\" sizes=\"auto, (max-width: 1736px) 100vw, 1736px\" \/><\/p>\n<p>Vous le savez s\u00fbrement, octobre est le mois de la lutte contre le cancer du sein, et on l\u2019appelle souvent \u00ab\u00a0octobre rose\u00a0\u00bb.<\/p>\n<p><a href=\"https:\/\/www.eau-thermale-avene.fr\/\" target=\"_blank\" rel=\"noopener\"><strong>Av\u00e8ne<\/strong><\/a>, qui est tr\u00e8s actif dans le soutien des malades sous traitement anti-canc\u00e9reux (on l\u2019a d\u00e9j\u00e0 vu avec cet article sur l\u2019op\u00e9ration <a href=\"http:\/\/www.monblogdefille.com\/blog\/one-smile-pour-accompagner-les-patients-en-oncologie\/\" target=\"_blank\" rel=\"noopener\"><strong>One Smile<\/strong><\/a>), s\u2019est ici engag\u00e9 aupr\u00e8s de l\u2019association <a href=\"http:\/\/www.toutlemondecontrelecancer.com\" target=\"_blank\" rel=\"noopener\"><strong>Tout le monde contre le cancer<\/strong><\/a> (11 ans d\u2019actions dans les h\u00f4pitaux fran\u00e7ais, pour transformer l\u2019h\u00f4pital un lieu de joie, favoriser le bien-\u00eatre, et offrir des temps d\u2019\u00e9vasion hors de l\u2019h\u00f4pital) et son Echapp\u00e9e rose avec sa Bulle de bien-\u00eatre\u00a0:<\/p>\n<p>Pendant tout le mois d\u2019octobre et d\u00e9but novembre, le camion am\u00e9nag\u00e9 en \u00ab\u00a0institut de bien-\u00eatre\u00a0\u00bb de l\u2019association sillonnera la France et s\u2019arr\u00eatera devant les h\u00f4pitaux des villes suivantes, pour proposer aux malades et accompagnantes de malades une pause apaisante, pour sortir de l\u2019univers de la maladie et souffler un moment en prenant soin de soi.<\/p>\n<p>&#8211; Pour les <strong>femmes malades<\/strong> (soign\u00e9es dans ces h\u00f4pitaux) sont pr\u00e9vus des ateliers bien-\u00eatre, de la sophrologie et des conseils beaut\u00e9 adapt\u00e9s \u00e0 leur peau sensibilis\u00e9e par les traitements\u00a0;<br \/>\n&#8211; Pour les <strong>accompagnantes<\/strong> (souvent d\u2019enfants ou de conjoints), on propose des ateliers esth\u00e9tiques pour les aider \u00e0 renouer avec leur f\u00e9minit\u00e9, et des ateliers de massage pour leur offrir une vraie pause d\u00e9tente.<\/p>\n<p><img loading=\"lazy\" decoding=\"async\" class=\"aligncenter size-full wp-image-161615\" src=\"http:\/\/www.monblogdefille.com\/blog\/wp-content\/uploads\/2017\/09\/echappee_rose.jpg\" alt=\"\" width=\"2000\" height=\"667\" srcset=\"https:\/\/www.monblogdefille.com\/blog\/wp-content\/uploads\/2017\/09\/echappee_rose.jpg 2000w, https:\/\/www.monblogdefille.com\/blog\/wp-content\/uploads\/2017\/09\/echappee_rose-300x100.jpg 300w, https:\/\/www.monblogdefille.com\/blog\/wp-content\/uploads\/2017\/09\/echappee_rose-768x256.jpg 768w, https:\/\/www.monblogdefille.com\/blog\/wp-content\/uploads\/2017\/09\/echappee_rose-1024x342.jpg 1024w, https:\/\/www.monblogdefille.com\/blog\/wp-content\/uploads\/2017\/09\/echappee_rose-1010x337.jpg 1010w\" sizes=\"auto, (max-width: 2000px) 100vw, 2000px\" \/><\/p>\n<p>Pour pouvoir b\u00e9n\u00e9ficier de ces ateliers, vous devez \u00eatre trait\u00e9e dans un des h\u00f4pitaux de la liste ci-dessous (ou y accompagner un proche), le personnel hospitalier vous donnera les infos n\u00e9cessaires pour prendre rendez-vous.<\/p>\n<p style=\"text-align: left;\"><strong>5 octobre\u00a0\u00a0\u00a0\u00a0\u00a0\u00a0\u00a0\u00a0 \u00a0\u00a0\u00a0\u00a0\u00a0\u00a0\u00a0\u00a0\u00a0\u00a0\u00a0 LILLE C.H.R.U Jeanne de Flandres<\/strong><\/p>\n<p style=\"text-align: left;\"><strong>6 octobre\u00a0\u00a0\u00a0\u00a0\u00a0\u00a0\u00a0\u00a0 \u00a0\u00a0\u00a0\u00a0\u00a0\u00a0\u00a0\u00a0\u00a0\u00a0\u00a0 AMIENS C.H.U Amiens Picardie<\/strong><\/p>\n<p style=\"text-align: left;\"><strong>9 octobre\u00a0\u00a0\u00a0\u00a0\u00a0\u00a0\u00a0\u00a0 \u00a0\u00a0\u00a0\u00a0\u00a0\u00a0\u00a0\u00a0\u00a0\u00a0\u00a0 ARGENTEUIL C.H Victor Dupuy<\/strong><\/p>\n<p style=\"text-align: left;\"><strong>10 octobre\u00a0\u00a0\u00a0\u00a0\u00a0\u00a0\u00a0\u00a0\u00a0\u00a0\u00a0\u00a0\u00a0\u00a0\u00a0\u00a0\u00a0 CRETEIL H\u00f4pital Henri Mondor<\/strong><\/p>\n<p style=\"text-align: left;\"><strong>11, 12 et 13 octobre\u00a0\u00a0 PARIS C.H Armand Trousseau + H\u00f4pital St Louis + Clinique Eduard Rist<\/strong><\/p>\n<p style=\"text-align: left;\"><strong>16 octobre\u00a0\u00a0\u00a0\u00a0\u00a0\u00a0\u00a0\u00a0\u00a0\u00a0\u00a0\u00a0\u00a0\u00a0\u00a0\u00a0\u00a0 JOSSIGNY C.H Marne la Vall\u00e9e<\/strong><\/p>\n<p style=\"text-align: left;\"><strong>17 octobre\u00a0\u00a0\u00a0\u00a0\u00a0\u00a0\u00a0\u00a0\u00a0\u00a0\u00a0\u00a0\u00a0\u00a0\u00a0\u00a0\u00a0 GARCHES C.H.U Raymond Poincar\u00e9<\/strong><\/p>\n<p style=\"text-align: left;\"><strong>18 octobre\u00a0\u00a0\u00a0\u00a0\u00a0\u00a0\u00a0\u00a0\u00a0\u00a0\u00a0\u00a0\u00a0\u00a0\u00a0\u00a0\u00a0 AULNAY-SOUS-BOIS C.H.U Robert Ballanger<\/strong><\/p>\n<p style=\"text-align: left;\"><strong>19 octobre\u00a0\u00a0\u00a0\u00a0\u00a0\u00a0\u00a0\u00a0\u00a0\u00a0\u00a0\u00a0\u00a0\u00a0\u00a0\u00a0\u00a0 BONDY C.H Jean Verdier<\/strong><\/p>\n<p style=\"text-align: left;\"><strong>20 octobre \u00a0\u00a0\u00a0\u00a0\u00a0\u00a0\u00a0\u00a0\u00a0\u00a0\u00a0\u00a0\u00a0\u00a0\u00a0\u00a0 MEAUX C.H de Meaux<\/strong><\/p>\n<p style=\"text-align: left;\"><strong>23 octobre\u00a0\u00a0\u00a0\u00a0\u00a0\u00a0\u00a0\u00a0\u00a0\u00a0\u00a0\u00a0\u00a0\u00a0\u00a0\u00a0\u00a0 FONTAINEBLEAU C.H Fontainebleau<\/strong><\/p>\n<p style=\"text-align: left;\"><strong>25 octobre\u00a0\u00a0\u00a0\u00a0\u00a0\u00a0\u00a0\u00a0\u00a0\u00a0\u00a0\u00a0\u00a0\u00a0\u00a0\u00a0\u00a0 NANTES Unicancer<\/strong><\/p>\n<p style=\"text-align: left;\"><strong>26 octobre\u00a0\u00a0\u00a0\u00a0\u00a0\u00a0\u00a0\u00a0\u00a0\u00a0\u00a0\u00a0\u00a0\u00a0\u00a0\u00a0\u00a0 ANGERS unicancer<\/strong><\/p>\n<p style=\"text-align: left;\"><strong>30 octobre\u00a0\u00a0\u00a0\u00a0\u00a0\u00a0\u00a0\u00a0\u00a0\u00a0\u00a0\u00a0\u00a0\u00a0\u00a0\u00a0\u00a0 MOULINS C.H Moulins Yseure<\/strong><\/p>\n<p style=\"text-align: left;\"><strong>31 octobre\u00a0\u00a0\u00a0\u00a0\u00a0\u00a0\u00a0\u00a0\u00a0\u00a0\u00a0\u00a0\u00a0\u00a0\u00a0\u00a0\u00a0 GRENOBLE C.H.U de Grenoble \u2013 H\u00f4pital couple \/ enfant<\/strong><\/p>\n<p style=\"text-align: left;\"><strong>2 novembre\u00a0\u00a0\u00a0\u00a0\u00a0\u00a0\u00a0\u00a0\u00a0\u00a0\u00a0\u00a0\u00a0\u00a0\u00a0 LIMOGES C.H.U de Limoges \u2013 H\u00f4pital m\u00e8re \/ enfant<\/strong><\/p>\n<p style=\"text-align: left;\"><strong>6 et 7 novembre\u00a0\u00a0\u00a0\u00a0\u00a0\u00a0\u00a0\u00a0 TOULOUSE C.H.U Purpan+ IUCT Oncopole<\/strong><\/p>\n<p style=\"text-align: left;\"><strong>8 novembre\u00a0\u00a0\u00a0\u00a0\u00a0\u00a0\u00a0\u00a0\u00a0\u00a0\u00a0\u00a0\u00a0\u00a0\u00a0 VILLEFRANCHE C.H La Chartreuse<\/strong><\/p>\n<p>Tr\u00e8s concern\u00e9s par l\u2019am\u00e9lioration de la qualit\u00e9 de vie des patients (il y a d\u00e9sormais une cure post-cancer \u00e0 la Station Thermale), les <strong>laboratoires Av\u00e8ne<\/strong> offrent ici tous les produits n\u00e9cessaires pour les soins dispens\u00e9s au cours de la tourn\u00e9e.<\/p>\n<p>Je vous laisse avec les images de la tourn\u00e9e de Tout le monde contre le cancer en f\u00e9vrier dernier, \u00e7a fait du bien de voir \u00e7a (le camion sera plus grand cette ann\u00e9e, c\u2019est celui de la photo en haut de l\u2019article\u00a0;-)\u00a0:<\/p>\n<p><iframe loading=\"lazy\" frameborder=\"0\" height=\"563\" src=\"https:\/\/www.youtube.com\/embed\/KVv-GrkDFd8\" width=\"1000\"><\/iframe><\/p>\n<p><em>Article r\u00e9alis\u00e9 dans le cadre de mon partenariat avec Av\u00e8ne<\/em><\/p>\n","protected":false},"excerpt":{"rendered":"<p><img loading=\"lazy\" decoding=\"async\" class=\"aligncenter size-full wp-image-161614\" src=\"http:\/\/www.monblogdefille.com\/blog\/wp-content\/uploads\/2017\/09\/camion_echappee_rose_avene.jpg\" alt=\"\" width=\"1736\" height=\"1007\" srcset=\"https:\/\/www.monblogdefille.com\/blog\/wp-content\/uploads\/2017\/09\/camion_echappee_rose_avene.jpg 1736w, https:\/\/www.monblogdefille.com\/blog\/wp-content\/uploads\/2017\/09\/camion_echappee_rose_avene-300x174.jpg 300w, https:\/\/www.monblogdefille.com\/blog\/wp-content\/uploads\/2017\/09\/camion_echappee_rose_avene-768x445.jpg 768w, https:\/\/www.monblogdefille.com\/blog\/wp-content\/uploads\/2017\/09\/camion_echappee_rose_avene-1024x594.jpg 1024w, https:\/\/www.monblogdefille.com\/blog\/wp-content\/uploads\/2017\/09\/camion_echappee_rose_avene-1010x586.jpg 1010w\" sizes=\"auto, (max-width: 1736px) 100vw, 1736px\" \/><\/p>\n","protected":false},"author":3,"featured_media":161614,"comment_status":"open","ping_status":"open","sticky":false,"template":"","format":"standard","meta":{"footnotes":""},"categories":[1489],"tags":[19995,20214],"class_list":["post-161613","post","type-post","status-publish","format-standard","has-post-thumbnail","hentry","category-le-soin","tag-avene","tag-octobre-rose"],"_links":{"self":[{"href":"https:\/\/www.monblogdefille.com\/blog\/wp-json\/wp\/v2\/posts\/161613","targetHints":{"allow":["GET"]}}],"collection":[{"href":"https:\/\/www.monblogdefille.com\/blog\/wp-json\/wp\/v2\/posts"}],"about":[{"href":"https:\/\/www.monblogdefille.com\/blog\/wp-json\/wp\/v2\/types\/post"}],"author":[{"embeddable":true,"href":"https:\/\/www.monblogdefille.com\/blog\/wp-json\/wp\/v2\/users\/3"}],"replies":[{"embeddable":true,"href":"https:\/\/www.monblogdefille.com\/blog\/wp-json\/wp\/v2\/comments?post=161613"}],"version-history":[{"count":0,"href":"https:\/\/www.monblogdefille.com\/blog\/wp-json\/wp\/v2\/posts\/161613\/revisions"}],"wp:featuredmedia":[{"embeddable":true,"href":"https:\/\/www.monblogdefille.com\/blog\/wp-json\/wp\/v2\/media\/161614"}],"wp:attachment":[{"href":"https:\/\/www.monblogdefille.com\/blog\/wp-json\/wp\/v2\/media?parent=161613"}],"wp:term":[{"taxonomy":"category","embeddable":true,"href":"https:\/\/www.monblogdefille.com\/blog\/wp-json\/wp\/v2\/categories?post=161613"},{"taxonomy":"post_tag","embeddable":true,"href":"https:\/\/www.monblogdefille.com\/blog\/wp-json\/wp\/v2\/tags?post=161613"}],"curies":[{"name":"wp","href":"https:\/\/api.w.org\/{rel}","templated":true}]}}