{"id":161532,"date":"2017-08-30T09:00:34","date_gmt":"2017-08-30T07:00:34","guid":{"rendered":"http:\/\/www.monblogdefille.com\/blog\/?p=161532"},"modified":"2017-09-05T09:02:50","modified_gmt":"2017-09-05T07:02:50","slug":"double-nettoyage-la-suite-de-la-saga","status":"publish","type":"post","link":"https:\/\/www.monblogdefille.com\/blog\/double-nettoyage-la-suite-de-la-saga\/","title":{"rendered":"Double nettoyage, la suite de la saga"},"content":{"rendered":"<p><img loading=\"lazy\" decoding=\"async\" class=\"aligncenter size-full wp-image-161533\" src=\"http:\/\/www.monblogdefille.com\/blog\/wp-content\/uploads\/2017\/08\/retour_double_nettoyage2.jpg\" alt=\"\" width=\"2000\" height=\"2000\" srcset=\"https:\/\/www.monblogdefille.com\/blog\/wp-content\/uploads\/2017\/08\/retour_double_nettoyage2.jpg 2000w, https:\/\/www.monblogdefille.com\/blog\/wp-content\/uploads\/2017\/08\/retour_double_nettoyage2-300x300.jpg 300w, https:\/\/www.monblogdefille.com\/blog\/wp-content\/uploads\/2017\/08\/retour_double_nettoyage2-768x768.jpg 768w, https:\/\/www.monblogdefille.com\/blog\/wp-content\/uploads\/2017\/08\/retour_double_nettoyage2-1024x1024.jpg 1024w, https:\/\/www.monblogdefille.com\/blog\/wp-content\/uploads\/2017\/08\/retour_double_nettoyage2-1010x1010.jpg 1010w, https:\/\/www.monblogdefille.com\/blog\/wp-content\/uploads\/2017\/08\/retour_double_nettoyage2-640x640.jpg 640w\" sizes=\"auto, (max-width: 2000px) 100vw, 2000px\" \/><\/p>\n<p style=\"text-align: center;\"><em>(les trois produits que j\u2019utilise en 2<sup>\u00e8me<\/sup> nettoyage, avec une nette passion pour le baume Elemis : <a href=\"http:\/\/bit.ly\/2ghpgU4\" target=\"_blank\" rel=\"noopener\"><strong>Av\u00e8ne \u2013 Fluide d\u00e9maquillant 3 en 1<\/strong><\/a>, <a href=\"http:\/\/bit.ly\/2uPcqmy\" target=\"_blank\" rel=\"noopener\"><strong>Elemis &#8211; Baume nettoyant<\/strong><\/a>, <a href=\"http:\/\/bit.ly\/2udWSYM\" target=\"_blank\" rel=\"noopener\"><strong>Skinceuticals<\/strong> &#8211; <strong>Gentle Cleanser<\/strong><\/a>)\u00a0<\/em><\/p>\n<p>On ne s\u2019en sortira jamais, <a href=\"http:\/\/www.monblogdefille.com\/blog\/?s=double+nettoyage\" target=\"_blank\" rel=\"noopener\"><strong>je vous l\u2019avais dit<\/strong><\/a> ;-))<\/p>\n<p>La semaine derni\u00e8re je suis all\u00e9e au <a href=\"http:\/\/www.monblogdefille.com\/blog\/dermacenter-le-point-en-mars-2017\" target=\"_blank\" rel=\"noopener\"><strong>Dermacenter<\/strong> <\/a>(o\u00f9 j\u2019ai signal\u00e9 les probl\u00e8mes de conseill\u00e8re pas adapt\u00e9e quand on n\u2019a pas rendez-vous avec Fanny ou Patricia, ils sont dessus, \u00e7a devrait s\u2019arranger), et les r\u00e9sultats dans la machine magique \u00e9taient excellents.<\/p>\n<p>Je ne dis pas \u00e7a pour frimer mais parce que les explications sont int\u00e9ressantes\u00a0: je n\u2019ai quasiment plus de rougeurs (ce que Ga\u00eblle chez <a href=\"http:\/\/www.monblogdefille.com\/blog\/vlog-je-vous-emmene-a-linstitut-darphin\" target=\"_blank\" rel=\"noopener\"><strong>Darphin<\/strong> <\/a>avait aussi constat\u00e9 deux jours avant), et \u00e7a on est s\u00fbres que c\u2019est d\u00fb au s\u00e9rum Phyto Corrective que j\u2019utilise maintenant depuis plusieurs mois.<\/p>\n<p>Le 2<sup>\u00e8me<\/sup> truc int\u00e9ressant, c\u2019est que mon taux de porphyrines (les petites enzymes \u00e0 la surface de la peau qui signalent qu\u2019elle n\u2019est pas suffisamment nettoy\u00e9e, et donc les soins appliqu\u00e9s ensuite p\u00e9n\u00e8trent moins bien) est enfin pass\u00e9 de 76% \u00e0 91% (je rappelle que 100% \u00e9quivaut \u00e0 la peau parfaite)\u00a0: la seule explication sont les nombreux doubles nettoyages que j\u2019ai fait en vacances (because SPF) et ensuite (because chaleur, avion, tout \u00e7a), notamment avec le <a href=\"http:\/\/bit.ly\/2uPcqmy\" target=\"_blank\" rel=\"noopener\"><strong>baume Elemis<\/strong><\/a>. D\u2019apr\u00e8s Fanny \u00e7a doit \u00eatre l\u2019explication.<\/p>\n<p>Et Ga\u00eblle aussi avait trouv\u00e9 ma peau tr\u00e8s propre, alors qu\u2019elle s\u2019attendait \u00e0 ce qu\u2019elle soit encrass\u00e9e notamment par mon aller-retour \u00e0 New York (l\u2019avion est super crado pour la peau).<\/p>\n<p>Et ben je vais continuer \u00e0 double nettoyer plus souvent hein, d\u2019autant que j\u2019ai relu ce que <a href=\"http:\/\/www.monblogdefille.com\/blog\/mon-diagnostic-personnalise-par-joelle-ciocco\" target=\"_blank\" rel=\"noopener\"><strong>Jo\u00eblle Ciocco<\/strong><\/a> m\u2019avait dit il y a plus d\u2019un an\u00a0: double nettoyage syst\u00e9matique avec des produits tr\u00e8s doux (elle pr\u00e9cisait que ce qui pouvait rendre le double nettoyage agressif pour la peau ce n\u2019\u00e9tait pas le processus lui-m\u00eame, mais les produits utilis\u00e9s).<\/p>\n<p>Je ne le ferai pas syst\u00e9matiquement (Ga\u00eblle n\u2019est pas tellement d\u2019accord et Fanny ne trouve pas \u00e7a non plus indispensable pour mon type de peau) mais plus souvent qu\u2019avant l\u2019\u00e9t\u00e9\u00a0: quand je porte un SPF \u00e9videmment, et quand je sens mon visage un peu plus \u00ab\u00a0encrass\u00e9\u00a0\u00bb, ce qui n\u2019est pas difficile \u00e0 Paris d\u00e8s que le thermom\u00e8tre d\u00e9passe 25 degr\u00e9s.<\/p>\n<p>Voil\u00e0 les enfants, il va de soi que si je change encore d\u2019avis je ne manquerai pas de vous tenir au courant\u00a0;-))<\/p>\n","protected":false},"excerpt":{"rendered":"<p><img loading=\"lazy\" decoding=\"async\" class=\"aligncenter size-full wp-image-161533\" src=\"http:\/\/www.monblogdefille.com\/blog\/wp-content\/uploads\/2017\/08\/retour_double_nettoyage2.jpg\" alt=\"\" width=\"2000\" height=\"2000\" srcset=\"https:\/\/www.monblogdefille.com\/blog\/wp-content\/uploads\/2017\/08\/retour_double_nettoyage2.jpg 2000w, https:\/\/www.monblogdefille.com\/blog\/wp-content\/uploads\/2017\/08\/retour_double_nettoyage2-300x300.jpg 300w, https:\/\/www.monblogdefille.com\/blog\/wp-content\/uploads\/2017\/08\/retour_double_nettoyage2-768x768.jpg 768w, https:\/\/www.monblogdefille.com\/blog\/wp-content\/uploads\/2017\/08\/retour_double_nettoyage2-1024x1024.jpg 1024w, https:\/\/www.monblogdefille.com\/blog\/wp-content\/uploads\/2017\/08\/retour_double_nettoyage2-1010x1010.jpg 1010w, https:\/\/www.monblogdefille.com\/blog\/wp-content\/uploads\/2017\/08\/retour_double_nettoyage2-640x640.jpg 640w\" sizes=\"auto, (max-width: 2000px) 100vw, 2000px\" \/><\/p>\n","protected":false},"author":3,"featured_media":161533,"comment_status":"open","ping_status":"open","sticky":false,"template":"","format":"standard","meta":{"footnotes":""},"categories":[1489],"tags":[20109],"class_list":["post-161532","post","type-post","status-publish","format-standard","has-post-thumbnail","hentry","category-le-soin","tag-demaquillage"],"_links":{"self":[{"href":"https:\/\/www.monblogdefille.com\/blog\/wp-json\/wp\/v2\/posts\/161532","targetHints":{"allow":["GET"]}}],"collection":[{"href":"https:\/\/www.monblogdefille.com\/blog\/wp-json\/wp\/v2\/posts"}],"about":[{"href":"https:\/\/www.monblogdefille.com\/blog\/wp-json\/wp\/v2\/types\/post"}],"author":[{"embeddable":true,"href":"https:\/\/www.monblogdefille.com\/blog\/wp-json\/wp\/v2\/users\/3"}],"replies":[{"embeddable":true,"href":"https:\/\/www.monblogdefille.com\/blog\/wp-json\/wp\/v2\/comments?post=161532"}],"version-history":[{"count":0,"href":"https:\/\/www.monblogdefille.com\/blog\/wp-json\/wp\/v2\/posts\/161532\/revisions"}],"wp:featuredmedia":[{"embeddable":true,"href":"https:\/\/www.monblogdefille.com\/blog\/wp-json\/wp\/v2\/media\/161533"}],"wp:attachment":[{"href":"https:\/\/www.monblogdefille.com\/blog\/wp-json\/wp\/v2\/media?parent=161532"}],"wp:term":[{"taxonomy":"category","embeddable":true,"href":"https:\/\/www.monblogdefille.com\/blog\/wp-json\/wp\/v2\/categories?post=161532"},{"taxonomy":"post_tag","embeddable":true,"href":"https:\/\/www.monblogdefille.com\/blog\/wp-json\/wp\/v2\/tags?post=161532"}],"curies":[{"name":"wp","href":"https:\/\/api.w.org\/{rel}","templated":true}]}}