{"id":161491,"date":"2017-08-23T09:00:30","date_gmt":"2017-08-23T07:00:30","guid":{"rendered":"http:\/\/www.monblogdefille.com\/blog\/?p=161491"},"modified":"2017-08-29T10:13:53","modified_gmt":"2017-08-29T08:13:53","slug":"le-rouge-sculpt-de-givenchy-en-avant-premiere-chez-sephora","status":"publish","type":"post","link":"https:\/\/www.monblogdefille.com\/blog\/le-rouge-sculpt-de-givenchy-en-avant-premiere-chez-sephora\/","title":{"rendered":"Le Rouge Sculpt de Givenchy en avant-premi\u00e8re chez Sephora"},"content":{"rendered":"<p><iframe loading=\"lazy\" frameborder=\"0\" height=\"563\" src=\"https:\/\/www.youtube.com\/embed\/3ZjKL-v8T-Q\" width=\"1000\"><\/iframe><\/p>\n<p style=\"text-align: center;\"><em><strong>Produits Givenchy utilis\u00e9s\u00a0:<\/strong><\/em><\/p>\n<p style=\"text-align: center;\"><a href=\"http:\/\/bit.ly\/2v1A8w5\" target=\"_blank\" rel=\"noopener\"><strong>Fond de teint Matissime Velvet<\/strong><\/a> en 05 Mat Honey<\/p>\n<p style=\"text-align: center;\"><a href=\"http:\/\/bit.ly\/2vl5jOg\" target=\"_blank\" rel=\"noopener\"><strong>Prisme Blush<\/strong><\/a> en 03 Spice<\/p>\n<p style=\"text-align: center;\"><a href=\"http:\/\/bit.ly\/2v9THy7\" target=\"_blank\" rel=\"noopener\"><strong>Mascara Noir Interdit<\/strong><\/a> en 1 Deep Black<\/p>\n<p style=\"text-align: center;\"><a href=\"http:\/\/bit.ly\/2v1fGeT\" target=\"_blank\" rel=\"noopener\"><strong>Rouge Sculpt en 01 Sculpt\u2019in Rouge<\/strong><\/a><br \/>\nen avant-premi\u00e8re d\u00e8s aujourd\u2019hui au<strong> Sephora des Champs Elys\u00e9es <\/strong>et sur <strong><strong><a href=\"http:\/\/bit.ly\/2v1fGeT\" target=\"_blank\" rel=\"noopener\">Sephora.fr<\/a><\/strong><\/strong>,<strong><br \/>\n<\/strong>puis \u00e0 partir du<strong> <strong>28 ao\u00fbt<\/strong> <\/strong>dans<strong> tous les magasins Sephora.<br \/>\n<\/strong>Cette avant-premi\u00e8re se termine le 10 septembre.<\/p>\n<p>Rendez-vous tout de suite sur <a href=\"https:\/\/www.instagram.com\/monblogdefille\/\" target=\"_blank\" rel=\"noopener\"><strong>Instagram<\/strong> <\/a>pour le fameux <strong>concours<\/strong>\u00a0pour la <strong>soir\u00e9e priv\u00e9e du 29 ao\u00fbt chez Sephora \u00e0 Paris<\/strong> :<\/p>\n<p>Le tirage au sort aura lieu le <strong>25 ao\u00fbt<\/strong>, j\u2019annoncerai les noms des gagnantes dans un nouveau post Instagram.<\/p>\n<p>Les frais d\u2019h\u00e9bergement et de transport sont \u00e0 votre charge, donc si vous \u00eates <strong>parisiennes<\/strong> c\u2019est plus simple\u00a0;- )<\/p>\n<p>N\u2019h\u00e9sitez pas \u00e0 visiter les pages <strong>Facebook<\/strong> de @SephoraFrance et @GivenchyBeauty, ainsi que leurs comptes Instagram\u00a0: <a href=\"https:\/\/www.instagram.com\/sephorafrance\/\" target=\"_blank\" rel=\"noopener\"><strong>@SephoraFrance<\/strong><\/a> et <a href=\"https:\/\/www.instagram.com\/givenchybeauty\/\" target=\"_blank\" rel=\"noopener\"><strong>@GivenchyBeauty<\/strong><\/a>.<\/p>\n<p>Je porte une <a href=\"http:\/\/bit.ly\/2uUIDnB\" target=\"_blank\" rel=\"noopener\"><strong>robe Boohoo<\/strong><\/a>, ma bague ancienne et ma <a href=\"http:\/\/tinyurl.com\/z4gq4qv\" target=\"_blank\" rel=\"noopener\"><strong>bague Gemmyo Gatsby<\/strong><\/a>, et le <strong>vernis Sally Hansen Miracle Gel 209 Totem-ly Yours<\/strong> (chez Carrefour).<\/p>\n<p><strong><em>Vid\u00e9o sponsoris\u00e9e.<\/em><\/strong><\/p>\n","protected":false},"excerpt":{"rendered":"<p><img loading=\"lazy\" decoding=\"async\" class=\"aligncenter size-full wp-image-161492\" src=\"http:\/\/www.monblogdefille.com\/blog\/wp-content\/uploads\/2017\/08\/givenchy_sephora_blog.jpg\" alt=\"\" width=\"1762\" height=\"1080\" srcset=\"https:\/\/www.monblogdefille.com\/blog\/wp-content\/uploads\/2017\/08\/givenchy_sephora_blog.jpg 1762w, https:\/\/www.monblogdefille.com\/blog\/wp-content\/uploads\/2017\/08\/givenchy_sephora_blog-300x184.jpg 300w, https:\/\/www.monblogdefille.com\/blog\/wp-content\/uploads\/2017\/08\/givenchy_sephora_blog-768x471.jpg 768w, https:\/\/www.monblogdefille.com\/blog\/wp-content\/uploads\/2017\/08\/givenchy_sephora_blog-1024x628.jpg 1024w, https:\/\/www.monblogdefille.com\/blog\/wp-content\/uploads\/2017\/08\/givenchy_sephora_blog-1010x619.jpg 1010w\" sizes=\"auto, (max-width: 1762px) 100vw, 1762px\" \/><\/p>\n","protected":false},"author":3,"featured_media":161492,"comment_status":"open","ping_status":"open","sticky":false,"template":"","format":"standard","meta":{"footnotes":""},"categories":[1485,20030,19978],"tags":[20082,20036],"class_list":["post-161491","post","type-post","status-publish","format-standard","has-post-thumbnail","hentry","category-le-maquillage","category-teint-et-divers","category-videos","tag-concours","tag-videos-maquillage"],"_links":{"self":[{"href":"https:\/\/www.monblogdefille.com\/blog\/wp-json\/wp\/v2\/posts\/161491","targetHints":{"allow":["GET"]}}],"collection":[{"href":"https:\/\/www.monblogdefille.com\/blog\/wp-json\/wp\/v2\/posts"}],"about":[{"href":"https:\/\/www.monblogdefille.com\/blog\/wp-json\/wp\/v2\/types\/post"}],"author":[{"embeddable":true,"href":"https:\/\/www.monblogdefille.com\/blog\/wp-json\/wp\/v2\/users\/3"}],"replies":[{"embeddable":true,"href":"https:\/\/www.monblogdefille.com\/blog\/wp-json\/wp\/v2\/comments?post=161491"}],"version-history":[{"count":0,"href":"https:\/\/www.monblogdefille.com\/blog\/wp-json\/wp\/v2\/posts\/161491\/revisions"}],"wp:featuredmedia":[{"embeddable":true,"href":"https:\/\/www.monblogdefille.com\/blog\/wp-json\/wp\/v2\/media\/161492"}],"wp:attachment":[{"href":"https:\/\/www.monblogdefille.com\/blog\/wp-json\/wp\/v2\/media?parent=161491"}],"wp:term":[{"taxonomy":"category","embeddable":true,"href":"https:\/\/www.monblogdefille.com\/blog\/wp-json\/wp\/v2\/categories?post=161491"},{"taxonomy":"post_tag","embeddable":true,"href":"https:\/\/www.monblogdefille.com\/blog\/wp-json\/wp\/v2\/tags?post=161491"}],"curies":[{"name":"wp","href":"https:\/\/api.w.org\/{rel}","templated":true}]}}