{"id":161434,"date":"2017-08-13T09:00:03","date_gmt":"2017-08-13T07:00:03","guid":{"rendered":"http:\/\/www.monblogdefille.com\/blog\/?p=161434"},"modified":"2017-08-20T08:56:42","modified_gmt":"2017-08-20T06:56:42","slug":"mes-soins-visage-aout-2017","status":"publish","type":"post","link":"https:\/\/www.monblogdefille.com\/blog\/mes-soins-visage-aout-2017\/","title":{"rendered":"Mes soins visage \u2013 ao\u00fbt 2017"},"content":{"rendered":"<p><iframe loading=\"lazy\" frameborder=\"0\" height=\"563\" src=\"https:\/\/www.youtube.com\/embed\/EiLAN7tt2_4\" width=\"1000\"><\/iframe><\/p>\n<p style=\"text-align: center;\"><strong><em>*** MATIN *** <\/em><\/strong><\/p>\n<p style=\"text-align: center;\"><a href=\"http:\/\/tinyurl.com\/qzaqqcs\" target=\"_blank\" rel=\"noopener\"><strong>Av\u00e8ne &#8211; Spray d&rsquo;eau thermale<\/strong><\/a><\/p>\n<p style=\"text-align: center;\"><strong><a href=\"http:\/\/bit.ly\/2sfbJjE\" target=\"_blank\" rel=\"noopener\">Erborian \u2013 Bamboo Splash<\/a><br \/>\n<\/strong><\/p>\n<p style=\"text-align: center;\"><a href=\"http:\/\/bit.ly\/2nKg4Ha\" target=\"_blank\" rel=\"noopener\"><strong>Skinceuticals &#8211; S\u00e9rum Phyto Corrective<\/strong><\/a><\/p>\n<p style=\"text-align: center;\"><strong>Korres \u2013 Elixir de Safran d\u2019or <\/strong>(sortie d\u00e9but septembre)<\/p>\n<p style=\"text-align: center;\"><a href=\"http:\/\/bit.ly\/2jywQ9o\" target=\"_blank\" rel=\"noopener\"><strong>Est\u00e9e Lauder \u2013 Baume contour des yeux Revitalizing Supreme <\/strong><\/a><\/p>\n<p style=\"text-align: center;\"><a href=\"http:\/\/bit.ly\/2tM3Ssb\" target=\"_blank\" rel=\"noopener\"><strong>Darphin \u2013 Pr\u00e9dermine fluide anti-rides densifiant<\/strong><\/a><\/p>\n<p style=\"text-align: center;\"><strong><em>*** SOIR ***<\/em><\/strong><\/p>\n<p style=\"text-align: center;\"><strong><a href=\"http:\/\/tinyurl.com\/j6mljg4\" target=\"_blank\" rel=\"noopener\">BareMinerals &#8211; Huile d\u00e9maquillante<\/a>\u00a0<\/strong><\/p>\n<p style=\"text-align: center;\"><a href=\"http:\/\/bit.ly\/2uHRTP2\" target=\"_blank\" rel=\"noopener\"><strong>Elemis \u2013 Baume nettoyant<\/strong><\/a><\/p>\n<p style=\"text-align: center;\"><a href=\"http:\/\/tinyurl.com\/qzaqqcs\" target=\"_blank\" rel=\"noopener\"><strong>Av\u00e8ne &#8211; Spray d&rsquo;eau thermale<\/strong><\/a><\/p>\n<p style=\"text-align: center;\"><strong><a href=\"http:\/\/bit.ly\/2tBMWEh\" target=\"_blank\" rel=\"noopener\">Erborian \u2013 Eau Ginseng<\/a><br \/>\n<\/strong><\/p>\n<p style=\"text-align: center;\"><strong><a href=\"http:\/\/bit.ly\/2sMf5ff\" target=\"_blank\" rel=\"noopener\">Erborian \u2013 Elixir au Ginseng<\/a><br \/>\n<\/strong><\/p>\n<p style=\"text-align: center;\"><a href=\"http:\/\/bit.ly\/2md52sV\" target=\"_blank\" rel=\"noopener\"><strong>Est\u00e9e Lauder<\/strong> &#8211; <strong>S\u00e9rum Advanced Night Repair<\/strong><\/a><\/p>\n<p style=\"text-align: center;\"><a href=\"http:\/\/tinyurl.com\/lbjm2rg\" target=\"_blank\" rel=\"noopener\"><strong>Av\u00e8ne &#8211; S\u00e9r\u00e9nage yeux baume regard revitalisant<\/strong><\/a><\/p>\n<p style=\"text-align: center;\"><a href=\"http:\/\/bit.ly\/2fiIypW\" target=\"_blank\" rel=\"noopener\"><strong>Darphin \u2013 Cr\u00e8me de nuit Id\u00e9al Resource<\/strong><\/a><\/p>\n<p>Je porte un tee-shirt Zara, un <a href=\"http:\/\/bit.ly\/2wDGQWi\" target=\"_blank\" rel=\"noopener\"><strong>collier Polder<\/strong><\/a>, ma bague ancienne et ma <a href=\"http:\/\/tinyurl.com\/z4gq4qv\" target=\"_blank\" rel=\"noopener\"><strong>bague Gemmyo Gatsby<\/strong><\/a> (je vous rappelle qu\u2019il y a 10% de r\u00e9duction sur tout le site Gemmyo jusqu\u2019au 21 ao\u00fbt \u00e0 8h avec le code SUMMERTIME), le <strong>rouge \u00e0 l\u00e8vres MAC Plastique<\/strong> et le <strong>vernis Sally Hansen Miracle Gel 209 Totem-ly Yours<\/strong> (chez Carrefour).<\/p>\n","protected":false},"excerpt":{"rendered":"<p><img loading=\"lazy\" decoding=\"async\" class=\"aligncenter size-full wp-image-161435\" src=\"http:\/\/www.monblogdefille.com\/blog\/wp-content\/uploads\/2017\/08\/soins-visage-aout-2017.jpg\" alt=\"\" width=\"1636\" height=\"1080\" srcset=\"https:\/\/www.monblogdefille.com\/blog\/wp-content\/uploads\/2017\/08\/soins-visage-aout-2017.jpg 1636w, https:\/\/www.monblogdefille.com\/blog\/wp-content\/uploads\/2017\/08\/soins-visage-aout-2017-300x198.jpg 300w, https:\/\/www.monblogdefille.com\/blog\/wp-content\/uploads\/2017\/08\/soins-visage-aout-2017-768x507.jpg 768w, https:\/\/www.monblogdefille.com\/blog\/wp-content\/uploads\/2017\/08\/soins-visage-aout-2017-1024x676.jpg 1024w, https:\/\/www.monblogdefille.com\/blog\/wp-content\/uploads\/2017\/08\/soins-visage-aout-2017-1010x667.jpg 1010w\" sizes=\"auto, (max-width: 1636px) 100vw, 1636px\" \/><\/p>\n","protected":false},"author":3,"featured_media":161435,"comment_status":"open","ping_status":"open","sticky":false,"template":"","format":"standard","meta":{"footnotes":""},"categories":[1489,20158,19978],"tags":[20168,20109,20089],"class_list":["post-161434","post","type-post","status-publish","format-standard","has-post-thumbnail","hentry","category-le-soin","category-soin","category-videos","tag-anti-age","tag-demaquillage","tag-hydratation"],"_links":{"self":[{"href":"https:\/\/www.monblogdefille.com\/blog\/wp-json\/wp\/v2\/posts\/161434","targetHints":{"allow":["GET"]}}],"collection":[{"href":"https:\/\/www.monblogdefille.com\/blog\/wp-json\/wp\/v2\/posts"}],"about":[{"href":"https:\/\/www.monblogdefille.com\/blog\/wp-json\/wp\/v2\/types\/post"}],"author":[{"embeddable":true,"href":"https:\/\/www.monblogdefille.com\/blog\/wp-json\/wp\/v2\/users\/3"}],"replies":[{"embeddable":true,"href":"https:\/\/www.monblogdefille.com\/blog\/wp-json\/wp\/v2\/comments?post=161434"}],"version-history":[{"count":0,"href":"https:\/\/www.monblogdefille.com\/blog\/wp-json\/wp\/v2\/posts\/161434\/revisions"}],"wp:featuredmedia":[{"embeddable":true,"href":"https:\/\/www.monblogdefille.com\/blog\/wp-json\/wp\/v2\/media\/161435"}],"wp:attachment":[{"href":"https:\/\/www.monblogdefille.com\/blog\/wp-json\/wp\/v2\/media?parent=161434"}],"wp:term":[{"taxonomy":"category","embeddable":true,"href":"https:\/\/www.monblogdefille.com\/blog\/wp-json\/wp\/v2\/categories?post=161434"},{"taxonomy":"post_tag","embeddable":true,"href":"https:\/\/www.monblogdefille.com\/blog\/wp-json\/wp\/v2\/tags?post=161434"}],"curies":[{"name":"wp","href":"https:\/\/api.w.org\/{rel}","templated":true}]}}