{"id":161331,"date":"2017-07-05T09:00:46","date_gmt":"2017-07-05T07:00:46","guid":{"rendered":"http:\/\/www.monblogdefille.com\/blog\/?p=161331"},"modified":"2017-07-10T09:49:05","modified_gmt":"2017-07-10T07:49:05","slug":"rencontre-avec-francois-nars","status":"publish","type":"post","link":"https:\/\/www.monblogdefille.com\/blog\/rencontre-avec-francois-nars\/","title":{"rendered":"Rencontre avec Fran\u00e7ois Nars"},"content":{"rendered":"<p><img loading=\"lazy\" decoding=\"async\" class=\"aligncenter size-full wp-image-161333\" src=\"http:\/\/www.monblogdefille.com\/blog\/wp-content\/uploads\/2017\/07\/francois_nars_tahiti-1.jpg\" alt=\"\" width=\"2000\" height=\"1500\" srcset=\"https:\/\/www.monblogdefille.com\/blog\/wp-content\/uploads\/2017\/07\/francois_nars_tahiti-1.jpg 2000w, https:\/\/www.monblogdefille.com\/blog\/wp-content\/uploads\/2017\/07\/francois_nars_tahiti-1-300x225.jpg 300w, https:\/\/www.monblogdefille.com\/blog\/wp-content\/uploads\/2017\/07\/francois_nars_tahiti-1-768x576.jpg 768w, https:\/\/www.monblogdefille.com\/blog\/wp-content\/uploads\/2017\/07\/francois_nars_tahiti-1-1024x768.jpg 1024w, https:\/\/www.monblogdefille.com\/blog\/wp-content\/uploads\/2017\/07\/francois_nars_tahiti-1-1010x758.jpg 1010w\" sizes=\"auto, (max-width: 2000px) 100vw, 2000px\" \/><\/p>\n<p><em>Il y a deux semaines j\u2019ai eu la chance de rencontrer Fran\u00e7ois Nars, fondateur de la marque du m\u00eame nom.<\/em><br \/>\n<em>J\u2019\u00e9tais un peu impressionn\u00e9e parce que \u00e7a n\u2019est pas n\u2019importe qui, qu\u2019il accepte rarement les interviews et vient peu \u00e0 Paris (il vit \u00e0 New York depuis longtemps).<\/em><br \/>\n<em>Il s\u2019est r\u00e9v\u00e9l\u00e9 tout \u00e0 fait simple et sympa, pas intimidant bien qu\u2019inspirant forc\u00e9ment beaucoup de respect : c\u2019est un grand maquilleur et un grand photographe (c\u2019est lui qui photographie toutes ses campagnes depuis le d\u00e9but), et sa marque, cr\u00e9\u00e9e il y a 23 ans, a toujours le m\u00eame succ\u00e8s.<\/em><\/p>\n<p><strong>Qu\u2019est-ce qui vous a pouss\u00e9 \u00e0 cr\u00e9er votre marque en 1994, avec vos premiers rouges \u00e0 l\u00e8vres ?<\/strong><\/p>\n<p>\u00ab\u00a0Ca n\u2019\u00e9tait absolument pas planifi\u00e9. J\u2019\u00e9tais maquilleur free lance \u00e0 l\u2019\u00e9poque, j\u2019avais donc beaucoup de marques diff\u00e9rentes dans mon kit ; et je me suis dit que \u00e7a pourrait \u00eatre sympa d\u2019avoir des produits qui refl\u00e8tent vraiment ce que j\u2019aime, de ne plus avoir \u00e0 acheter tel produit chez telle marque, tel produit chez telle autre (car aucune marque n\u2019est parfait pour tous les produits).<\/p>\n<p>Je me suis dit que si j\u2019avais ma marque, tout me conviendrait. Et \u00e7a a \u00e9t\u00e9 amusant et cr\u00e9atif, j\u2019ai beaucoup aim\u00e9 ! Et puis quel plaisir pour un maquilleur d\u2019appliquer ses propres produits sur les gens qu\u2019il maquille !<\/p>\n<p>On a commence par les rouges \u00e0 l\u00e8vres pour voir si \u00e7a marchait, et \u00e7a a tout de suite \u00e9t\u00e9 le cas ;- ) Et \u00e7a n\u2019a jamais cess\u00e9 depuis, ce qui est un challenge de tous les jours.\u00a0\u00bb<\/p>\n<p><strong>D\u2019o\u00f9 vient le lien si fort entre le monde de l\u2019art et vous, votre marque (on le retrouve dans vos collaborations, notamment) ?<\/strong><\/p>\n<p>\u00ab\u00a0De mes parents et grands parents. Mes parents avaient beaucoup de livres de photo, et ils adoraient le cinema de tous les pays. Ma grand m\u00e8re aimait \u00e9norm\u00e9ment l\u2019op\u00e9ra, elle \u00e9tait elle-m\u00eame une tr\u00e8s bonne soprano.<\/p>\n<p>Tout \u00e7a m\u2019a ouvert la voie vers le monde de l\u2019art, qui est si important pour moi aujourd\u2019hui. Si j\u2019avais un enfant je l\u2019emm\u00e8nerais dans les mus\u00e9es, c\u2019est fondamental pour moi.\u00a0\u00bb<\/p>\n<p><strong>J\u2019ai achet\u00e9 votre livre \u201cMake up your Mind, Express yourself\u201d quand il est sorti. Vous y affichez une vision diff\u00e9rente de la beaut\u00e9, vos mod\u00e8les ne sont pas des beaut\u00e9s classiques et j\u2019ai beaucoup aim\u00e9 cet aspect. On est loin du formatage esth\u00e9tique v\u00e9hicul\u00e9 par Instagram. Avez-vous un avis l\u00e0-dessus ?<\/strong><\/p>\n<p>\u00ab\u00a0Certaines personnes sur Instagram ont un vrai talent et sont r\u00e9ellement des artistes, je vois passer des choses incroyables et magnifiques.<\/p>\n<p>D\u2019autres envoient des messages trop directifs aux femmes (le contouring \u201cobligatoire\u201d, par exemple), pour moi \u00e7a n\u2019est pas ce qu\u2019on devrait leur dire.<\/p>\n<p>Mais il y a aussi de tr\u00e8s belles choses.\u00a0\u00bb<\/p>\n<p><strong>Avez-vous toujours fait de la photo ? Comment cela a-t-il commenc\u00e9 ?<\/strong><\/p>\n<p>\u00ab\u00a0J\u2019ai toujours ador\u00e9 \u00e7a. Quand j\u2019ai d\u00e9cid\u00e9 d\u2019\u00eatre maquilleur j\u2019aurais tout \u00e0 fait pu choisir la photo, \u00e7a n\u2019est pas tellement \u00e9loign\u00e9\u00a0: d\u2019une fa\u00e7on ou de l\u2019autre, il s\u2019agit de mettre une personne en valeur et de la mettre \u00e0 l\u2019aise.<\/p>\n<p>Et puis \u00e9tant maquilleur pour la mode, j\u2019\u00e9tais tout le temps avec des photographes. Pendant 20 ans j\u2019ai travaill\u00e9 avec certains des meilleurs, et j\u2019ai beaucoup appris en les regardant faire.<\/p>\n<p>En 1994 il a fallu faire le shooting de ma premi\u00e8re collection de maquillage. Nous avions z\u00e9ro budget, et je me suis dit que j\u2019allais le faire moi-m\u00eame. J\u2019ai tout de suite ador\u00e9 \u00e7a.<\/p>\n<p>Ensuite j\u2019ai fait un livre, puis un autre. J\u2019aime \u00e9norm\u00e9ment travailler sur un livre, \u00e7a reste dans le temps bien plus qu\u2019un article de magazine. J\u2019ai aussi fait un livre plus personnel sur Tahiti, au total il m\u2019a pris 12 ans (vu que je ne passe pas ma vie \u00e0 Tahiti\u00a0;- )\u00a0; j\u2019adore faire \u00e7a, pour moi \u00e7a n\u2019est pas du travail\u00a0.\u00a0\u00bb<\/p>\n<p><em>Monsieur Nars a \u00e9t\u00e9 adorable\u00a0: j\u2019aime beaucoup la photo et je m\u2019\u00e9merveillais devant les images de ce livre si \u00e9loign\u00e9es des clich\u00e9s tahitiens habituels, et bien il me l\u2019a offert (c\u2019\u00e9tait le seul exemplaire qu\u2019il avait avec lui). J\u2019\u00e9tais tellement touch\u00e9e\u00a0!<\/em><\/p>\n<p><em>Merci encore Monsieur Nars pour votre temps, votre gentillesse, votre passion immuable, votre go\u00fbt du beau et du partage\u00a0!<\/em><\/p>\n","protected":false},"excerpt":{"rendered":"<p><img loading=\"lazy\" decoding=\"async\" class=\"aligncenter size-full wp-image-161333\" src=\"http:\/\/www.monblogdefille.com\/blog\/wp-content\/uploads\/2017\/07\/francois_nars_tahiti-1.jpg\" alt=\"\" width=\"2000\" height=\"1500\" srcset=\"https:\/\/www.monblogdefille.com\/blog\/wp-content\/uploads\/2017\/07\/francois_nars_tahiti-1.jpg 2000w, https:\/\/www.monblogdefille.com\/blog\/wp-content\/uploads\/2017\/07\/francois_nars_tahiti-1-300x225.jpg 300w, https:\/\/www.monblogdefille.com\/blog\/wp-content\/uploads\/2017\/07\/francois_nars_tahiti-1-768x576.jpg 768w, https:\/\/www.monblogdefille.com\/blog\/wp-content\/uploads\/2017\/07\/francois_nars_tahiti-1-1024x768.jpg 1024w, https:\/\/www.monblogdefille.com\/blog\/wp-content\/uploads\/2017\/07\/francois_nars_tahiti-1-1010x758.jpg 1010w\" sizes=\"auto, (max-width: 2000px) 100vw, 2000px\" \/><\/p>\n","protected":false},"author":3,"featured_media":161333,"comment_status":"open","ping_status":"open","sticky":false,"template":"","format":"standard","meta":{"footnotes":""},"categories":[1485],"tags":[20142],"class_list":["post-161331","post","type-post","status-publish","format-standard","has-post-thumbnail","hentry","category-le-maquillage","tag-nars"],"_links":{"self":[{"href":"https:\/\/www.monblogdefille.com\/blog\/wp-json\/wp\/v2\/posts\/161331","targetHints":{"allow":["GET"]}}],"collection":[{"href":"https:\/\/www.monblogdefille.com\/blog\/wp-json\/wp\/v2\/posts"}],"about":[{"href":"https:\/\/www.monblogdefille.com\/blog\/wp-json\/wp\/v2\/types\/post"}],"author":[{"embeddable":true,"href":"https:\/\/www.monblogdefille.com\/blog\/wp-json\/wp\/v2\/users\/3"}],"replies":[{"embeddable":true,"href":"https:\/\/www.monblogdefille.com\/blog\/wp-json\/wp\/v2\/comments?post=161331"}],"version-history":[{"count":0,"href":"https:\/\/www.monblogdefille.com\/blog\/wp-json\/wp\/v2\/posts\/161331\/revisions"}],"wp:featuredmedia":[{"embeddable":true,"href":"https:\/\/www.monblogdefille.com\/blog\/wp-json\/wp\/v2\/media\/161333"}],"wp:attachment":[{"href":"https:\/\/www.monblogdefille.com\/blog\/wp-json\/wp\/v2\/media?parent=161331"}],"wp:term":[{"taxonomy":"category","embeddable":true,"href":"https:\/\/www.monblogdefille.com\/blog\/wp-json\/wp\/v2\/categories?post=161331"},{"taxonomy":"post_tag","embeddable":true,"href":"https:\/\/www.monblogdefille.com\/blog\/wp-json\/wp\/v2\/tags?post=161331"}],"curies":[{"name":"wp","href":"https:\/\/api.w.org\/{rel}","templated":true}]}}