{"id":160635,"date":"2017-01-23T09:00:52","date_gmt":"2017-01-23T08:00:52","guid":{"rendered":"http:\/\/www.monblogdefille.com\/blog\/?p=160635"},"modified":"2017-09-27T10:44:23","modified_gmt":"2017-09-27T08:44:23","slug":"vous-partez-au-ski-chouchoutez-votre-peau-et-noubliez-surtout-pas-vos-solaires","status":"publish","type":"post","link":"https:\/\/www.monblogdefille.com\/blog\/vous-partez-au-ski-chouchoutez-votre-peau-et-noubliez-surtout-pas-vos-solaires\/","title":{"rendered":"Vous partez au ski ? Chouchoutez votre peau et n\u2019oubliez surtout pas vos solaires !"},"content":{"rendered":"<p style=\"text-align: center;\"><img loading=\"lazy\" decoding=\"async\" class=\"aligncenter size-full wp-image-160636\" src=\"http:\/\/www.monblogdefille.com\/blog\/wp-content\/uploads\/2017\/01\/avene_montagne_neige.jpg\" alt=\"\" width=\"2000\" height=\"2058\" srcset=\"https:\/\/www.monblogdefille.com\/blog\/wp-content\/uploads\/2017\/01\/avene_montagne_neige.jpg 2000w, https:\/\/www.monblogdefille.com\/blog\/wp-content\/uploads\/2017\/01\/avene_montagne_neige-292x300.jpg 292w, https:\/\/www.monblogdefille.com\/blog\/wp-content\/uploads\/2017\/01\/avene_montagne_neige-768x790.jpg 768w, https:\/\/www.monblogdefille.com\/blog\/wp-content\/uploads\/2017\/01\/avene_montagne_neige-995x1024.jpg 995w, https:\/\/www.monblogdefille.com\/blog\/wp-content\/uploads\/2017\/01\/avene_montagne_neige-1010x1039.jpg 1010w\" sizes=\"auto, (max-width: 2000px) 100vw, 2000px\" \/> <em>(photos Pierre Fabre)<\/em><\/p>\n<p>C\u2019est-\u00e0-dire que si vous partez en montagne sans prot\u00e9ger votre peau, moi je rends mon tablier\u00a0;-)<\/p>\n<p>Les UV sont plus intenses en altitude, et en plus il faut compter avec la r\u00e9verb\u00e9ration sur la neige. Bref, c\u2019est presque pire qu\u2019\u00e0 la plage, pas question de partir sans des produits adapt\u00e9s.<\/p>\n<p>Pour vous faire une bonne routine du matin au soir, voici ce qu\u2019on vous sugg\u00e8re, Av\u00e8ne et moi\u00a0:<\/p>\n<p><img loading=\"lazy\" decoding=\"async\" class=\"aligncenter size-full wp-image-160637\" src=\"http:\/\/www.monblogdefille.com\/blog\/wp-content\/uploads\/2017\/01\/avene_produits_neige.jpg\" alt=\"\" width=\"1400\" height=\"464\" srcset=\"https:\/\/www.monblogdefille.com\/blog\/wp-content\/uploads\/2017\/01\/avene_produits_neige.jpg 1400w, https:\/\/www.monblogdefille.com\/blog\/wp-content\/uploads\/2017\/01\/avene_produits_neige-300x99.jpg 300w, https:\/\/www.monblogdefille.com\/blog\/wp-content\/uploads\/2017\/01\/avene_produits_neige-768x255.jpg 768w, https:\/\/www.monblogdefille.com\/blog\/wp-content\/uploads\/2017\/01\/avene_produits_neige-1024x339.jpg 1024w, https:\/\/www.monblogdefille.com\/blog\/wp-content\/uploads\/2017\/01\/avene_produits_neige-1010x335.jpg 1010w\" sizes=\"auto, (max-width: 1400px) 100vw, 1400px\" \/><\/p>\n<p>&#8211; Evidemment hydratez et nourrissez bien votre peau le matin, avec une cr\u00e8me plus costaud que celle que vous portez en ville (le <a href=\"http:\/\/www.eau-thermale-avene.fr\/visage\/soins-specifiques\/cold-cream-nutrition-protection-mains-levres\/cold-cream-creme\" target=\"_blank\" rel=\"noopener\"><strong>Cold Cream<\/strong><\/a> est parfait pour ces conditions climatiques).<\/p>\n<p>&#8211; Appliquez votre <a href=\"http:\/\/www.eau-thermale-avene.fr\/solaire\" target=\"_blank\" rel=\"noopener\"><strong>produit solaire<\/strong><\/a> avant de sortir. Il faut un peu de temps (environ 20 minutes) pour que le produit \u00ab\u00a0s\u2019installe\u00a0\u00bb sur la peau, donc \u00e9vitez de le faire quand vous \u00eates d\u00e9j\u00e0 au soleil (ou pas, rappelez-vous que les UV traversent les nuages sans aucun probl\u00e8me).<\/p>\n<p>&#8211; Vous le savez, il faut r\u00e9appliquer votre solaire toutes les deux heures, car apr\u00e8s ce temps les filtres sont d\u00e9grad\u00e9s par l\u2019exposition aux UV. Faites-le, vraiment. En plus avec le <a href=\"http:\/\/www.eau-thermale-avene.fr\/solaire\/protection-solaire\/peaux-sensibles-sensitive-protection\/reflexe-solaire-spf-50\" target=\"_blank\" rel=\"noopener\"><strong>R\u00e9flexe Solaire<\/strong><\/a> et le <a href=\"http:\/\/www.eau-thermale-avene.fr\/solaire\/protection-solaire\/peaux-sensibles-sensitive-protection\/stick-zones-sensibles-spf-50\" target=\"_blank\" rel=\"noopener\"><strong>Stick Solaire<\/strong><\/a> c\u2019est vraiment facile, vous n\u2019avez pas d\u2019excuse\u00a0pour y couper ;-)<\/p>\n<p>&#8211; Le soir en rentrant, nettoyez soigneusement votre peau car les filtres solaires sont faits pour rester en place le plus longtemps possible, or personne ne veut dormir avec. Choisissez un produit tr\u00e8s doux, comme le <a href=\"http:\/\/www.eau-thermale-avene.fr\/visage\/soins-quotidiens\/tolerance-extreme-peaux-sensibles-a-hypersensibles\/tolerance-extreme-lait\" target=\"_blank\" rel=\"noopener\"><strong>Lait Nettoyant Tol\u00e9rance Extr\u00eame<\/strong><\/a>, qui a l\u2019avantage de pouvoir servir \u00e0 toute la famille.<\/p>\n<p>&#8211; Si vous sentez que votre peau est irrit\u00e9e par le froid et le vent (et le soleil malgr\u00e9 toutes vos pr\u00e9cautions), apaisez-la avec de <a href=\"http:\/\/www.eau-thermale-avene.fr\/eau-thermale\/spray-deau-thermale-avene\" target=\"_blank\" rel=\"noopener\"><strong>l\u2019eau thermale d\u2019Av\u00e8ne<\/strong><\/a> et un <a href=\"http:\/\/www.eau-thermale-avene.fr\/visage\/soins-quotidiens\/soins-du-visage\/masque-apaisant-hydratant\" target=\"_blank\" rel=\"noopener\"><strong>Masque apaisant hydratant<\/strong><\/a> (vous pouvez appliquer le masque sur votre peau tout de suite apr\u00e8s l\u2019eau thermale, sans attendre qu\u2019elle s\u00e8che).<\/p>\n<p>&#8211; Et avant de dormir, n\u2019oubliez pas d\u2019utiliser un soin riche et r\u00e9confortant comme la <a href=\"http:\/\/www.eau-thermale-avene.fr\/visage\/soins-quotidiens\/soins-du-visage\/creme-nutritive-compensatrice-riche\" target=\"_blank\" rel=\"noopener\"><strong>Cr\u00e8me Nutritive Compensatrice en version riche<\/strong><\/a> (une de mes cr\u00e8mes pr\u00e9f\u00e9r\u00e9es pour l\u2019hiver), qui aidera votre peau \u00e0 se r\u00e9g\u00e9n\u00e9rer et se r\u00e9parer pendant la nuit.<\/p>\n<p>Voil\u00e0, il ne vous manque plus que vos skis\u00a0;-)<\/p>\n<p>\u2026 et sur la <a href=\"http:\/\/www.eau-thermale-avene.fr\/solaire-routine-sportshiver\" target=\"_blank\" rel=\"noopener\"><strong>page d\u00e9di\u00e9e d\u2019Av\u00e8ne<\/strong><\/a>, vous pouvez jusqu\u2019au <strong>31 janvier<\/strong> gagner un <strong>beauty bag<\/strong> pour partir au ski\u00a0; allez vite voir\u00a0!<\/p>\n<p><em>Article r\u00e9alis\u00e9 dans le cadre de mon partenariat avec Av\u00e8ne<\/em><\/p>\n","protected":false},"excerpt":{"rendered":"<p style=\"text-align: center;\"><img loading=\"lazy\" decoding=\"async\" class=\"aligncenter size-full wp-image-160636\" src=\"http:\/\/www.monblogdefille.com\/blog\/wp-content\/uploads\/2017\/01\/avene_montagne_neige.jpg\" alt=\"\" width=\"2000\" height=\"2058\" srcset=\"https:\/\/www.monblogdefille.com\/blog\/wp-content\/uploads\/2017\/01\/avene_montagne_neige.jpg 2000w, https:\/\/www.monblogdefille.com\/blog\/wp-content\/uploads\/2017\/01\/avene_montagne_neige-292x300.jpg 292w, https:\/\/www.monblogdefille.com\/blog\/wp-content\/uploads\/2017\/01\/avene_montagne_neige-768x790.jpg 768w, https:\/\/www.monblogdefille.com\/blog\/wp-content\/uploads\/2017\/01\/avene_montagne_neige-995x1024.jpg 995w, https:\/\/www.monblogdefille.com\/blog\/wp-content\/uploads\/2017\/01\/avene_montagne_neige-1010x1039.jpg 1010w\" sizes=\"auto, (max-width: 2000px) 100vw, 2000px\" \/><\/p>\n","protected":false},"author":3,"featured_media":160636,"comment_status":"open","ping_status":"open","sticky":false,"template":"","format":"standard","meta":{"footnotes":""},"categories":[1489],"tags":[19995,20089,19961],"class_list":["post-160635","post","type-post","status-publish","format-standard","has-post-thumbnail","hentry","category-le-soin","tag-avene","tag-hydratation","tag-soleil"],"_links":{"self":[{"href":"https:\/\/www.monblogdefille.com\/blog\/wp-json\/wp\/v2\/posts\/160635","targetHints":{"allow":["GET"]}}],"collection":[{"href":"https:\/\/www.monblogdefille.com\/blog\/wp-json\/wp\/v2\/posts"}],"about":[{"href":"https:\/\/www.monblogdefille.com\/blog\/wp-json\/wp\/v2\/types\/post"}],"author":[{"embeddable":true,"href":"https:\/\/www.monblogdefille.com\/blog\/wp-json\/wp\/v2\/users\/3"}],"replies":[{"embeddable":true,"href":"https:\/\/www.monblogdefille.com\/blog\/wp-json\/wp\/v2\/comments?post=160635"}],"version-history":[{"count":0,"href":"https:\/\/www.monblogdefille.com\/blog\/wp-json\/wp\/v2\/posts\/160635\/revisions"}],"wp:featuredmedia":[{"embeddable":true,"href":"https:\/\/www.monblogdefille.com\/blog\/wp-json\/wp\/v2\/media\/160636"}],"wp:attachment":[{"href":"https:\/\/www.monblogdefille.com\/blog\/wp-json\/wp\/v2\/media?parent=160635"}],"wp:term":[{"taxonomy":"category","embeddable":true,"href":"https:\/\/www.monblogdefille.com\/blog\/wp-json\/wp\/v2\/categories?post=160635"},{"taxonomy":"post_tag","embeddable":true,"href":"https:\/\/www.monblogdefille.com\/blog\/wp-json\/wp\/v2\/tags?post=160635"}],"curies":[{"name":"wp","href":"https:\/\/api.w.org\/{rel}","templated":true}]}}