{"id":160626,"date":"2017-01-20T09:00:52","date_gmt":"2017-01-20T08:00:52","guid":{"rendered":"http:\/\/www.monblogdefille.com\/blog\/?p=160626"},"modified":"2017-01-24T10:31:23","modified_gmt":"2017-01-24T09:31:23","slug":"ma-semaine-sur-you-tube-115","status":"publish","type":"post","link":"https:\/\/www.monblogdefille.com\/blog\/ma-semaine-sur-you-tube-115\/","title":{"rendered":"Ma semaine sur You Tube [115]"},"content":{"rendered":"<p>Je n\u2019ai pas regard\u00e9 les autres vid\u00e9os sur ce mod\u00e8le, mais j\u2019aime beaucoup celle de Fleur et Mike (les commentaires de Mike sont hilarants, surtout quand il s\u2019agit de liner ou de crayon pour les yeux ;-))<\/p>\n<p><iframe loading=\"lazy\" frameborder=\"0\" height=\"563\" src=\"https:\/\/www.youtube.com\/embed\/-XEgZj7ZclA\" width=\"1000\"><\/iframe><\/p>\n<p>Tr\u00e8s belle discussion entre Jeffree et Nikita, j\u2019aime ces gens qui ne rentrent pas dans les cases (et je serais bien incapable de me maquiller dans une voiture en mouvement ;-) :<\/p>\n<p><iframe loading=\"lazy\" frameborder=\"0\" height=\"563\" src=\"https:\/\/www.youtube.com\/embed\/E2bURCvhoVg\" width=\"1000\"><\/iframe><\/p>\n<p>Ca me fait plaisir de te retrouver, Ingrid !<\/p>\n<p><iframe loading=\"lazy\" frameborder=\"0\" height=\"563\" src=\"https:\/\/www.youtube.com\/embed\/7hZTLU5WHXg\" width=\"1000\"><\/iframe><\/p>\n<p>Pile ce qu\u2019il nous faut en ce moment (avec plein de bons conseils comme toujours), merci Nic !<\/p>\n<p><iframe loading=\"lazy\" frameborder=\"0\" height=\"563\" src=\"https:\/\/www.youtube.com\/embed\/unilHJKb_0o\" width=\"1000\"><\/iframe><\/p>\n<p>\u00ab you can fit in the kitchen sink \u00bb ;-))) J\u2019aime bien les vid\u00e9os collections de sacs (quand elles sont sobres comme Anna le fait si bien \u2013 seulement 4 sacs, respect), \u00e0 chaque fois \u00e7a me donne envie de me pr\u00e9cipiter sur des sacs de luxe (mais les rares fois o\u00f9 je l\u2019ai fait je les ai retourn\u00e9s parce que je ne m\u2019y retrouvais pas du tout) :<\/p>\n<p><iframe loading=\"lazy\" frameborder=\"0\" height=\"563\" src=\"https:\/\/www.youtube.com\/embed\/gRW0hdnVgq0\" width=\"1000\"><\/iframe><\/p>\n","protected":false},"excerpt":{"rendered":"<p><img loading=\"lazy\" decoding=\"async\" class=\"aligncenter size-full wp-image-158546\" src=\"http:\/\/www.monblogdefille.com\/blog\/wp-content\/uploads\/2016\/03\/ma_semaine_sur_youtube.jpg\" alt=\"ma_semaine_sur_youtube\" width=\"700\" height=\"335\" srcset=\"https:\/\/www.monblogdefille.com\/blog\/wp-content\/uploads\/2016\/03\/ma_semaine_sur_youtube.jpg 700w, https:\/\/www.monblogdefille.com\/blog\/wp-content\/uploads\/2016\/03\/ma_semaine_sur_youtube-300x144.jpg 300w\" sizes=\"auto, (max-width: 700px) 100vw, 700px\" \/><\/p>\n","protected":false},"author":3,"featured_media":158546,"comment_status":"open","ping_status":"open","sticky":false,"template":"","format":"standard","meta":{"footnotes":""},"categories":[1485],"tags":[20190],"class_list":["post-160626","post","type-post","status-publish","format-standard","has-post-thumbnail","hentry","category-le-maquillage","tag-you-tube"],"_links":{"self":[{"href":"https:\/\/www.monblogdefille.com\/blog\/wp-json\/wp\/v2\/posts\/160626","targetHints":{"allow":["GET"]}}],"collection":[{"href":"https:\/\/www.monblogdefille.com\/blog\/wp-json\/wp\/v2\/posts"}],"about":[{"href":"https:\/\/www.monblogdefille.com\/blog\/wp-json\/wp\/v2\/types\/post"}],"author":[{"embeddable":true,"href":"https:\/\/www.monblogdefille.com\/blog\/wp-json\/wp\/v2\/users\/3"}],"replies":[{"embeddable":true,"href":"https:\/\/www.monblogdefille.com\/blog\/wp-json\/wp\/v2\/comments?post=160626"}],"version-history":[{"count":0,"href":"https:\/\/www.monblogdefille.com\/blog\/wp-json\/wp\/v2\/posts\/160626\/revisions"}],"wp:featuredmedia":[{"embeddable":true,"href":"https:\/\/www.monblogdefille.com\/blog\/wp-json\/wp\/v2\/media\/158546"}],"wp:attachment":[{"href":"https:\/\/www.monblogdefille.com\/blog\/wp-json\/wp\/v2\/media?parent=160626"}],"wp:term":[{"taxonomy":"category","embeddable":true,"href":"https:\/\/www.monblogdefille.com\/blog\/wp-json\/wp\/v2\/categories?post=160626"},{"taxonomy":"post_tag","embeddable":true,"href":"https:\/\/www.monblogdefille.com\/blog\/wp-json\/wp\/v2\/tags?post=160626"}],"curies":[{"name":"wp","href":"https:\/\/api.w.org\/{rel}","templated":true}]}}