{"id":160570,"date":"2017-01-13T09:00:29","date_gmt":"2017-01-13T08:00:29","guid":{"rendered":"http:\/\/www.monblogdefille.com\/blog\/?p=160570"},"modified":"2017-01-20T17:13:32","modified_gmt":"2017-01-20T16:13:32","slug":"des-pistes-sur-la-deshydratation-du-contour-doeil","status":"publish","type":"post","link":"https:\/\/www.monblogdefille.com\/blog\/des-pistes-sur-la-deshydratation-du-contour-doeil\/","title":{"rendered":"Des pistes sur la d\u00e9shydratation du contour d\u2019oeil"},"content":{"rendered":"<p><img loading=\"lazy\" decoding=\"async\" class=\"aligncenter size-full wp-image-160574\" src=\"http:\/\/www.monblogdefille.com\/blog\/wp-content\/uploads\/2017\/01\/deshydratation_contour_oeil_darphin.jpg\" alt=\"\" width=\"2000\" height=\"2000\" srcset=\"https:\/\/www.monblogdefille.com\/blog\/wp-content\/uploads\/2017\/01\/deshydratation_contour_oeil_darphin.jpg 2000w, https:\/\/www.monblogdefille.com\/blog\/wp-content\/uploads\/2017\/01\/deshydratation_contour_oeil_darphin-300x300.jpg 300w, https:\/\/www.monblogdefille.com\/blog\/wp-content\/uploads\/2017\/01\/deshydratation_contour_oeil_darphin-768x768.jpg 768w, https:\/\/www.monblogdefille.com\/blog\/wp-content\/uploads\/2017\/01\/deshydratation_contour_oeil_darphin-1024x1024.jpg 1024w, https:\/\/www.monblogdefille.com\/blog\/wp-content\/uploads\/2017\/01\/deshydratation_contour_oeil_darphin-1010x1010.jpg 1010w, https:\/\/www.monblogdefille.com\/blog\/wp-content\/uploads\/2017\/01\/deshydratation_contour_oeil_darphin-640x640.jpg 640w\" sizes=\"auto, (max-width: 2000px) 100vw, 2000px\" \/><\/p>\n<p>Avant-hier je suis all\u00e9e faire un soin du visage \u00e0 l\u2019<strong><a href=\"http:\/\/www.darphin.fr\/about\/institute.tmpl\" target=\"_blank\" rel=\"noopener\">Institut Darphin<\/a><\/strong> et Ga\u00eblle, la jeune femme qui s\u2019occupe de moi, a trouv\u00e9 que ma peau \u00e9tait bien mais que mon contour d\u2019oeil \u00e9tait hyper d\u00e9shydrat\u00e9 (<em>beaucoup trop<\/em>, selon ses propres mots).<\/p>\n<p>Et pourtant vous avez vu <a href=\"http:\/\/www.monblogdefille.com\/blog\/il-fait-froid-je-mets-quoi-sur-ma-peau\" target=\"_blank\"><strong>tout ce que je fais<\/strong><\/a> (ouiii, je bois aussi beaucoup d\u2019eau).<\/p>\n<p>Ga\u00eblle m\u2019a donn\u00e9 des pistes sur les possibles raisons d\u2019une telle d\u00e9shydratation :<\/p>\n<p>&#8211; beaucoup trop de temps pass\u00e9 devant les <strong>\u00e9crans<\/strong> en tout genre (ordinateur, t\u00e9l\u00e9phone, tablette) : on cligne 4 fois plus des yeux devant un \u00e9cran qu\u2019en temps normal, \u00e7a fait bien plus travailler la peau et \u00e7a peut jouer \u00e0 la longue sur sa d\u00e9shydratation <em>[rectif des ophtalmos ici pr\u00e9sentes : c&rsquo;est 4 fois moins et \u00e7a ass\u00e8che l&rsquo;int\u00e9rieur de l&rsquo;oeil]<\/em>.<\/p>\n<p>&#8211; mauvais <strong>sommeil<\/strong> pas r\u00e9parateur (je me r\u00e9veille dans la nuit, parfois plusieurs fois, parfois je ne me rendors pas\u2026 notez bien que je ne demande pas ici de conseils pour mieux dormir, je vous expose uniquement ce qui participe \u00e0 d\u00e9shydrater mon contour d\u2019oeil ;-), donc la peau n\u2019a pas le temps de se r\u00e9g\u00e9n\u00e9rer.<\/p>\n<p>&#8211; et j\u2019ai une piste suppl\u00e9mentaire, qui est celle de mon <strong>anti cernes<\/strong> : OK le Tarte est d\u00e9mentiel, mais il est dess\u00e9chant \u2013 c\u2019est pr\u00e9cis\u00e9ment pour \u00e7a qu\u2019il n\u2019a pas du tout besoin d\u2019\u00eatre poudr\u00e9. Il est possible que \u00e7a joue aussi.<\/p>\n<p>La <strong>solution<\/strong> qu\u2019elle m\u2019a propos\u00e9 est de faire des masques de nuit pour le contour d\u2019oeil (comme on fait pour le reste du visage, en fait, avec des produits adapt\u00e9s). Elle m\u2019a dit que chez <strong>Est\u00e9e Lauder<\/strong>, le <a href=\"http:\/\/bit.ly\/2jywQ9o\" target=\"_blank\" rel=\"noopener\"><strong>Baume regard<\/strong> <strong>Revitalizing Supreme<\/strong><\/a> \u00e9tait parfait pour \u00e7a.<\/p>\n<p>Je lui ai demand\u00e9 s\u2019il n\u2019y avait pas un produit adapt\u00e9 \u00e0 cet usage chez Darphin, mais d\u2019apr\u00e8s elle non. Apr\u00e8s on peut s\u00fbrement en trouver dans d\u2019autres marques, moins ch\u00e8res. Mais pour le moment c\u2019est tout ce que j\u2019ai sous la main ;-) (si quelqu\u2019un va au Dermacenter bient\u00f4t \u00e7a vaut le coup de leur demander s\u2019ils ont des id\u00e9es).<\/p>\n<p>Coup de bol j\u2019avais un pot de Baume Revitalizing Supreme chez moi, et <strong>j&rsquo;ai essay\u00e9 hier soir<\/strong> : j&rsquo;en ai mis couche \u00e9paisse sur la zone un bon moment (au moins 1 heure) avant d\u2019aller dormir, j&rsquo;ai laiss\u00e9 p\u00e9n\u00e9trer en massant un peu de temps en temps (\u00e7a p\u00e9n\u00e8tre tr\u00e8s bien, c&rsquo;est une texture plus cr\u00e8me que baume) et j&rsquo;ai dormi avec. Ce matin au r\u00e9veil je n&rsquo;avais absolument pas les yeux gonfl\u00e9s, ce qui est un bon d\u00e9but. Je n&rsquo;ai pas perdu 10 ans dans la nuit mais j&rsquo;imagine que pour \u00e7a, il faut plus d&rsquo;une fois ;-) Je vais continuer r\u00e9guli\u00e8rement et vous tiendrai au courant.<\/p>\n<p>Et si vous, vous avez des pistes de masques contour d&rsquo;oeil de nuit qui marchent, surtout n&rsquo;h\u00e9sitez pas \u00e0 les partager !<\/p>\n<p><strong>Edit du samedi 14<\/strong> (le lendemain, donc) : j&rsquo;ai refait ce masque hier soir et dormi avec, ce matin au r\u00e9veil mes yeux n&rsquo;\u00e9taient toujours pas gonfl\u00e9s, par contre ils \u00e9taient frip\u00e9s, ce qui n&rsquo;est pas le cas habituellement. Je ne vais donc pas continuer le masque de nuit avec ce produit (apr\u00e8s si \u00e7a se trouve sur d&rsquo;autres \u00e7a marche tr\u00e8s bien hein, mais visiblement \u00e7a n&rsquo;est pas l&rsquo;id\u00e9al sur moi).<\/p>\n","protected":false},"excerpt":{"rendered":"<p><img loading=\"lazy\" decoding=\"async\" class=\"aligncenter size-full wp-image-160574\" src=\"http:\/\/www.monblogdefille.com\/blog\/wp-content\/uploads\/2017\/01\/deshydratation_contour_oeil_darphin.jpg\" alt=\"\" width=\"2000\" height=\"2000\" srcset=\"https:\/\/www.monblogdefille.com\/blog\/wp-content\/uploads\/2017\/01\/deshydratation_contour_oeil_darphin.jpg 2000w, https:\/\/www.monblogdefille.com\/blog\/wp-content\/uploads\/2017\/01\/deshydratation_contour_oeil_darphin-300x300.jpg 300w, https:\/\/www.monblogdefille.com\/blog\/wp-content\/uploads\/2017\/01\/deshydratation_contour_oeil_darphin-768x768.jpg 768w, https:\/\/www.monblogdefille.com\/blog\/wp-content\/uploads\/2017\/01\/deshydratation_contour_oeil_darphin-1024x1024.jpg 1024w, https:\/\/www.monblogdefille.com\/blog\/wp-content\/uploads\/2017\/01\/deshydratation_contour_oeil_darphin-1010x1010.jpg 1010w, https:\/\/www.monblogdefille.com\/blog\/wp-content\/uploads\/2017\/01\/deshydratation_contour_oeil_darphin-640x640.jpg 640w\" sizes=\"auto, (max-width: 2000px) 100vw, 2000px\" \/><\/p>\n","protected":false},"author":3,"featured_media":160574,"comment_status":"open","ping_status":"open","sticky":false,"template":"","format":"standard","meta":{"footnotes":""},"categories":[1489],"tags":[19989,20188,20196,20089],"class_list":["post-160570","post","type-post","status-publish","format-standard","has-post-thumbnail","hentry","category-le-soin","tag-contour-des-yeux","tag-darphin","tag-estee-lauder","tag-hydratation"],"_links":{"self":[{"href":"https:\/\/www.monblogdefille.com\/blog\/wp-json\/wp\/v2\/posts\/160570","targetHints":{"allow":["GET"]}}],"collection":[{"href":"https:\/\/www.monblogdefille.com\/blog\/wp-json\/wp\/v2\/posts"}],"about":[{"href":"https:\/\/www.monblogdefille.com\/blog\/wp-json\/wp\/v2\/types\/post"}],"author":[{"embeddable":true,"href":"https:\/\/www.monblogdefille.com\/blog\/wp-json\/wp\/v2\/users\/3"}],"replies":[{"embeddable":true,"href":"https:\/\/www.monblogdefille.com\/blog\/wp-json\/wp\/v2\/comments?post=160570"}],"version-history":[{"count":0,"href":"https:\/\/www.monblogdefille.com\/blog\/wp-json\/wp\/v2\/posts\/160570\/revisions"}],"wp:featuredmedia":[{"embeddable":true,"href":"https:\/\/www.monblogdefille.com\/blog\/wp-json\/wp\/v2\/media\/160574"}],"wp:attachment":[{"href":"https:\/\/www.monblogdefille.com\/blog\/wp-json\/wp\/v2\/media?parent=160570"}],"wp:term":[{"taxonomy":"category","embeddable":true,"href":"https:\/\/www.monblogdefille.com\/blog\/wp-json\/wp\/v2\/categories?post=160570"},{"taxonomy":"post_tag","embeddable":true,"href":"https:\/\/www.monblogdefille.com\/blog\/wp-json\/wp\/v2\/tags?post=160570"}],"curies":[{"name":"wp","href":"https:\/\/api.w.org\/{rel}","templated":true}]}}