{"id":160338,"date":"2016-12-16T09:00:34","date_gmt":"2016-12-16T08:00:34","guid":{"rendered":"http:\/\/www.monblogdefille.com\/blog\/?p=160338"},"modified":"2017-09-27T10:45:05","modified_gmt":"2017-09-27T08:45:05","slug":"avene-cold-cream-25-ans-de-lutte-contre-le-froid","status":"publish","type":"post","link":"https:\/\/www.monblogdefille.com\/blog\/avene-cold-cream-25-ans-de-lutte-contre-le-froid\/","title":{"rendered":"Av\u00e8ne Cold Cream, 25 ans de lutte contre le froid"},"content":{"rendered":"<p><img loading=\"lazy\" decoding=\"async\" class=\"aligncenter size-full wp-image-160340\" src=\"http:\/\/www.monblogdefille.com\/blog\/wp-content\/uploads\/2016\/12\/avene_cold_cream_2000.jpg\" alt=\"avene_cold_cream_2000\" width=\"2000\" height=\"1556\" srcset=\"https:\/\/www.monblogdefille.com\/blog\/wp-content\/uploads\/2016\/12\/avene_cold_cream_2000.jpg 2000w, https:\/\/www.monblogdefille.com\/blog\/wp-content\/uploads\/2016\/12\/avene_cold_cream_2000-300x233.jpg 300w, https:\/\/www.monblogdefille.com\/blog\/wp-content\/uploads\/2016\/12\/avene_cold_cream_2000-768x598.jpg 768w, https:\/\/www.monblogdefille.com\/blog\/wp-content\/uploads\/2016\/12\/avene_cold_cream_2000-1024x797.jpg 1024w, https:\/\/www.monblogdefille.com\/blog\/wp-content\/uploads\/2016\/12\/avene_cold_cream_2000-1010x786.jpg 1010w\" sizes=\"auto, (max-width: 2000px) 100vw, 2000px\" \/><\/p>\n<p>D\u00e9j\u00e0 25 ans\u00a0! Et en fait \u00e7a remonte \u00e0 beaucoup (beaucoup) plus loin\u00a0: le premier cold cream \u00e9tait le <em>C\u00e9rat de Galien<\/em> cr\u00e9\u00e9 par le m\u00e9decin grec Claude Galien dans l\u2019Antiquit\u00e9, en m\u00e9langeant de la cire d\u2019abeille, de l\u2019huile d\u2019amande douce et de l\u2019eau de rose. On avait trouv\u00e9 \u00e0 l\u2019\u00e9poque que cette formule rafra\u00eechissait la peau et on l\u2019avait appel\u00e9e <em>Ceratum Refrigerans<\/em>, ce qui a \u00e9t\u00e9 traduit ensuite par <em>Cold Cream<\/em>.<\/p>\n<p>Chez Av\u00e8ne on a remplac\u00e9 l\u2019eau de rose par de l\u2019eau d\u2019Av\u00e8ne apaisante et anti-irritante. Le Cold Cream est excellent pour lutter contre les agressions climatiques, il cr\u00e9e une barri\u00e8re protectrice extr\u00eamement douce (et tenace), il nourrit et hydrate durablement, et r\u00e9siste au froid.<\/p>\n<p>La gamme a \u00e9t\u00e9 revisit\u00e9e r\u00e9cemment, les <strong>produits corps<\/strong> (douche et cr\u00e8me) ont \u00e9t\u00e9 remplac\u00e9s par ceux de <strong>Trix\u00e9ra Nutrition<\/strong>, largement aussi nourrissants et apaisants de surcro\u00eet. Le fameux parfum d\u00e9licieux du Cold Cream Av\u00e8ne a \u00e9t\u00e9 conserv\u00e9 dans le <a href=\"http:\/\/www.eau-thermale-avene.fr\/corps\/soins-quotidiens\/trixera-nutrition-peaux-seches\/trixera-nutrition-lait-nutri-fluide\" target=\"_blank\" rel=\"noopener\"><strong>Lait Trix\u00e9ra Nutrition<\/strong><\/a>, le Baume \u00e9tant formul\u00e9 sans parfum pour les peaux les plus sensibles.<\/p>\n<p>La <a href=\"http:\/\/www.eau-thermale-avene.fr\/corps\/soins-specifiques\/cold-cream-nutrition-protection-mains-levres\/cold-cream-creme-mains\" target=\"_blank\" rel=\"noopener\"><strong>Cr\u00e8me mains<\/strong> <strong>au Cold Cream<\/strong><\/a> est toujours l\u00e0, elle a \u00e9t\u00e9 enrichie\/concentr\u00e9e r\u00e9cemment et je la trouve encore plus nourrissante que la pr\u00e9c\u00e9dente (et puis cette odeur ! J\u2019adore l\u2019odeur du Cold Cream Av\u00e8ne\u00a0!).<\/p>\n<p>Le <a href=\"http:\/\/www.eau-thermale-avene.fr\/visage\/soins-specifiques\/cold-cream-nutrition-protection-mains-levres\/cold-cream-stick-levres\" target=\"_blank\" rel=\"noopener\"><strong>Stick L\u00e8vres au Cold Cream<\/strong><\/a> est toujours l\u00e0 aussi, tout comme le <a href=\"http:\/\/www.eau-thermale-avene.fr\/visage\/soins-specifiques\/cold-cream-nutrition-protection-mains-levres\/cold-cream-baume-levres\" target=\"_blank\" rel=\"noopener\"><strong>Baume l\u00e8vres<\/strong><\/a> de la gamme, une cr\u00e8me en tube que certains trouvent m\u00eame plus efficace que le stick.<\/p>\n<p>Et bien s\u00fbr la star de la gamme, la <a href=\"http:\/\/www.eau-thermale-avene.fr\/visage\/soins-specifiques\/cold-cream-nutrition-protection-mains-levres\/cold-cream-creme\" target=\"_blank\" rel=\"noopener\"><strong>Cr\u00e8me Cold Cream<\/strong><\/a> elle-m\u00eame. Elle peut servir \u00e0 tout\u00a0: en masque visage apr\u00e8s une journ\u00e9e dans le froid ou le vent\u00a0; en renforcement d\u2019une cr\u00e8me de jour ou de nuit (on y m\u00e9lange un peu de Cold Cream pour l\u2019enrichir), en masque de nuit sur des mains tr\u00e8s dess\u00e9ch\u00e9es dans des gants en coton \u2013 notez que cette astuce fonctionne bien s\u00fbr aussi avec la Cr\u00e8me pour les mains.<br \/>\nEt le tube a \u00e9t\u00e9 r\u00e9nov\u00e9, il a maintenant une texture souple et ne risque plus de se percer\u00a0\u00e0 l\u2019usage.<\/p>\n<p>Sur la photo de ce d\u00e9licieux plateau d\u2019hiver gentiment envoy\u00e9 par Av\u00e8ne, il y a aussi un petit mod\u00e8le d\u2019<strong><a href=\"http:\/\/www.eau-thermale-avene.fr\/visage\/soins-specifiques\/xeracalm-ad-peaux-a-tendance-atopique-demangeaisons\/xeracalm-ad-huile\" target=\"_blank\" rel=\"noopener\">Huile Lavante relipidante Xeraclam AD<\/a><\/strong>, particuli\u00e8rement indiqu\u00e9e en ce moment et pour aller avec le reste des produits, car avec le froid et l\u2019eau trop chlor\u00e9e, on a la peau qui tire et qui d\u00e9mange\u00a0!<\/p>\n<p>Et pour que la f\u00eate hivernale soit compl\u00e8te, <strong>Av\u00e8ne propose de faire gagner ce plateau \u00e0 5 d\u2019entre vous<\/strong>\u00a0! Oui oui, avec les petits bonnets sur la th\u00e9i\u00e8re et tout et tout (il y a m\u00eame du th\u00e9 et des cookies, que j\u2019ai retir\u00e9s du mien pour qu\u2019on voit mieux les produits\u00a0;-).<\/p>\n<p>Pour participer, laissez ici un commentaire dans lequel vous racontez si vous connaissez l\u2019un ou l\u2019autre de ces produits, et l\u2019usage que vous en faites (\u00e7a peut \u00eatre hyper int\u00e9ressant notamment pour la Cr\u00e8me Cold Cream, certaines d\u2019entre vous ont des id\u00e9es g\u00e9niales d\u2019utilisation).<\/p>\n<p>Vous avez <strong>jusqu\u2019au\u00a0lundi 19 d\u00e9cembre \u00e0 18h<\/strong> pour participer, c\u2019est \u00e0 vous (et restez au chaud\u00a0;-)\u00a0!<\/p>\n<p><em>Article r\u00e9alis\u00e9 dans le cadre de mon partenariat avec Av\u00e8ne<\/em><\/p>\n","protected":false},"excerpt":{"rendered":"<p><img loading=\"lazy\" decoding=\"async\" class=\"aligncenter size-full wp-image-160340\" src=\"http:\/\/www.monblogdefille.com\/blog\/wp-content\/uploads\/2016\/12\/avene_cold_cream_2000.jpg\" alt=\"avene_cold_cream_2000\" width=\"2000\" height=\"1556\" srcset=\"https:\/\/www.monblogdefille.com\/blog\/wp-content\/uploads\/2016\/12\/avene_cold_cream_2000.jpg 2000w, https:\/\/www.monblogdefille.com\/blog\/wp-content\/uploads\/2016\/12\/avene_cold_cream_2000-300x233.jpg 300w, https:\/\/www.monblogdefille.com\/blog\/wp-content\/uploads\/2016\/12\/avene_cold_cream_2000-768x598.jpg 768w, https:\/\/www.monblogdefille.com\/blog\/wp-content\/uploads\/2016\/12\/avene_cold_cream_2000-1024x797.jpg 1024w, https:\/\/www.monblogdefille.com\/blog\/wp-content\/uploads\/2016\/12\/avene_cold_cream_2000-1010x786.jpg 1010w\" sizes=\"auto, (max-width: 2000px) 100vw, 2000px\" \/><\/p>\n","protected":false},"author":3,"featured_media":160340,"comment_status":"open","ping_status":"open","sticky":false,"template":"","format":"standard","meta":{"footnotes":""},"categories":[1483,1489],"tags":[19995,20089],"class_list":["post-160338","post","type-post","status-publish","format-standard","has-post-thumbnail","hentry","category-astuces","category-le-soin","tag-avene","tag-hydratation"],"_links":{"self":[{"href":"https:\/\/www.monblogdefille.com\/blog\/wp-json\/wp\/v2\/posts\/160338","targetHints":{"allow":["GET"]}}],"collection":[{"href":"https:\/\/www.monblogdefille.com\/blog\/wp-json\/wp\/v2\/posts"}],"about":[{"href":"https:\/\/www.monblogdefille.com\/blog\/wp-json\/wp\/v2\/types\/post"}],"author":[{"embeddable":true,"href":"https:\/\/www.monblogdefille.com\/blog\/wp-json\/wp\/v2\/users\/3"}],"replies":[{"embeddable":true,"href":"https:\/\/www.monblogdefille.com\/blog\/wp-json\/wp\/v2\/comments?post=160338"}],"version-history":[{"count":0,"href":"https:\/\/www.monblogdefille.com\/blog\/wp-json\/wp\/v2\/posts\/160338\/revisions"}],"wp:featuredmedia":[{"embeddable":true,"href":"https:\/\/www.monblogdefille.com\/blog\/wp-json\/wp\/v2\/media\/160340"}],"wp:attachment":[{"href":"https:\/\/www.monblogdefille.com\/blog\/wp-json\/wp\/v2\/media?parent=160338"}],"wp:term":[{"taxonomy":"category","embeddable":true,"href":"https:\/\/www.monblogdefille.com\/blog\/wp-json\/wp\/v2\/categories?post=160338"},{"taxonomy":"post_tag","embeddable":true,"href":"https:\/\/www.monblogdefille.com\/blog\/wp-json\/wp\/v2\/tags?post=160338"}],"curies":[{"name":"wp","href":"https:\/\/api.w.org\/{rel}","templated":true}]}}