{"id":160282,"date":"2016-12-06T09:00:43","date_gmt":"2016-12-06T08:00:43","guid":{"rendered":"http:\/\/www.monblogdefille.com\/blog\/?p=160282"},"modified":"2016-12-09T09:38:14","modified_gmt":"2016-12-09T08:38:14","slug":"dermacenter-le-retour-des-decouvertes","status":"publish","type":"post","link":"https:\/\/www.monblogdefille.com\/blog\/dermacenter-le-retour-des-decouvertes\/","title":{"rendered":"Dermacenter, le retour des d\u00e9couvertes"},"content":{"rendered":"<p><img loading=\"lazy\" decoding=\"async\" class=\"aligncenter size-full wp-image-160290\" src=\"http:\/\/www.monblogdefille.com\/blog\/wp-content\/uploads\/2016\/12\/dermacenter_nouvelles_decouvertes-1.jpg\" alt=\"dermacenter_nouvelles_decouvertes\" width=\"2000\" height=\"1327\" srcset=\"https:\/\/www.monblogdefille.com\/blog\/wp-content\/uploads\/2016\/12\/dermacenter_nouvelles_decouvertes-1.jpg 2000w, https:\/\/www.monblogdefille.com\/blog\/wp-content\/uploads\/2016\/12\/dermacenter_nouvelles_decouvertes-1-300x199.jpg 300w, https:\/\/www.monblogdefille.com\/blog\/wp-content\/uploads\/2016\/12\/dermacenter_nouvelles_decouvertes-1-768x510.jpg 768w, https:\/\/www.monblogdefille.com\/blog\/wp-content\/uploads\/2016\/12\/dermacenter_nouvelles_decouvertes-1-1024x679.jpg 1024w, https:\/\/www.monblogdefille.com\/blog\/wp-content\/uploads\/2016\/12\/dermacenter_nouvelles_decouvertes-1-1010x670.jpg 1010w\" sizes=\"auto, (max-width: 2000px) 100vw, 2000px\" \/><br \/>\nVendredi je suis enfin retourn\u00e9e au <a href=\"http:\/\/www.my-dermacenter.com\/fr-fr\/qui-sommes-nous?lcat=Home%20Page&amp;lid=bulle%20de%20bien-%C3%AAtre\" target=\"_blank\" rel=\"noopener\"><strong>Dermacenter<\/strong><\/a>, je n\u2019y \u00e9tais pas all\u00e9e depuis le mois de juin par manque de temps et je me demandais bien quelles surprises ma peau me r\u00e9servait.<\/p>\n<p>Et bien que des bonnes\u00a0! Yippeee\u00a0!!<\/p>\n<p>Je vous rappelle comment fonctionne le truc (voir le processus d\u00e9taill\u00e9 dans mes pr\u00e9c\u00e9dents articles, <a href=\"http:\/\/www.monblogdefille.com\/blog\/ma-visite-au-derma-center\" target=\"_blank\"><strong>ici<\/strong> <\/a>et <a href=\"http:\/\/www.monblogdefille.com\/blog\/je-suis-retournee-au-derma-center\" target=\"_blank\"><strong>ici<\/strong><\/a>) : le Visia vous dit o\u00f9 vous en \u00eates selon 7 crit\u00e8res\u00a0: 2 d\u2019entre eux concernent les taches, il y a aussi les rides du contour de l\u2019\u0153il, la texture de la peau, les pores, les rougeurs et les porphyrines, qui sont des bact\u00e9ries pr\u00e9sentes \u00e0 la surface de la peau indiquant que celle-ci est plus ou moins bien nettoy\u00e9e (trop de porphyrines = pas bon).<\/p>\n<p>On analyse ensuite tout \u00e7a avec une conseill\u00e8re, \u00e0 qui on explique sa routine de soin et qui adapte sa prescription selon vos go\u00fbts (aucune obligation d\u2019achat, pas de panique).<\/p>\n<p>Je vous donne mes chiffres de juin et de vendredi parce que je suis vraiment ravie, je vous explique ensuite \u00e0 quoi ils sont d\u00fbs selon Patricia, la pharmacienne du Dermacenter qui s\u2019est occup\u00e9e de moi (c\u2019est un plaisir parce qu\u2019elle est encore plus passionn\u00e9e que moi, j\u2019adore discuter de tout \u00e7a avec elle\u00a0!!) (je vous rappelle que les chiffres fonctionnent ainsi\u00a0: 100% repr\u00e9sente la perfection \u2013 si tant est qu\u2019elle soit de ce monde\u00a0;-)\u00a0:<\/p>\n<p>1 &#8211; <strong>Taches visibles<\/strong>\u00a0: juin 66%, aujourd\u2019hui 94%<br \/>\n2 &#8211; <strong>Taches profondes<\/strong> non visibles encore\u00a0: juin 31%, aujourd\u2019hui 80%<br \/>\nPatricia explique cette diminution par l\u2019utilisation de l\u2019<strong><a href=\"http:\/\/tinyurl.com\/z56n9jn\" target=\"_blank\" rel=\"noopener\">Advanced Night Repair<\/a><\/strong> dont elle dit qu\u2019il a un pouvoir \u00e9claircissant. Il y a aussi le fait que j\u2019ai fait hyper attention au soleil en vacances, bien s\u00fbr ( = jamais mettre mon visage au soleil, m\u00eame avec de la cr\u00e8me et un chapeau). Et pourtant, en dehors de \u00e7a, je ne porte pas d&rsquo;\u00e9cran solaire au <a href=\"http:\/\/www.monblogdefille.com\/blog\/mon-changement-davis-sur-la-protection-solaire-au-quotidien\" target=\"_blank\"><strong>quotidien<\/strong><\/a>.<\/p>\n<p>3 &#8211; <strong>Rides du contour d\u2019\u0153il et d\u00e9shydratation<\/strong>\u00a0: juin 48%, aujourd\u2019hui 54%<br \/>\nIci l\u2019am\u00e9lioration est sans aucun doute due au fait que j\u2019y applique le <a href=\"http:\/\/tinyurl.com\/od7cz8n\" target=\"_blank\" rel=\"noopener\"><strong>s\u00e9rum Hydrating B5 de Skinceuticals<\/strong><\/a> comme sur le reste de mon visage (j\u2019ai la chance de le tol\u00e9rer autour de l\u2019\u0153il, \u00e7a n\u2019est pas toujours le cas). Patricia aurait bien voulu me prescrire une cr\u00e8me au retinol pour am\u00e9liorer encore les choses mais j\u2019y suis allergique donc il vaut mieux que je fasse des masques hydratants sur cette zone.<\/p>\n<p>4 &#8211; <strong>Texture de la peau<\/strong>\u00a0: juin 96%, aujourd\u2019hui 98%<br \/>\nL\u00e0 on pense toutes les deux que c\u2019est g\u00e9n\u00e9tique\u00a0;-)<\/p>\n<p>5 &#8211; <strong>Visibilit\u00e9 des pores<\/strong>\u00a0: juin 89%, aujourd\u2019hui 95%<br \/>\nIls \u00e9taient plus visible en juin \u00e0 cause de la diff\u00e9rence de temp\u00e9rature, sans doute. En ce moment il fait beaucoup plus froid donc ils sont aussi moins dilat\u00e9s.<\/p>\n<p>6 &#8211; <strong>Rougeurs\u00a0<\/strong>: juin 89%, aujourd\u2019hui 93%<br \/>\nCette diminution (d\u2019autant plus \u00e9tonnante \u00e0 cette p\u00e9riode de l\u2019ann\u00e9e o\u00f9 le froid les intensifie au contraire) est certainement due \u00e0 l\u2019utilisation de l\u2019<strong><a href=\"http:\/\/tinyurl.com\/j69rut5\" target=\"_blank\" rel=\"noopener\">huile Darphin \u00e0 la camomille<\/a><\/strong>, Patricia et moi sommes d\u2019accord l\u00e0-dessus.<\/p>\n<p>7 &#8211; <strong>Porphyrines\u00a0<\/strong>: juin 67%, aujourd\u2019hui 86%<br \/>\nCeci ne s\u2019explique pas par ma routine (je ne fais toujours pas de double nettoyage le soir, et toujours pas de simple nettoyage le matin), mais sans doute par le fait qu\u2019il y a moins de pics de pollution en ce moment qu\u2019en juin.<\/p>\n<p>Patricia m\u2019a conseill\u00e9 de ne rien changer du tout \u00e0 ma routine (que vous avez vue <a href=\"http:\/\/www.monblogdefille.com\/blog\/mes-soins-visage-octobre-2016\" target=\"_blank\"><strong>dans cette vid\u00e9o<\/strong><\/a>), si ce n\u2019est pour l\u2019ajout d\u2019un masque hydratant en contour des yeux une fois par semaine.<\/p>\n<p>C\u2019est \u00e7a que j\u2019aime tant au Dermacenter, en plus de la qualit\u00e9 et de la pr\u00e9cision des conseils\u00a0: on ne cherche pas du tout \u00e0 vous faire adopter une routine 100% maison, si des produits de la concurrence vous conviennent au contraire on vous encourage vivement \u00e0 les garder.<\/p>\n<p>J\u2019avais tr\u00e8s envie d\u2019essayer un <strong>s\u00e9rum anti-oxydant<\/strong> de jour, vu que je veux garder mon ANR la nuit (et qu\u2019en plus c\u2019est le jour qu\u2019il y a le plus de sources d\u2019oxydation, externes comme internes) et je sais que ceux de chez <strong>Skinceuticals<\/strong> sont r\u00e9put\u00e9s\u00a0; Patricia m\u2019a donn\u00e9 plein d\u2019\u00e9chantillons du <a href=\"http:\/\/bit.ly\/2gv8TS8\" target=\"_blank\" rel=\"noopener\"><strong>CE Ferulic<\/strong><\/a> \u00e0 mettre le matin, sous mon Hydrating B5 que je tiens \u00e0 conserver absolument. Le CE Ferulic est tr\u00e8s liquide, il faut donc l\u2019appliquer avant l\u2019autre qui est plus \u00e9pais.<\/p>\n<p>J\u2019ai aussi eu envie de tester le<a href=\"http:\/\/bit.ly\/2gOH6wn\" target=\"_blank\" rel=\"noopener\"><strong> fluide mat SPF 30 d\u2019Anthelios<\/strong><\/a> dont tout le monde dit beaucoup de bien, maintenant que je sais que je peux utiliser des filtres chimiques <a href=\"http:\/\/www.monblogdefille.com\/blog\/spf-moins-eleve-moins-irritant\" target=\"_blank\"><strong>tant que je ne d\u00e9passe pas le SPF 30<\/strong><\/a>.<\/p>\n<p>Et j\u2019ai achet\u00e9 <strong>pour mon p\u00e8re<\/strong>, qui doit faire tr\u00e8\u00e8\u00e8\u00e8s attention au soleil depuis qu\u2019il a eu une alerte dermato, ce produit tr\u00e8s sp\u00e9cifique (<a href=\"http:\/\/bit.ly\/2h2xP4F\" target=\"_blank\" rel=\"noopener\"><strong>Anth\u00e9lios KA<\/strong><\/a>) qu\u2019on ne trouve malheureusement pas dans la majorit\u00e9 des pharmacies, car ce n\u2019est pas un cosm\u00e9tique mais un dispositif m\u00e9dical destin\u00e9 \u00e0 des cas pathologoques (comme Daylong Actinica). Par ailleurs la l\u00e9gislation fran\u00e7aise limite le nombre associ\u00e9 au SPF \u00e0 50, celui-ci est donc not\u00e9 comme tel, mais c\u2019est en r\u00e9alit\u00e9 un filtre correspondant \u00e0 un indice 100. Une application par jour suffit comme pour les cr\u00e8mes Daylong (mais il ne r\u00e9siste ni \u00e0 l\u2019eau ni \u00e0 la sueur\u00a0; c\u2019est un \u00ab\u00a0solaire de ville ultra costaud \u00bb, en quelque sorte).<\/p>\n<p style=\"text-align: center;\"><img loading=\"lazy\" decoding=\"async\" class=\"aligncenter size-full wp-image-160291\" src=\"http:\/\/www.monblogdefille.com\/blog\/wp-content\/uploads\/2016\/12\/anthelios_ka.jpg\" alt=\"anthelios_ka\" width=\"2000\" height=\"1000\" srcset=\"https:\/\/www.monblogdefille.com\/blog\/wp-content\/uploads\/2016\/12\/anthelios_ka.jpg 2000w, https:\/\/www.monblogdefille.com\/blog\/wp-content\/uploads\/2016\/12\/anthelios_ka-300x150.jpg 300w, https:\/\/www.monblogdefille.com\/blog\/wp-content\/uploads\/2016\/12\/anthelios_ka-768x384.jpg 768w, https:\/\/www.monblogdefille.com\/blog\/wp-content\/uploads\/2016\/12\/anthelios_ka-1024x512.jpg 1024w, https:\/\/www.monblogdefille.com\/blog\/wp-content\/uploads\/2016\/12\/anthelios_ka-1010x505.jpg 1010w\" sizes=\"auto, (max-width: 2000px) 100vw, 2000px\" \/><em>(on voit le SPF 100 sur le testeur, et pardon pour la photo de droite \u00e9pouvantable, faite dans le noir \u00e0 l&rsquo;iPhone avant d&rsquo;aller donner le produit \u00e0 mon p\u00e8re &#8211; mais o\u00f9 on voit le SPF 50)<br \/>\n<\/em><\/p>\n<p>Derni\u00e8re info que j\u2019ai trouv\u00e9 passionnante\u00a0et inattendue : Patricia m\u2019a rappel\u00e9 qu\u2019on \u00e9tait en \u00e9tat d\u2019alerte attentats en France\u00a0; pour cette raison il y a notamment des militaires dans les rues, mais <strong>l\u2019eau de ville<\/strong> est aussi beaucoup plus surveill\u00e9e que d\u2019habitude, et plus chlor\u00e9e. C\u2019est pour \u00e7a qu\u2019on la trouve plus \u00ab\u00a0dure\u00a0\u00bb et que pas mal de gens ont la peau qui d\u00e9mange (le froid n\u2019est pas le seul responsable).<\/p>\n<p>Voil\u00e0\u00e0\u00e0\u00e0\u00a0! C\u2019\u00e9tait long mais le soin m\u00e9rite toujours des explications un peu pr\u00e9cises, \u00e0 mon avis.<\/p>\n<p>PS\u00a0: je vous rappelle que le diagnostic du Dermacenter est gratuit, pensez juste \u00e0 prendre rendez-vous parce qu\u2019ils ont beaucoup de succ\u00e8s\u00a0;-)<\/p>\n<p><em><strong>Derma Center<\/strong><\/em><br \/>\n13 rue des Francs Bourgeois (m\u00e9tro Saint Paul)<br \/>\n75004 Paris<br \/>\nOuvert de 11h \u00e0 19h du mardi au dimanche<\/p>\n","protected":false},"excerpt":{"rendered":"<p><img loading=\"lazy\" decoding=\"async\" class=\"aligncenter size-full wp-image-160290\" src=\"http:\/\/www.monblogdefille.com\/blog\/wp-content\/uploads\/2016\/12\/dermacenter_nouvelles_decouvertes-1.jpg\" alt=\"dermacenter_nouvelles_decouvertes\" width=\"2000\" height=\"1327\" srcset=\"https:\/\/www.monblogdefille.com\/blog\/wp-content\/uploads\/2016\/12\/dermacenter_nouvelles_decouvertes-1.jpg 2000w, https:\/\/www.monblogdefille.com\/blog\/wp-content\/uploads\/2016\/12\/dermacenter_nouvelles_decouvertes-1-300x199.jpg 300w, https:\/\/www.monblogdefille.com\/blog\/wp-content\/uploads\/2016\/12\/dermacenter_nouvelles_decouvertes-1-768x510.jpg 768w, https:\/\/www.monblogdefille.com\/blog\/wp-content\/uploads\/2016\/12\/dermacenter_nouvelles_decouvertes-1-1024x679.jpg 1024w, https:\/\/www.monblogdefille.com\/blog\/wp-content\/uploads\/2016\/12\/dermacenter_nouvelles_decouvertes-1-1010x670.jpg 1010w\" sizes=\"auto, (max-width: 2000px) 100vw, 2000px\" \/><\/p>\n","protected":false},"author":3,"featured_media":160290,"comment_status":"open","ping_status":"open","sticky":false,"template":"","format":"standard","meta":{"footnotes":""},"categories":[1489],"tags":[20168,20201,20089,19961],"class_list":["post-160282","post","type-post","status-publish","format-standard","has-post-thumbnail","hentry","category-le-soin","tag-anti-age","tag-dermacenter","tag-hydratation","tag-soleil"],"_links":{"self":[{"href":"https:\/\/www.monblogdefille.com\/blog\/wp-json\/wp\/v2\/posts\/160282","targetHints":{"allow":["GET"]}}],"collection":[{"href":"https:\/\/www.monblogdefille.com\/blog\/wp-json\/wp\/v2\/posts"}],"about":[{"href":"https:\/\/www.monblogdefille.com\/blog\/wp-json\/wp\/v2\/types\/post"}],"author":[{"embeddable":true,"href":"https:\/\/www.monblogdefille.com\/blog\/wp-json\/wp\/v2\/users\/3"}],"replies":[{"embeddable":true,"href":"https:\/\/www.monblogdefille.com\/blog\/wp-json\/wp\/v2\/comments?post=160282"}],"version-history":[{"count":0,"href":"https:\/\/www.monblogdefille.com\/blog\/wp-json\/wp\/v2\/posts\/160282\/revisions"}],"wp:featuredmedia":[{"embeddable":true,"href":"https:\/\/www.monblogdefille.com\/blog\/wp-json\/wp\/v2\/media\/160290"}],"wp:attachment":[{"href":"https:\/\/www.monblogdefille.com\/blog\/wp-json\/wp\/v2\/media?parent=160282"}],"wp:term":[{"taxonomy":"category","embeddable":true,"href":"https:\/\/www.monblogdefille.com\/blog\/wp-json\/wp\/v2\/categories?post=160282"},{"taxonomy":"post_tag","embeddable":true,"href":"https:\/\/www.monblogdefille.com\/blog\/wp-json\/wp\/v2\/tags?post=160282"}],"curies":[{"name":"wp","href":"https:\/\/api.w.org\/{rel}","templated":true}]}}