{"id":160274,"date":"2016-12-05T09:00:12","date_gmt":"2016-12-05T08:00:12","guid":{"rendered":"http:\/\/www.monblogdefille.com\/blog\/?p=160274"},"modified":"2016-12-08T09:36:58","modified_gmt":"2016-12-08T08:36:58","slug":"lepineuse-question-du-cache-oreilles","status":"publish","type":"post","link":"https:\/\/www.monblogdefille.com\/blog\/lepineuse-question-du-cache-oreilles\/","title":{"rendered":"L\u2019\u00e9pineuse question du cache-oreilles"},"content":{"rendered":"<p style=\"text-align: center;\"><img loading=\"lazy\" decoding=\"async\" class=\"aligncenter size-full wp-image-160276\" src=\"http:\/\/www.monblogdefille.com\/blog\/wp-content\/uploads\/2016\/12\/cache-oreilles-1.jpg\" alt=\"cache-oreilles\" width=\"2000\" height=\"1637\" srcset=\"https:\/\/www.monblogdefille.com\/blog\/wp-content\/uploads\/2016\/12\/cache-oreilles-1.jpg 2000w, https:\/\/www.monblogdefille.com\/blog\/wp-content\/uploads\/2016\/12\/cache-oreilles-1-300x246.jpg 300w, https:\/\/www.monblogdefille.com\/blog\/wp-content\/uploads\/2016\/12\/cache-oreilles-1-768x629.jpg 768w, https:\/\/www.monblogdefille.com\/blog\/wp-content\/uploads\/2016\/12\/cache-oreilles-1-1024x838.jpg 1024w, https:\/\/www.monblogdefille.com\/blog\/wp-content\/uploads\/2016\/12\/cache-oreilles-1-1010x827.jpg 1010w\" sizes=\"auto, (max-width: 2000px) 100vw, 2000px\" \/><br \/>\n<em>(il n\u2019est pas question que je vous montre ce truc sur ma t\u00eate, je ne suis pas pr\u00eate\u00a0psychologiquement ;-))<\/em><\/p>\n<p style=\"text-align: center;\"><em>(ne commencez pas \u00e0 vous \u00e9nerver, tout ce que vous voyez l\u00e0 est \u00e9videmment en fausse fourrure)<\/em><\/p>\n<p>Il surgit de temps en temps une \u00e9pineuse question mode, la pr\u00e9c\u00e9dente date d\u2019il y a deux ans et concernait le <a href=\"http:\/\/www.monblogdefille.com\/blog\/lepineuse-question-du-jean-enduit\" target=\"_blank\"><strong>jean enduit<\/strong><\/a> (que j\u2019ai adopt\u00e9 depuis comme \u00ab\u00a0jean noir\u00a0bien pratique quand on a un rendez-vous et qu\u2019on veut \u00eatre \u00e0 la fois cool et pas loqueteuse \u00bb).<\/p>\n<p>Nous voici aujourd\u2019hui confront\u00e9es au parfois contestable <a href=\"http:\/\/bit.ly\/2gS2a5s\" target=\"_blank\" rel=\"noopener\"><strong>cache-oreilles<\/strong><\/a> (oui en plus j\u2019ai pay\u00e9 38 \u20ac pour \u00e7a, seul moyen d\u2019en avoir un \u00e0 la fois sobre et pas miteux) : je le trouve absolument ridicule sur moi (sur les autres \u00e7a m\u2019est \u00e9gal, chacun fait bien ce qu\u2019il veut) mais il se trouve que j\u2019en ai <em>physiquement<\/em> besoin.<\/p>\n<p>Car voici mon probl\u00e8me\u00a0: quand il y a du vent froid et que je passe un peu de temps dehors, j\u2019ai tr\u00e8s vite aussi mal aux oreilles que si j\u2019avais une otite (donc tr\u00e8s mal). Mais je ne peux pas porter un bonnet ou une capuche sinon on dirait que j\u2019ai re\u00e7u une brique sur la t\u00eate : ma coupe de cheveux et mon coiffage compliqu\u00e9 (en d\u00e9pit des apparences) m\u2019obligent \u00e0 laisser libre\u00a0la majorit\u00e9 de mon cr\u00e2ne.<\/p>\n<p>La seule solution que j\u2019ai trouv\u00e9e est le cache-oreilles (celui-ci est mon tout premier). Il ne d\u00e9truit pas la coiffure et \u00e9vite la douleur, dans mon cas c\u2019est un combo gagnant.<\/p>\n<p>Qui porte des cache-oreilles\u00a0(en dehors du ski sinon c\u2019est trop facile) ? Dites-moi que je ne suis pas la seule\u00a0!\u00a0;-))<\/p>\n","protected":false},"excerpt":{"rendered":"<p><img loading=\"lazy\" decoding=\"async\" class=\"aligncenter size-full wp-image-160276\" src=\"http:\/\/www.monblogdefille.com\/blog\/wp-content\/uploads\/2016\/12\/cache-oreilles-1.jpg\" alt=\"cache-oreilles\" width=\"2000\" height=\"1637\" srcset=\"https:\/\/www.monblogdefille.com\/blog\/wp-content\/uploads\/2016\/12\/cache-oreilles-1.jpg 2000w, https:\/\/www.monblogdefille.com\/blog\/wp-content\/uploads\/2016\/12\/cache-oreilles-1-300x246.jpg 300w, https:\/\/www.monblogdefille.com\/blog\/wp-content\/uploads\/2016\/12\/cache-oreilles-1-768x629.jpg 768w, https:\/\/www.monblogdefille.com\/blog\/wp-content\/uploads\/2016\/12\/cache-oreilles-1-1024x838.jpg 1024w, https:\/\/www.monblogdefille.com\/blog\/wp-content\/uploads\/2016\/12\/cache-oreilles-1-1010x827.jpg 1010w\" sizes=\"auto, (max-width: 2000px) 100vw, 2000px\" \/><\/p>\n","protected":false},"author":3,"featured_media":160276,"comment_status":"open","ping_status":"open","sticky":false,"template":"","format":"standard","meta":{"footnotes":""},"categories":[20177],"tags":[20133],"class_list":["post-160274","post","type-post","status-publish","format-standard","has-post-thumbnail","hentry","category-mode","tag-mode"],"_links":{"self":[{"href":"https:\/\/www.monblogdefille.com\/blog\/wp-json\/wp\/v2\/posts\/160274","targetHints":{"allow":["GET"]}}],"collection":[{"href":"https:\/\/www.monblogdefille.com\/blog\/wp-json\/wp\/v2\/posts"}],"about":[{"href":"https:\/\/www.monblogdefille.com\/blog\/wp-json\/wp\/v2\/types\/post"}],"author":[{"embeddable":true,"href":"https:\/\/www.monblogdefille.com\/blog\/wp-json\/wp\/v2\/users\/3"}],"replies":[{"embeddable":true,"href":"https:\/\/www.monblogdefille.com\/blog\/wp-json\/wp\/v2\/comments?post=160274"}],"version-history":[{"count":0,"href":"https:\/\/www.monblogdefille.com\/blog\/wp-json\/wp\/v2\/posts\/160274\/revisions"}],"wp:featuredmedia":[{"embeddable":true,"href":"https:\/\/www.monblogdefille.com\/blog\/wp-json\/wp\/v2\/media\/160276"}],"wp:attachment":[{"href":"https:\/\/www.monblogdefille.com\/blog\/wp-json\/wp\/v2\/media?parent=160274"}],"wp:term":[{"taxonomy":"category","embeddable":true,"href":"https:\/\/www.monblogdefille.com\/blog\/wp-json\/wp\/v2\/categories?post=160274"},{"taxonomy":"post_tag","embeddable":true,"href":"https:\/\/www.monblogdefille.com\/blog\/wp-json\/wp\/v2\/tags?post=160274"}],"curies":[{"name":"wp","href":"https:\/\/api.w.org\/{rel}","templated":true}]}}