{"id":159755,"date":"2016-09-12T09:00:21","date_gmt":"2016-09-12T07:00:21","guid":{"rendered":"http:\/\/www.monblogdefille.com\/blog\/?p=159755"},"modified":"2018-01-03T18:17:58","modified_gmt":"2018-01-03T17:17:58","slug":"avec-clinique-a-marrakech","status":"publish","type":"post","link":"https:\/\/www.monblogdefille.com\/blog\/avec-clinique-a-marrakech\/","title":{"rendered":"Avec Clinique \u00e0 Marrakech"},"content":{"rendered":"<p><a href=\"http:\/\/www.monblogdefille.com\/blog\/wp-content\/uploads\/2016\/09\/clinique_marrakech2.jpg\" target=\"_blank\"><img loading=\"lazy\" decoding=\"async\" class=\"aligncenter size-full wp-image-159756\" src=\"http:\/\/www.monblogdefille.com\/blog\/wp-content\/uploads\/2016\/09\/clinique_marrakech1.jpg\" alt=\"clinique_marrakech1\" width=\"700\" height=\"700\" srcset=\"https:\/\/www.monblogdefille.com\/blog\/wp-content\/uploads\/2016\/09\/clinique_marrakech1.jpg 700w, https:\/\/www.monblogdefille.com\/blog\/wp-content\/uploads\/2016\/09\/clinique_marrakech1-300x300.jpg 300w, https:\/\/www.monblogdefille.com\/blog\/wp-content\/uploads\/2016\/09\/clinique_marrakech1-640x640.jpg 640w\" sizes=\"auto, (max-width: 700px) 100vw, 700px\" \/><\/a><br \/>\n<em>(cliquez sur la photo pour voir les images en plus grand ; si votre navigateur vous affiche le nouveau montage en tout petit, cliquez une fois dessus et vous aurez la bonne taille)<\/em><\/p>\n<p>La semaine derni\u00e8re, j\u2019ai eu l\u2019immense chance d\u2019\u00eatre invit\u00e9e par Clinique \u00e0 Marrakech pour d\u00e9couvrir leurs nouveaut\u00e9s maquillage. C\u2019\u00e9tait un tr\u00e8s gros \u00e9v\u00e8nement, 70 blogueuses et you tubbeuses \u00e9taient venues du monde entier pour l\u2019occasion.<\/p>\n<p>Nous \u00e9tions log\u00e9es \u00e0 la Mamounia qui est le plus bel h\u00f4tel du Maroc, voire d\u2019Afrique du nord. JAMAIS de ma vie enti\u00e8re je n\u2019ai r\u00e9sid\u00e9 dans un tel palace. L\u2019architecture est merveilleuse, les jardins d\u00e9licieux (je n\u2019avais jamais vu des oliviers aussi grands), le personnel adorablissime, la nourriture raffin\u00e9e (mon dieu les msemens et les baghrirs du petit d\u00e9jeuner\u00a0!!\u00a0;-) (pardonnez-moi si je n\u2019\u00e9cris pas \u00e7a correctement\u00a0!)\u2026 c\u2019est vraiment ce qui s\u2019appelle \u00eatre trait\u00e9es comme des princesses.<\/p>\n<p>Clinique sort ces jours-ci, dans sa gamme de <a href=\"http:\/\/www.fr.clinique.com\/matte-makeover\" target=\"_blank\" rel=\"noopener\"><strong>rouges \u00e0 l\u00e8vres Pop<\/strong><\/a> (d\u00e9j\u00e0 \u00e9voqu\u00e9e dans <a href=\"http:\/\/www.monblogdefille.com\/blog\/whats-hot-14\" target=\"_blank\"><strong>ce billet<\/strong><\/a>), un rouge \u00e0 l\u00e8vres \u00ab\u00a0classique\u00a0\u00bb mat, et un rouge \u00e0 l\u00e8vres liquide mat.<\/p>\n<p>Et le fond de teint Superbalanced (que je portais quand j\u2019avais 25 ans\u00a0!!) va sortir dans le courant du mois en version Silk pour continuer \u00e0 \u00e9quilibrer les peaux mixtes avec un rendu soyeux et \u00ab\u00a0belle peau\u00a0\u00bb.<\/p>\n<p>Je ne vous raconte pas tout tout de suite, je m\u2019en garde un peu pour vous en reparler plus tard\u00a0;-)<\/p>\n<p>On a pass\u00e9 un moment avec Matin\u00a0Maulawizada, le maquilleur monde de Clinique (= le plus haut plac\u00e9)\u00a0; il a r\u00e9alis\u00e9 des looks devant nous, c\u2019\u00e9tait magnifique\u00a0et \u00e7a m\u2019a donn\u00e9 plein d\u2019id\u00e9es\u00a0! Et il est tellement gentil, simple, plein d\u2019humour et proche des gens\u00a0! J\u2019ai ador\u00e9 le rencontrer\u00a0!<\/p>\n<p>Alors pour tout \u00e7a MERCI MERCI MERCI Clinique\u00a0!!!<\/p>\n","protected":false},"excerpt":{"rendered":"<p><img loading=\"lazy\" decoding=\"async\" class=\"aligncenter size-full wp-image-159756\" src=\"http:\/\/www.monblogdefille.com\/blog\/wp-content\/uploads\/2016\/09\/clinique_marrakech1.jpg\" alt=\"clinique_marrakech1\" width=\"700\" height=\"700\" srcset=\"https:\/\/www.monblogdefille.com\/blog\/wp-content\/uploads\/2016\/09\/clinique_marrakech1.jpg 700w, https:\/\/www.monblogdefille.com\/blog\/wp-content\/uploads\/2016\/09\/clinique_marrakech1-300x300.jpg 300w, https:\/\/www.monblogdefille.com\/blog\/wp-content\/uploads\/2016\/09\/clinique_marrakech1-640x640.jpg 640w\" sizes=\"auto, (max-width: 700px) 100vw, 700px\" \/><\/p>\n","protected":false},"author":3,"featured_media":159756,"comment_status":"open","ping_status":"open","sticky":false,"template":"","format":"standard","meta":{"footnotes":""},"categories":[1485,20176,20116],"tags":[20111,20088,19938],"class_list":["post-159755","post","type-post","status-publish","format-standard","has-post-thumbnail","hentry","category-le-maquillage","category-lifestyle","category-voyages","tag-clinique","tag-fond-de-teint","tag-rouge-a-levres"],"_links":{"self":[{"href":"https:\/\/www.monblogdefille.com\/blog\/wp-json\/wp\/v2\/posts\/159755","targetHints":{"allow":["GET"]}}],"collection":[{"href":"https:\/\/www.monblogdefille.com\/blog\/wp-json\/wp\/v2\/posts"}],"about":[{"href":"https:\/\/www.monblogdefille.com\/blog\/wp-json\/wp\/v2\/types\/post"}],"author":[{"embeddable":true,"href":"https:\/\/www.monblogdefille.com\/blog\/wp-json\/wp\/v2\/users\/3"}],"replies":[{"embeddable":true,"href":"https:\/\/www.monblogdefille.com\/blog\/wp-json\/wp\/v2\/comments?post=159755"}],"version-history":[{"count":0,"href":"https:\/\/www.monblogdefille.com\/blog\/wp-json\/wp\/v2\/posts\/159755\/revisions"}],"wp:featuredmedia":[{"embeddable":true,"href":"https:\/\/www.monblogdefille.com\/blog\/wp-json\/wp\/v2\/media\/159756"}],"wp:attachment":[{"href":"https:\/\/www.monblogdefille.com\/blog\/wp-json\/wp\/v2\/media?parent=159755"}],"wp:term":[{"taxonomy":"category","embeddable":true,"href":"https:\/\/www.monblogdefille.com\/blog\/wp-json\/wp\/v2\/categories?post=159755"},{"taxonomy":"post_tag","embeddable":true,"href":"https:\/\/www.monblogdefille.com\/blog\/wp-json\/wp\/v2\/tags?post=159755"}],"curies":[{"name":"wp","href":"https:\/\/api.w.org\/{rel}","templated":true}]}}