{"id":159211,"date":"2016-06-28T09:00:16","date_gmt":"2016-06-28T07:00:16","guid":{"rendered":"http:\/\/www.monblogdefille.com\/blog\/?p=159211"},"modified":"2016-07-03T10:38:29","modified_gmt":"2016-07-03T08:38:29","slug":"je-suis-en-terre-davoine","status":"publish","type":"post","link":"https:\/\/www.monblogdefille.com\/blog\/je-suis-en-terre-davoine\/","title":{"rendered":"Je suis en Terre d&rsquo;Avoine&#8230;"},"content":{"rendered":"<p><img loading=\"lazy\" decoding=\"async\" class=\"aligncenter size-full wp-image-159212\" src=\"http:\/\/www.monblogdefille.com\/blog\/wp-content\/uploads\/2016\/06\/aderma-024.jpg\" alt=\"aderma 024\" width=\"700\" height=\"510\" srcset=\"https:\/\/www.monblogdefille.com\/blog\/wp-content\/uploads\/2016\/06\/aderma-024.jpg 700w, https:\/\/www.monblogdefille.com\/blog\/wp-content\/uploads\/2016\/06\/aderma-024-300x219.jpg 300w\" sizes=\"auto, (max-width: 700px) 100vw, 700px\" \/><br \/>\n&#8230; chez <a href=\"http:\/\/www.monblogdefille.com\/blog\/rencontre-chez-a-derma-le-29-juin\" target=\"_blank\"><strong>A-Derma<\/strong><\/a>, jusqu&rsquo;\u00e0 jeudi. Je vais moins poster pendant ce temps parce que je trouve \u00e7a frustrant pour tout le monde de ne pas avoir les commentaires en temps r\u00e9el ;-)<\/p>\n<p>On se retrouve vendredi !<\/p>\n<p><img loading=\"lazy\" decoding=\"async\" class=\"aligncenter size-full wp-image-159213\" src=\"http:\/\/www.monblogdefille.com\/blog\/wp-content\/uploads\/2016\/06\/aderma-014.jpg\" alt=\"aderma 014\" width=\"700\" height=\"442\" srcset=\"https:\/\/www.monblogdefille.com\/blog\/wp-content\/uploads\/2016\/06\/aderma-014.jpg 700w, https:\/\/www.monblogdefille.com\/blog\/wp-content\/uploads\/2016\/06\/aderma-014-300x189.jpg 300w\" sizes=\"auto, (max-width: 700px) 100vw, 700px\" \/><\/p>\n","protected":false},"excerpt":{"rendered":"<p><img loading=\"lazy\" decoding=\"async\" class=\"aligncenter size-full wp-image-159212\" src=\"http:\/\/www.monblogdefille.com\/blog\/wp-content\/uploads\/2016\/06\/aderma-024.jpg\" alt=\"aderma 024\" width=\"700\" height=\"510\" srcset=\"https:\/\/www.monblogdefille.com\/blog\/wp-content\/uploads\/2016\/06\/aderma-024.jpg 700w, https:\/\/www.monblogdefille.com\/blog\/wp-content\/uploads\/2016\/06\/aderma-024-300x219.jpg 300w\" sizes=\"auto, (max-width: 700px) 100vw, 700px\" \/><\/p>\n","protected":false},"author":3,"featured_media":159212,"comment_status":"open","ping_status":"open","sticky":false,"template":"","format":"standard","meta":{"footnotes":""},"categories":[1489,19907],"tags":[20159],"class_list":["post-159211","post","type-post","status-publish","format-standard","has-post-thumbnail","hentry","category-le-soin","category-rencontres-mbdf","tag-aderma"],"_links":{"self":[{"href":"https:\/\/www.monblogdefille.com\/blog\/wp-json\/wp\/v2\/posts\/159211","targetHints":{"allow":["GET"]}}],"collection":[{"href":"https:\/\/www.monblogdefille.com\/blog\/wp-json\/wp\/v2\/posts"}],"about":[{"href":"https:\/\/www.monblogdefille.com\/blog\/wp-json\/wp\/v2\/types\/post"}],"author":[{"embeddable":true,"href":"https:\/\/www.monblogdefille.com\/blog\/wp-json\/wp\/v2\/users\/3"}],"replies":[{"embeddable":true,"href":"https:\/\/www.monblogdefille.com\/blog\/wp-json\/wp\/v2\/comments?post=159211"}],"version-history":[{"count":0,"href":"https:\/\/www.monblogdefille.com\/blog\/wp-json\/wp\/v2\/posts\/159211\/revisions"}],"wp:featuredmedia":[{"embeddable":true,"href":"https:\/\/www.monblogdefille.com\/blog\/wp-json\/wp\/v2\/media\/159212"}],"wp:attachment":[{"href":"https:\/\/www.monblogdefille.com\/blog\/wp-json\/wp\/v2\/media?parent=159211"}],"wp:term":[{"taxonomy":"category","embeddable":true,"href":"https:\/\/www.monblogdefille.com\/blog\/wp-json\/wp\/v2\/categories?post=159211"},{"taxonomy":"post_tag","embeddable":true,"href":"https:\/\/www.monblogdefille.com\/blog\/wp-json\/wp\/v2\/tags?post=159211"}],"curies":[{"name":"wp","href":"https:\/\/api.w.org\/{rel}","templated":true}]}}