{"id":159120,"date":"2016-06-09T09:00:19","date_gmt":"2016-06-09T07:00:19","guid":{"rendered":"http:\/\/www.monblogdefille.com\/blog\/?p=159120"},"modified":"2016-06-13T10:52:30","modified_gmt":"2016-06-13T08:52:30","slug":"2-hydratants-corps-qui-ne-vous-collent-pas-a-votre-jean","status":"publish","type":"post","link":"https:\/\/www.monblogdefille.com\/blog\/2-hydratants-corps-qui-ne-vous-collent-pas-a-votre-jean\/","title":{"rendered":"2 hydratants corps qui ne vous collent pas \u00e0 votre jean*"},"content":{"rendered":"<p><img loading=\"lazy\" decoding=\"async\" class=\"aligncenter size-full wp-image-159123\" src=\"http:\/\/www.monblogdefille.com\/blog\/wp-content\/uploads\/2016\/06\/hydratants_corps-legers.jpg\" alt=\"hydratants_corps-legers\" width=\"700\" height=\"581\" srcset=\"https:\/\/www.monblogdefille.com\/blog\/wp-content\/uploads\/2016\/06\/hydratants_corps-legers.jpg 700w, https:\/\/www.monblogdefille.com\/blog\/wp-content\/uploads\/2016\/06\/hydratants_corps-legers-300x249.jpg 300w\" sizes=\"auto, (max-width: 700px) 100vw, 700px\" \/><br \/>\nSi vous me suivez depuis un certain temps, vous savez que je suis port\u00e9e sur les produits assez costauds, pour le corps : l&rsquo;hiver je n&rsquo;utilise que des beurres corporels ultra riches.<\/p>\n<p>Mais quand il commence \u00e0 faire meilleur il me faut du plus l\u00e9ger, et alors si en plus il fait humide comme en ce moment \u00e0 Paris, il me faut du tr\u00e8s l\u00e9ger sinon je trouve \u00e7a insupportable et j&rsquo;ai envie d&rsquo;aller imm\u00e9diatement rependre une douche.<\/p>\n<p>Sauf que souvent le tr\u00e8s l\u00e9ger n&rsquo;hydrate pas, le challenge n&rsquo;est pas facile.<\/p>\n<p>Et ben j&rsquo;en ai trouv\u00e9 2 qui sont \u00e0 la fois efficaces et absolument imperceptibles sur la peau :<\/p>\n<p>&#8211; la <a href=\"http:\/\/tinyurl.com\/hnag57l\" target=\"_blank\" rel=\"noopener\"><strong>Lotion Ultra R\u00e9paratrice de First Aid Beauty<\/strong><\/a> est fluide, hydratante, l\u00e9g\u00e8re et sans parfum. La marque n&rsquo;est pas vendue en France mais elle l&rsquo;est sur Feelunique (c&rsquo;est l\u00e0 que je l&rsquo;ai achet\u00e9e) (non je n&rsquo;ai pas eu de frais de douane, et pourtant c&rsquo;\u00e9tait une grosse commande), si vous connaissez d&rsquo;autres eshops qui la livrent en France dites-nous, \u00e7a peut servir !<\/p>\n<p>&#8211; le <a href=\"http:\/\/tinyurl.com\/jjbckoq\" target=\"_blank\" rel=\"noopener\"><strong>Gel lact\u00e9 apr\u00e8s-soleil d&rsquo;Av\u00e8ne<\/strong><\/a> est encore plus rapidement absorb\u00e9, je crois que je n&rsquo;ai jamais vu \u00e7a. Il est l\u00e9g\u00e8rement parfum\u00e9 mais rien d&rsquo;envahissant.<br \/>\nQuoi j&rsquo;utilise un apr\u00e8s-soleil comme hydratant du matin ? Ben je n&rsquo;en utilise normalement jamais vu que je ne m&rsquo;expose pas, mais il fait un si bon hydratant quotidien super l\u00e9ger que je l&rsquo;ai d\u00e9tourn\u00e9, h\u00e9h\u00e9.<\/p>\n<p>Voil\u00e0\u00e0\u00e0, c&rsquo;\u00e9tait ma contribution \u00e0 l&rsquo;ambiance \u00ab\u00a0il fait enfin beau !!!!!!!!!!!!!!!!!\u00a0\u00bb<\/p>\n<p>*et qui ne sentent rien ou quasi, donc vont avec tous les parfums<\/p>\n","protected":false},"excerpt":{"rendered":"<p><img loading=\"lazy\" decoding=\"async\" class=\"aligncenter size-full wp-image-159123\" src=\"http:\/\/www.monblogdefille.com\/blog\/wp-content\/uploads\/2016\/06\/hydratants_corps-legers.jpg\" alt=\"hydratants_corps-legers\" width=\"700\" height=\"581\" srcset=\"https:\/\/www.monblogdefille.com\/blog\/wp-content\/uploads\/2016\/06\/hydratants_corps-legers.jpg 700w, https:\/\/www.monblogdefille.com\/blog\/wp-content\/uploads\/2016\/06\/hydratants_corps-legers-300x249.jpg 300w\" sizes=\"auto, (max-width: 700px) 100vw, 700px\" \/><\/p>\n","protected":false},"author":3,"featured_media":159123,"comment_status":"open","ping_status":"open","sticky":false,"template":"","format":"standard","meta":{"footnotes":""},"categories":[1489],"tags":[20089],"class_list":["post-159120","post","type-post","status-publish","format-standard","has-post-thumbnail","hentry","category-le-soin","tag-hydratation"],"_links":{"self":[{"href":"https:\/\/www.monblogdefille.com\/blog\/wp-json\/wp\/v2\/posts\/159120","targetHints":{"allow":["GET"]}}],"collection":[{"href":"https:\/\/www.monblogdefille.com\/blog\/wp-json\/wp\/v2\/posts"}],"about":[{"href":"https:\/\/www.monblogdefille.com\/blog\/wp-json\/wp\/v2\/types\/post"}],"author":[{"embeddable":true,"href":"https:\/\/www.monblogdefille.com\/blog\/wp-json\/wp\/v2\/users\/3"}],"replies":[{"embeddable":true,"href":"https:\/\/www.monblogdefille.com\/blog\/wp-json\/wp\/v2\/comments?post=159120"}],"version-history":[{"count":0,"href":"https:\/\/www.monblogdefille.com\/blog\/wp-json\/wp\/v2\/posts\/159120\/revisions"}],"wp:featuredmedia":[{"embeddable":true,"href":"https:\/\/www.monblogdefille.com\/blog\/wp-json\/wp\/v2\/media\/159123"}],"wp:attachment":[{"href":"https:\/\/www.monblogdefille.com\/blog\/wp-json\/wp\/v2\/media?parent=159120"}],"wp:term":[{"taxonomy":"category","embeddable":true,"href":"https:\/\/www.monblogdefille.com\/blog\/wp-json\/wp\/v2\/categories?post=159120"},{"taxonomy":"post_tag","embeddable":true,"href":"https:\/\/www.monblogdefille.com\/blog\/wp-json\/wp\/v2\/tags?post=159120"}],"curies":[{"name":"wp","href":"https:\/\/api.w.org\/{rel}","templated":true}]}}