{"id":159084,"date":"2016-06-05T09:30:56","date_gmt":"2016-06-05T07:30:56","guid":{"rendered":"http:\/\/www.monblogdefille.com\/blog\/?p=159084"},"modified":"2016-10-26T14:40:41","modified_gmt":"2016-10-26T12:40:41","slug":"mes-solaires-mineraux-preferes","status":"publish","type":"post","link":"https:\/\/www.monblogdefille.com\/blog\/mes-solaires-mineraux-preferes\/","title":{"rendered":"Mes solaires min\u00e9raux pr\u00e9f\u00e9r\u00e9s"},"content":{"rendered":"<p><iframe loading=\"lazy\" src=\"https:\/\/www.youtube.com\/embed\/VxTVG7CUEfY\" width=\"1000\" height=\"563\" frameborder=\"0\" allowfullscreen=\"allowfullscreen\"><\/iframe><\/p>\n<p style=\"text-align: center;\"><a href=\"http:\/\/tinyurl.com\/zy7w74u\" target=\"_blank\" rel=\"noopener\"><strong>Kiehl&rsquo;s &#8211; Ultra Light Daily UV Defense Mineral Sunscreen SPF 50<\/strong><\/a><\/p>\n<p style=\"text-align: center;\"><a href=\"http:\/\/tinyurl.com\/jrne5lm\" target=\"_blank\" rel=\"noopener\"><strong>Clinique &#8211; <\/strong><strong>Even Better Ecran-Ville Defense Anti-taches SPF50<\/strong><\/a><\/p>\n<p style=\"text-align: center;\"><a href=\"http:\/\/tinyurl.com\/jzbwazn\" target=\"_blank\" rel=\"noopener\"><strong>Skinceuticals &#8211; Mineral Radiance UV Defense SPF 50 Universal Tint<\/strong><\/a><\/p>\n<p style=\"text-align: center;\"><strong>Skinceuticals &#8211; Mineral Matte UV Defense SPF 30<\/strong> (sortie le 7 juin)<\/p>\n<p style=\"text-align: center;\"><strong><a href=\"http:\/\/tinyurl.com\/j9dlqoj\" target=\"_blank\" rel=\"noopener\">La Roche Posay &#8211; Stick solaire zones sensibles SPF 50<\/a> &#8211; OUPS ! N&rsquo;est pas 100% min\u00e9ral, mauvaise info !<br \/>\n<\/strong><\/p>\n","protected":false},"excerpt":{"rendered":"<p><img loading=\"lazy\" decoding=\"async\" class=\"aligncenter size-full wp-image-159087\" src=\"http:\/\/www.monblogdefille.com\/blog\/wp-content\/uploads\/2016\/06\/mes-solaires-min\u00e9raux-pr\u00e9f\u00e9r\u00e9s.jpg\" alt=\"mes solaires min\u00e9raux pr\u00e9f\u00e9r\u00e9s\" width=\"700\" height=\"508\" srcset=\"https:\/\/www.monblogdefille.com\/blog\/wp-content\/uploads\/2016\/06\/mes-solaires-min\u00e9raux-pr\u00e9f\u00e9r\u00e9s.jpg 700w, https:\/\/www.monblogdefille.com\/blog\/wp-content\/uploads\/2016\/06\/mes-solaires-min\u00e9raux-pr\u00e9f\u00e9r\u00e9s-300x218.jpg 300w\" sizes=\"auto, (max-width: 700px) 100vw, 700px\" \/><\/p>\n","protected":false},"author":3,"featured_media":159087,"comment_status":"open","ping_status":"open","sticky":false,"template":"","format":"standard","meta":{"footnotes":""},"categories":[1489,20158,19978],"tags":[19961],"class_list":["post-159084","post","type-post","status-publish","format-standard","has-post-thumbnail","hentry","category-le-soin","category-soin","category-videos","tag-soleil"],"_links":{"self":[{"href":"https:\/\/www.monblogdefille.com\/blog\/wp-json\/wp\/v2\/posts\/159084","targetHints":{"allow":["GET"]}}],"collection":[{"href":"https:\/\/www.monblogdefille.com\/blog\/wp-json\/wp\/v2\/posts"}],"about":[{"href":"https:\/\/www.monblogdefille.com\/blog\/wp-json\/wp\/v2\/types\/post"}],"author":[{"embeddable":true,"href":"https:\/\/www.monblogdefille.com\/blog\/wp-json\/wp\/v2\/users\/3"}],"replies":[{"embeddable":true,"href":"https:\/\/www.monblogdefille.com\/blog\/wp-json\/wp\/v2\/comments?post=159084"}],"version-history":[{"count":0,"href":"https:\/\/www.monblogdefille.com\/blog\/wp-json\/wp\/v2\/posts\/159084\/revisions"}],"wp:featuredmedia":[{"embeddable":true,"href":"https:\/\/www.monblogdefille.com\/blog\/wp-json\/wp\/v2\/media\/159087"}],"wp:attachment":[{"href":"https:\/\/www.monblogdefille.com\/blog\/wp-json\/wp\/v2\/media?parent=159084"}],"wp:term":[{"taxonomy":"category","embeddable":true,"href":"https:\/\/www.monblogdefille.com\/blog\/wp-json\/wp\/v2\/categories?post=159084"},{"taxonomy":"post_tag","embeddable":true,"href":"https:\/\/www.monblogdefille.com\/blog\/wp-json\/wp\/v2\/tags?post=159084"}],"curies":[{"name":"wp","href":"https:\/\/api.w.org\/{rel}","templated":true}]}}