{"id":159031,"date":"2016-05-23T09:00:11","date_gmt":"2016-05-23T07:00:11","guid":{"rendered":"http:\/\/www.monblogdefille.com\/blog\/?p=159031"},"modified":"2016-05-26T11:58:50","modified_gmt":"2016-05-26T09:58:50","slug":"eau-du-sud-ma-decouverte-du-mois","status":"publish","type":"post","link":"https:\/\/www.monblogdefille.com\/blog\/eau-du-sud-ma-decouverte-du-mois\/","title":{"rendered":"Eau du Sud, ma d\u00e9couverte du mois"},"content":{"rendered":"<p><img loading=\"lazy\" decoding=\"async\" class=\"aligncenter size-full wp-image-159032\" src=\"http:\/\/www.monblogdefille.com\/blog\/wp-content\/uploads\/2016\/05\/eau_du_sud_annick_goutal.jpg\" alt=\"eau_du_sud_annick_goutal\" width=\"700\" height=\"730\" srcset=\"https:\/\/www.monblogdefille.com\/blog\/wp-content\/uploads\/2016\/05\/eau_du_sud_annick_goutal.jpg 700w, https:\/\/www.monblogdefille.com\/blog\/wp-content\/uploads\/2016\/05\/eau_du_sud_annick_goutal-288x300.jpg 288w\" sizes=\"auto, (max-width: 700px) 100vw, 700px\" \/><br \/>\nVous savez que fais partie des addicts \u00e0 l&rsquo;Eau d&rsquo;Hadrien d&rsquo;Annick Goutal depuis des ann\u00e9es, et que mon autre parfum pr\u00e9f\u00e9r\u00e9 est Cristalle de Chanel.<\/p>\n<p>R\u00e9cemment j&rsquo;ai d\u00e9couvert l&rsquo;<a href=\"http:\/\/www.annickgoutal.com\/eau-du-sud-1257\" target=\"_blank\" rel=\"noopener\"><strong>Eau du Sud<\/strong><\/a> (Goutal toujours) qui a \u00e9t\u00e9 une sorte de r\u00e9v\u00e9lation parce qu&rsquo;il est (pour moi en tout cas &#8211; et sur ma peau) PILE \u00e0 la jonction entre les deux autres, une sorte de rencontre parfaite : il a les senteurs citronn\u00e9es de l&rsquo;Eau d&rsquo;Hadrien, avec la verdeur et la fra\u00eecheur de Cristalle en plus. Ses notes dominantes \u00e9tant le citron, la verveine et le basilic, tout \u00e7a tient debout.<\/p>\n<p>Ce qui est \u00e9tonnant c&rsquo;est qu&rsquo;il m&rsquo;arrive de porter ensemble Cristalle et l&rsquo;Eau d&rsquo;Hadrien, justement pour obtenir ce \u00ab\u00a0citron avec plus de fra\u00eecheur\u00a0\u00bb. J&rsquo;ai trouv\u00e9 g\u00e9nial que ce r\u00e9sultat existe d\u00e9j\u00e0 tout fait !<\/p>\n<p>Du coup je ne porte quasiment que lui ces temps-ci et vous le retrouverez s\u00fbrement dans mes favoris du mois ;-)<\/p>\n<p>PS : j&rsquo;ai demand\u00e9 le flacon \u00ab\u00a0masculin\u00a0\u00bb : comme tous les parfums mixtes de la maison Goutal, il a deux flacons, un que je trouve chichiteux <a href=\"http:\/\/www.annickgoutal.com\/eau-du-sud\" target=\"_blank\" rel=\"noopener\"><strong>pour les filles<\/strong><\/a>, et un normal classe <a href=\"http:\/\/www.annickgoutal.com\/eau-du-sud-1257\" target=\"_blank\" rel=\"noopener\"><strong>pour les mecs<\/strong><\/a>.<\/p>\n","protected":false},"excerpt":{"rendered":"<p><img loading=\"lazy\" decoding=\"async\" class=\"aligncenter size-full wp-image-159032\" src=\"http:\/\/www.monblogdefille.com\/blog\/wp-content\/uploads\/2016\/05\/eau_du_sud_annick_goutal.jpg\" alt=\"eau_du_sud_annick_goutal\" width=\"700\" height=\"730\" srcset=\"https:\/\/www.monblogdefille.com\/blog\/wp-content\/uploads\/2016\/05\/eau_du_sud_annick_goutal.jpg 700w, https:\/\/www.monblogdefille.com\/blog\/wp-content\/uploads\/2016\/05\/eau_du_sud_annick_goutal-288x300.jpg 288w\" sizes=\"auto, (max-width: 700px) 100vw, 700px\" \/><\/p>\n","protected":false},"author":3,"featured_media":159032,"comment_status":"open","ping_status":"open","sticky":false,"template":"","format":"standard","meta":{"footnotes":""},"categories":[20099],"tags":[20100],"class_list":["post-159031","post","type-post","status-publish","format-standard","has-post-thumbnail","hentry","category-parfum","tag-parfum"],"_links":{"self":[{"href":"https:\/\/www.monblogdefille.com\/blog\/wp-json\/wp\/v2\/posts\/159031","targetHints":{"allow":["GET"]}}],"collection":[{"href":"https:\/\/www.monblogdefille.com\/blog\/wp-json\/wp\/v2\/posts"}],"about":[{"href":"https:\/\/www.monblogdefille.com\/blog\/wp-json\/wp\/v2\/types\/post"}],"author":[{"embeddable":true,"href":"https:\/\/www.monblogdefille.com\/blog\/wp-json\/wp\/v2\/users\/3"}],"replies":[{"embeddable":true,"href":"https:\/\/www.monblogdefille.com\/blog\/wp-json\/wp\/v2\/comments?post=159031"}],"version-history":[{"count":0,"href":"https:\/\/www.monblogdefille.com\/blog\/wp-json\/wp\/v2\/posts\/159031\/revisions"}],"wp:featuredmedia":[{"embeddable":true,"href":"https:\/\/www.monblogdefille.com\/blog\/wp-json\/wp\/v2\/media\/159032"}],"wp:attachment":[{"href":"https:\/\/www.monblogdefille.com\/blog\/wp-json\/wp\/v2\/media?parent=159031"}],"wp:term":[{"taxonomy":"category","embeddable":true,"href":"https:\/\/www.monblogdefille.com\/blog\/wp-json\/wp\/v2\/categories?post=159031"},{"taxonomy":"post_tag","embeddable":true,"href":"https:\/\/www.monblogdefille.com\/blog\/wp-json\/wp\/v2\/tags?post=159031"}],"curies":[{"name":"wp","href":"https:\/\/api.w.org\/{rel}","templated":true}]}}