{"id":158829,"date":"2016-04-24T09:30:10","date_gmt":"2016-04-24T07:30:10","guid":{"rendered":"http:\/\/www.monblogdefille.com\/blog\/?p=158829"},"modified":"2016-10-27T17:16:36","modified_gmt":"2016-10-27T15:16:36","slug":"darphin-et-les-peaux-sensibles","status":"publish","type":"post","link":"https:\/\/www.monblogdefille.com\/blog\/darphin-et-les-peaux-sensibles\/","title":{"rendered":"Darphin et les peaux sensibles"},"content":{"rendered":"<p><iframe loading=\"lazy\" src=\"https:\/\/www.youtube.com\/embed\/CqR6nBsQXzU\" width=\"1000\" height=\"563\" frameborder=\"0\" allowfullscreen=\"allowfullscreen\"><\/iframe><\/p>\n<p style=\"text-align: center;\"><strong><em>Mon ordonnance beaut\u00e9 personnalis\u00e9e<br \/>\n<\/em><\/strong><\/p>\n<p style=\"text-align: center;\"><strong><em>*** Matin ***<br \/>\n<\/em><\/strong><\/p>\n<p style=\"text-align: center;\"><strong><a href=\"http:\/\/tinyurl.com\/jnnxgtf\" target=\"_blank\" rel=\"noopener\">EXQUIS\u00c2GE S\u00e9rum r\u00e9v\u00e9lateur de Beaut\u00e9<\/a>\u00a0<\/strong><\/p>\n<p style=\"text-align: center;\"><strong><a href=\"http:\/\/tinyurl.com\/h6kqt2p\" target=\"_blank\" rel=\"noopener\">EXQUIS\u00c2GE Cr\u00e8me r\u00e9v\u00e9latrice de Beaut\u00e9<\/a>\u00a0<\/strong><\/p>\n<p style=\"text-align: center;\"><strong><a href=\"http:\/\/tinyurl.com\/hdnrh8k\" target=\"_blank\" rel=\"noopener\">S\u00e9rum anti-poches anti-cernes contour des yeux<\/a>\u00a0<\/strong><\/p>\n<p style=\"text-align: center;\"><strong><a href=\"http:\/\/tinyurl.com\/gn5ktww\" target=\"_blank\" rel=\"noopener\">STIMULSKIN PLUS Cr\u00e8me divine yeux<\/a>\u00a0<\/strong><\/p>\n<p style=\"text-align: center;\"><strong><em>*** Soir ***<br \/>\n<\/em><\/strong><\/p>\n<p style=\"text-align: center;\"><strong><a href=\"http:\/\/tinyurl.com\/jmp439b\" target=\"_blank\" rel=\"noopener\">FIBROGENE S\u00e9rum Nourrissant anti-rides<\/a>\u00a0<\/strong><\/p>\n<p style=\"text-align: center;\"><strong><a href=\"http:\/\/tinyurl.com\/j69rut5\" target=\"_blank\" rel=\"noopener\">ELIXIR Soin d&rsquo;ar\u00f4me \u00e0 la Camomille<\/a>\u00a0<\/strong><\/p>\n<p style=\"text-align: center;\"><strong>ou <a href=\"http:\/\/tinyurl.com\/j6paz96\" target=\"_blank\" rel=\"noopener\">ELIXIR Soin d&rsquo;ar\u00f4me \u00e0 la Rose<\/a>\u00a0<\/strong><\/p>\n<p style=\"text-align: center;\"><strong><a href=\"http:\/\/tinyurl.com\/hd6gbq4\" target=\"_blank\" rel=\"noopener\">FIBROGENE Cr\u00e8me Nourrissante anti-\u00e2ge<\/a>\u00a0<\/strong><\/p>\n<p style=\"text-align: center;\"><strong><a href=\"http:\/\/tinyurl.com\/hdnrh8k\" target=\"_blank\" rel=\"noopener\">S\u00e9rum anti-poches anti-cernes contour des yeux<\/a>\u00a0<\/strong><\/p>\n<p style=\"text-align: center;\"><strong><a href=\"http:\/\/tinyurl.com\/gn5ktww\" target=\"_blank\" rel=\"noopener\">STIMULSKIN PLUS Cr\u00e8me divine yeux<\/a>\u00a0<\/strong><\/p>\n<p style=\"text-align: center;\"><strong><em>*** Soins ponctuels ***<br \/>\n<\/em><\/strong><\/p>\n<p style=\"text-align: center;\"><strong><a href=\"http:\/\/tinyurl.com\/jmp79jo\" target=\"_blank\" rel=\"noopener\">Baume nettoyant aromatique au bois de rose<\/a>\u00a0<\/strong><\/p>\n<p style=\"text-align: center;\"><strong><a href=\"http:\/\/tinyurl.com\/he66g9p\" target=\"_blank\" rel=\"noopener\">Aroma peeling doux \u00e0 l&rsquo;huile essentielle de citron<\/a>\u00a0<\/strong><\/p>\n<p style=\"text-align: center;\"><strong><a href=\"http:\/\/tinyurl.com\/jjx8stm\" target=\"_blank\" rel=\"noopener\">Masque hydratant au kiwi<\/a>\u00a0<\/strong><\/p>\n<p style=\"text-align: center;\"><strong><a href=\"http:\/\/tinyurl.com\/zrkvaa9\" target=\"_blank\" rel=\"noopener\">Masque \u00e9clat jeunesse au Cam\u00e9lia<\/a>\u00a0<\/strong><\/p>\n<p style=\"text-align: center;\"><strong><a href=\"http:\/\/tinyurl.com\/zy6mjed\" target=\"_blank\" rel=\"noopener\">Baume r\u00e9novateur aromatique<\/a>\u00a0<\/strong><\/p>\n<p>L&rsquo;une d&rsquo;entre vous pourra donc gagner <strong>une routine compl\u00e8te visage<\/strong> ! Pour participer, allez sur <strong><a href=\"http:\/\/www.darphin.fr\/\" target=\"_blank\" rel=\"noopener\">le site de Darphin<\/a><\/strong>, baladez-vous au milieu des produits et revenez me dire en commentaire ceux qui, \u00e0 votre avis, seraient adapt\u00e9s \u00e0 votre peau.<\/p>\n<p>Le concours est ouvert jusqu&rsquo;au <strong>vendredi 29 avril \u00e0 18h<\/strong>. Il est r\u00e9serv\u00e9 \u00e0 la <strong>France m\u00e9tropolitaine<\/strong>.<\/p>\n<p><strong><a href=\"http:\/\/www.darphin.fr\/about\/institute.tmpl\" target=\"_blank\" rel=\"noopener\">Institut Darphin<\/a><\/strong><br \/>\n350 rue Saint Honor\u00e9<br \/>\n75001 Paris<br \/>\n01 47 03 17 70<br \/>\nM\u00e9tro Tuileries<\/p>\n<p>Je porte un pull H&amp;M, mes bagues habituelles et le vernis Maybelline Color Show Sugar Crystals.<\/p>\n<p><em>Vid\u00e9o r\u00e9alis\u00e9e en partenariat avec Darphin.<\/em><\/p>\n","protected":false},"excerpt":{"rendered":"<p><img loading=\"lazy\" decoding=\"async\" class=\"aligncenter size-full wp-image-158830\" src=\"http:\/\/www.monblogdefille.com\/blog\/wp-content\/uploads\/2016\/04\/darphin-peaux_sensibles.jpg\" alt=\"darphin-peaux_sensibles\" width=\"700\" height=\"481\" srcset=\"https:\/\/www.monblogdefille.com\/blog\/wp-content\/uploads\/2016\/04\/darphin-peaux_sensibles.jpg 700w, https:\/\/www.monblogdefille.com\/blog\/wp-content\/uploads\/2016\/04\/darphin-peaux_sensibles-300x206.jpg 300w\" sizes=\"auto, (max-width: 700px) 100vw, 700px\" \/><\/p>\n","protected":false},"author":3,"featured_media":158830,"comment_status":"open","ping_status":"open","sticky":false,"template":"","format":"standard","meta":{"footnotes":""},"categories":[20028,1489,20158,20016,19978],"tags":[20168,20188,20089,20017],"class_list":["post-158829","post","type-post","status-publish","format-standard","has-post-thumbnail","hentry","category-en-ce-moment-ma-peau-carbure-a-ca","category-le-soin","category-soin","category-spas-hammams-instituts","category-videos","tag-anti-age","tag-darphin","tag-hydratation","tag-instituts-hammams-et-spas"],"_links":{"self":[{"href":"https:\/\/www.monblogdefille.com\/blog\/wp-json\/wp\/v2\/posts\/158829","targetHints":{"allow":["GET"]}}],"collection":[{"href":"https:\/\/www.monblogdefille.com\/blog\/wp-json\/wp\/v2\/posts"}],"about":[{"href":"https:\/\/www.monblogdefille.com\/blog\/wp-json\/wp\/v2\/types\/post"}],"author":[{"embeddable":true,"href":"https:\/\/www.monblogdefille.com\/blog\/wp-json\/wp\/v2\/users\/3"}],"replies":[{"embeddable":true,"href":"https:\/\/www.monblogdefille.com\/blog\/wp-json\/wp\/v2\/comments?post=158829"}],"version-history":[{"count":0,"href":"https:\/\/www.monblogdefille.com\/blog\/wp-json\/wp\/v2\/posts\/158829\/revisions"}],"wp:featuredmedia":[{"embeddable":true,"href":"https:\/\/www.monblogdefille.com\/blog\/wp-json\/wp\/v2\/media\/158830"}],"wp:attachment":[{"href":"https:\/\/www.monblogdefille.com\/blog\/wp-json\/wp\/v2\/media?parent=158829"}],"wp:term":[{"taxonomy":"category","embeddable":true,"href":"https:\/\/www.monblogdefille.com\/blog\/wp-json\/wp\/v2\/categories?post=158829"},{"taxonomy":"post_tag","embeddable":true,"href":"https:\/\/www.monblogdefille.com\/blog\/wp-json\/wp\/v2\/tags?post=158829"}],"curies":[{"name":"wp","href":"https:\/\/api.w.org\/{rel}","templated":true}]}}