{"id":158821,"date":"2016-04-21T09:00:28","date_gmt":"2016-04-21T07:00:28","guid":{"rendered":"http:\/\/www.monblogdefille.com\/blog\/?p=158821"},"modified":"2016-04-25T08:50:38","modified_gmt":"2016-04-25T06:50:38","slug":"quels-produits-de-make-up-se-sont-le-plus-ameliores-depuis-que-vous-avez-commence-a-vous-maquiller","status":"publish","type":"post","link":"https:\/\/www.monblogdefille.com\/blog\/quels-produits-de-make-up-se-sont-le-plus-ameliores-depuis-que-vous-avez-commence-a-vous-maquiller\/","title":{"rendered":"Quels produits de make up se sont le plus am\u00e9lior\u00e9s depuis que vous avez commenc\u00e9 \u00e0 vous maquiller ?"},"content":{"rendered":"<p><img loading=\"lazy\" decoding=\"async\" class=\"aligncenter size-full wp-image-158822\" src=\"http:\/\/www.monblogdefille.com\/blog\/wp-content\/uploads\/2016\/04\/evolution_fonds_de_teint.jpg\" alt=\"evolution_fonds_de_teint\" width=\"700\" height=\"552\" srcset=\"https:\/\/www.monblogdefille.com\/blog\/wp-content\/uploads\/2016\/04\/evolution_fonds_de_teint.jpg 700w, https:\/\/www.monblogdefille.com\/blog\/wp-content\/uploads\/2016\/04\/evolution_fonds_de_teint-300x237.jpg 300w\" sizes=\"auto, (max-width: 700px) 100vw, 700px\" \/><\/p>\n<p>J&rsquo;aime bien cette <strong><a href=\"http:\/\/www.temptalia.com\/what-types-of-beauty-products-have-improved-the-most-since-you-started-wearing-makeup\" target=\"_blank\" rel=\"noopener\">question-Temptalia<\/a><\/strong>, j&rsquo;en parlais justement il y a peu avec des amis.<\/p>\n<p>Pour moi ce sont les produits teint, et avant tout le fond de teint. J&rsquo;ai l&rsquo;impression que c&rsquo;est ce qui a fait les progr\u00e8s les plus impressionnants depuis 10 ou 20 ans. On a aujourd&rsquo;hui des prouesses de textures et de rendus, et je pense que les gens qui disent \u00ab\u00a0je n&rsquo;aime pas le fond de teint, \u00e7a pl\u00e2tre le visage\u00a0\u00bb, n&rsquo;en ont pas essay\u00e9 depuis des ann\u00e9es ;-)<\/p>\n<p>C\u00f4t\u00e9 mascara et produits sourcils il y a de belles choses aussi, mais je crois vraiment que pour moi les avanc\u00e9es technologiques les plus significatives se trouvent dans le domaine du teint.<\/p>\n<p>Et pour vous ?<\/p>\n","protected":false},"excerpt":{"rendered":"<p><img loading=\"lazy\" decoding=\"async\" class=\"aligncenter size-full wp-image-158822\" src=\"http:\/\/www.monblogdefille.com\/blog\/wp-content\/uploads\/2016\/04\/evolution_fonds_de_teint.jpg\" alt=\"evolution_fonds_de_teint\" width=\"700\" height=\"552\" srcset=\"https:\/\/www.monblogdefille.com\/blog\/wp-content\/uploads\/2016\/04\/evolution_fonds_de_teint.jpg 700w, https:\/\/www.monblogdefille.com\/blog\/wp-content\/uploads\/2016\/04\/evolution_fonds_de_teint-300x237.jpg 300w\" sizes=\"auto, (max-width: 700px) 100vw, 700px\" \/><\/p>\n","protected":false},"author":3,"featured_media":158822,"comment_status":"open","ping_status":"open","sticky":false,"template":"","format":"standard","meta":{"footnotes":""},"categories":[1485],"tags":[20088],"class_list":["post-158821","post","type-post","status-publish","format-standard","has-post-thumbnail","hentry","category-le-maquillage","tag-fond-de-teint"],"_links":{"self":[{"href":"https:\/\/www.monblogdefille.com\/blog\/wp-json\/wp\/v2\/posts\/158821","targetHints":{"allow":["GET"]}}],"collection":[{"href":"https:\/\/www.monblogdefille.com\/blog\/wp-json\/wp\/v2\/posts"}],"about":[{"href":"https:\/\/www.monblogdefille.com\/blog\/wp-json\/wp\/v2\/types\/post"}],"author":[{"embeddable":true,"href":"https:\/\/www.monblogdefille.com\/blog\/wp-json\/wp\/v2\/users\/3"}],"replies":[{"embeddable":true,"href":"https:\/\/www.monblogdefille.com\/blog\/wp-json\/wp\/v2\/comments?post=158821"}],"version-history":[{"count":0,"href":"https:\/\/www.monblogdefille.com\/blog\/wp-json\/wp\/v2\/posts\/158821\/revisions"}],"wp:featuredmedia":[{"embeddable":true,"href":"https:\/\/www.monblogdefille.com\/blog\/wp-json\/wp\/v2\/media\/158822"}],"wp:attachment":[{"href":"https:\/\/www.monblogdefille.com\/blog\/wp-json\/wp\/v2\/media?parent=158821"}],"wp:term":[{"taxonomy":"category","embeddable":true,"href":"https:\/\/www.monblogdefille.com\/blog\/wp-json\/wp\/v2\/categories?post=158821"},{"taxonomy":"post_tag","embeddable":true,"href":"https:\/\/www.monblogdefille.com\/blog\/wp-json\/wp\/v2\/tags?post=158821"}],"curies":[{"name":"wp","href":"https:\/\/api.w.org\/{rel}","templated":true}]}}