{"id":158617,"date":"2016-03-24T09:00:41","date_gmt":"2016-03-24T08:00:41","guid":{"rendered":"http:\/\/www.monblogdefille.com\/blog\/?p=158617"},"modified":"2016-03-29T09:31:47","modified_gmt":"2016-03-29T07:31:47","slug":"trois-nouvelles-cremes-pour-les-mains","status":"publish","type":"post","link":"https:\/\/www.monblogdefille.com\/blog\/trois-nouvelles-cremes-pour-les-mains\/","title":{"rendered":"Trois nouvelles cr\u00e8mes pour les mains"},"content":{"rendered":"<p><img loading=\"lazy\" decoding=\"async\" class=\"aligncenter size-full wp-image-158621\" src=\"http:\/\/www.monblogdefille.com\/blog\/wp-content\/uploads\/2016\/03\/cr\u00e8mes_mains-1.jpg\" alt=\"cr\u00e8mes_mains\" width=\"700\" height=\"622\" srcset=\"https:\/\/www.monblogdefille.com\/blog\/wp-content\/uploads\/2016\/03\/cr\u00e8mes_mains-1.jpg 700w, https:\/\/www.monblogdefille.com\/blog\/wp-content\/uploads\/2016\/03\/cr\u00e8mes_mains-1-300x267.jpg 300w\" sizes=\"auto, (max-width: 700px) 100vw, 700px\" \/><br \/>\nVous savez que je soigne mes mains presqu&rsquo;autant que mon visage (pour \u00e9viter d&rsquo;avoir un jour 20 ans d&rsquo;\u00e9cart visuels entre les deux, au secours), et \u00e7a passe par du cr\u00e9mage r\u00e9gulier.<\/p>\n<p>J&rsquo;ai d\u00e9couvert r\u00e9cemment ces trois cr\u00e8mes dont je suis tr\u00e8s contente pour diverses raisons (l&rsquo;une d&rsquo;entre elles \u00e9tant que ce sont de parfaits tubes de sac because 30 ml) (elles ne sont pas toutes nouvelles dans le commerce, mais elles le sont pour moi) :<\/p>\n<p>&#8211; le <strong><a href=\"http:\/\/tinyurl.com\/glplojf\" target=\"_blank\" rel=\"noopener\">Baume mains &amp; ongles Bienfaits de Roger &amp; Gallet<\/a><\/strong> : j&rsquo;adore l&rsquo;odeur de la gamme Bienfaits, bas\u00e9e sur les agrumes (orange sanguine, bergamote, citron, mandarine&#8230;) ! Cette cr\u00e8me pour les mains est suffisamment riche pour, si on en met pas mal, pouvoir masser ses cuticules le soir. Elle n&rsquo;est pas tout \u00e0 fait aussi riche que la cr\u00e8me au chanvre, mais maintenant c&rsquo;est elle que j&#8217;emporte si je me d\u00e9place parce que c&rsquo;est un bon substitut. Et s&rsquo;endormir avec cette odeur pr\u00e8s de soi, c&rsquo;est tellement d\u00e9licieux !<\/p>\n<p>&#8211; la <strong>Cr\u00e8me Jeunesse des Mains de Clarins<\/strong> <strong>en \u00e9dition limit\u00e9e parfum\u00e9e \u00e0 la feuille de th\u00e9 blanc<\/strong> (sortie imminente) : on ne pr\u00e9sente plus la <a href=\"http:\/\/tidd.ly\/54950f43\" target=\"_blank\" rel=\"noopener\"><strong>Cr\u00e8me Jeunesse des Mains<\/strong><\/a>, grand classique de Clarins, tr\u00e8s agr\u00e9able et parfaite pour la journ\u00e9e parce que ni grasse ni collante tout en nourrissant bien. Celle-ci fait partie d&rsquo;une \u00e9dition limit\u00e9e avec deux autres parfums (feuille de figuier et feuille d&rsquo;oranger), l&rsquo;odeur est d\u00e9licate comme j&rsquo;aime, le tube est costaud et donc super transportable.<\/p>\n<p>&#8211; la <strong><a href=\"http:\/\/tinyurl.com\/gwk3xnf\" target=\"_blank\" rel=\"noopener\">Cr\u00e8me Mains Verveine Fra\u00eeche de Durance<\/a><\/strong> est la plus l\u00e9g\u00e8re des trois : p\u00e9n\u00e9tration quasi instantan\u00e9e (id\u00e9ale pour la journ\u00e9e), et son parfum est lui aussi d\u00e9licieux si on aime la verveine et son c\u00f4t\u00e9 citronn\u00e9 et vif (moi j&rsquo;adore !). Le tube est en r\u00e9alit\u00e9 en plastique, donc lui aussi peut-\u00eatre mis dans un sac \u00e0 main sans risque de se percer.<\/p>\n<p>Voil\u00e0, vous n&rsquo;avez plus d&rsquo;excuse pour maltraiter vos mains ! ;-)<\/p>\n","protected":false},"excerpt":{"rendered":"<p><img loading=\"lazy\" decoding=\"async\" class=\"aligncenter size-full wp-image-158621\" src=\"http:\/\/www.monblogdefille.com\/blog\/wp-content\/uploads\/2016\/03\/cr\u00e8mes_mains-1.jpg\" alt=\"cr\u00e8mes_mains\" width=\"700\" height=\"622\" srcset=\"https:\/\/www.monblogdefille.com\/blog\/wp-content\/uploads\/2016\/03\/cr\u00e8mes_mains-1.jpg 700w, https:\/\/www.monblogdefille.com\/blog\/wp-content\/uploads\/2016\/03\/cr\u00e8mes_mains-1-300x267.jpg 300w\" sizes=\"auto, (max-width: 700px) 100vw, 700px\" \/><\/p>\n","protected":false},"author":3,"featured_media":158621,"comment_status":"open","ping_status":"open","sticky":false,"template":"","format":"standard","meta":{"footnotes":""},"categories":[1489],"tags":[20089],"class_list":["post-158617","post","type-post","status-publish","format-standard","has-post-thumbnail","hentry","category-le-soin","tag-hydratation"],"_links":{"self":[{"href":"https:\/\/www.monblogdefille.com\/blog\/wp-json\/wp\/v2\/posts\/158617","targetHints":{"allow":["GET"]}}],"collection":[{"href":"https:\/\/www.monblogdefille.com\/blog\/wp-json\/wp\/v2\/posts"}],"about":[{"href":"https:\/\/www.monblogdefille.com\/blog\/wp-json\/wp\/v2\/types\/post"}],"author":[{"embeddable":true,"href":"https:\/\/www.monblogdefille.com\/blog\/wp-json\/wp\/v2\/users\/3"}],"replies":[{"embeddable":true,"href":"https:\/\/www.monblogdefille.com\/blog\/wp-json\/wp\/v2\/comments?post=158617"}],"version-history":[{"count":0,"href":"https:\/\/www.monblogdefille.com\/blog\/wp-json\/wp\/v2\/posts\/158617\/revisions"}],"wp:featuredmedia":[{"embeddable":true,"href":"https:\/\/www.monblogdefille.com\/blog\/wp-json\/wp\/v2\/media\/158621"}],"wp:attachment":[{"href":"https:\/\/www.monblogdefille.com\/blog\/wp-json\/wp\/v2\/media?parent=158617"}],"wp:term":[{"taxonomy":"category","embeddable":true,"href":"https:\/\/www.monblogdefille.com\/blog\/wp-json\/wp\/v2\/categories?post=158617"},{"taxonomy":"post_tag","embeddable":true,"href":"https:\/\/www.monblogdefille.com\/blog\/wp-json\/wp\/v2\/tags?post=158617"}],"curies":[{"name":"wp","href":"https:\/\/api.w.org\/{rel}","templated":true}]}}